{"id":329768,"date":"2026-01-08T14:53:08","date_gmt":"2026-01-08T14:53:08","guid":{"rendered":"https:\/\/www.europesays.com\/es\/329768\/"},"modified":"2026-01-08T14:53:08","modified_gmt":"2026-01-08T14:53:08","slug":"amrabat-sigue-con-problemas-de-tobillo-tiene-dolor-y-no-esta-al-cien-por-cien","status":"publish","type":"post","link":"https:\/\/www.europesays.com\/es\/329768\/","title":{"rendered":"\u00abAmrabat sigue con problemas de tobillo, tiene dolor y no est\u00e1 al cien por cien\u00bb"},"content":{"rendered":"<p>08\/01\/2026<br \/>\n<br \/><strong><br \/>\nActualizado a las 13:03h.<br \/>\n<\/strong><\/p>\n<p class=\"voc-p\" style=\"\">Sofyan <strong>Amrabat<\/strong> sigue sin entrenarse con Marruecos y tiene muy dif\u00edcil su concurso este viernes en el duelo de cuartos de final que enfrentar\u00e1 a la selecci\u00f3n marroqu\u00ed ante Camer\u00fan en la Copa de \u00c1frica. En el <strong>Betis<\/strong> est\u00e1n muy pendientes de su  &#8230; situaci\u00f3n dado que la lesi\u00f3n de tobillo que sufri\u00f3 en la desafortunada jugada con Isco sigue gener\u00e1ndole molestias y despu\u00e9s de esa acci\u00f3n el pasado 27 de noviembre no ha podido jugar ning\u00fan partido con los verdiblancos y s\u00f3lo los dos primeros en la Copa de \u00c1frica pero se perdi\u00f3 los m\u00e1s recientes por esta lesi\u00f3n.<\/p>\n<p class=\"voc-p\" style=\"\">Este jueves ha atendido Walid Regragui, seleccionador de Marruecos, a los medios de comunicaci\u00f3n en la previa del choque ante Camer\u00fan y ha hablado de la situaci\u00f3n del mediocentro b\u00e9tico.<\/p>\n<p class=\"voc-p\" style=\"\">\u00abSofyan Amrabat sigue con problemas de tobillo; pens\u00e1bamos que volver\u00eda tras su lesi\u00f3n contra el Betis, pero no est\u00e1 al cien por cien. Tiene dolor y estamos haciendo todo lo posible para que est\u00e9 al cien por cien. Ya veremos si puede jugar o no al final del partido\u00bb, afirmaba Regragui.<\/p>\n<p class=\"voc-p\" style=\"\">Si Marruecos se clasifica para semifinales, Abde y Amrabat se perder\u00e1n seguro el duelo copero ante el Elche y el liguero ante el Villarreal del pr\u00f3ximo 17 de enero en la Cartuja. Si es eliminada s\u00ed podr\u00e1n estar para esos encuentros a las \u00f3rdenes de Manuel Pellegrini, aunque en el caso del pivote depender\u00e1 de su estado f\u00edsico.<\/p>\n<p>\nArt\u00edculo solo para suscriptores\n<\/p>\n<p>Reportar un error<\/p>\n","protected":false},"excerpt":{"rendered":"08\/01\/2026 Actualizado a las 13:03h. Sofyan Amrabat sigue sin entrenarse con Marruecos y tiene muy dif\u00edcil su concurso&hellip;\n","protected":false},"author":2,"featured_media":329769,"comment_status":"","ping_status":"","sticky":false,"template":"","format":"standard","meta":{"footnotes":""},"categories":[268],"tags":[32527,32339,168,7752,25,24,280,282,11781,76068,1262,281,23,167,25610],"class_list":{"0":"post-329768","1":"post","2":"type-post","3":"status-publish","4":"format-standard","5":"has-post-thumbnail","7":"category-futbol","8":"tag-amrabat","9":"tag-cien","10":"tag-deportes","11":"tag-dolor","12":"tag-es","13":"tag-espana","14":"tag-football","15":"tag-futbol","16":"tag-problemas","17":"tag-regragui","18":"tag-sigue","19":"tag-soccer","20":"tag-spain","21":"tag-sports","22":"tag-tobillo"},"share_on_mastodon":{"url":"https:\/\/pubeurope.com\/@es\/115860052786741753","error":""},"_links":{"self":[{"href":"https:\/\/www.europesays.com\/es\/wp-json\/wp\/v2\/posts\/329768","targetHints":{"allow":["GET"]}}],"collection":[{"href":"https:\/\/www.europesays.com\/es\/wp-json\/wp\/v2\/posts"}],"about":[{"href":"https:\/\/www.europesays.com\/es\/wp-json\/wp\/v2\/types\/post"}],"author":[{"embeddable":true,"href":"https:\/\/www.europesays.com\/es\/wp-json\/wp\/v2\/users\/2"}],"replies":[{"embeddable":true,"href":"https:\/\/www.europesays.com\/es\/wp-json\/wp\/v2\/comments?post=329768"}],"version-history":[{"count":0,"href":"https:\/\/www.europesays.com\/es\/wp-json\/wp\/v2\/posts\/329768\/revisions"}],"wp:featuredmedia":[{"embeddable":true,"href":"https:\/\/www.europesays.com\/es\/wp-json\/wp\/v2\/media\/329769"}],"wp:attachment":[{"href":"https:\/\/www.europesays.com\/es\/wp-json\/wp\/v2\/media?parent=329768"}],"wp:term":[{"taxonomy":"category","embeddable":true,"href":"https:\/\/www.europesays.com\/es\/wp-json\/wp\/v2\/categories?post=329768"},{"taxonomy":"post_tag","embeddable":true,"href":"https:\/\/www.europesays.com\/es\/wp-json\/wp\/v2\/tags?post=329768"}],"curies":[{"name":"wp","href":"https:\/\/api.w.org\/{rel}","templated":true}]}}