{"id":329770,"date":"2026-01-08T14:54:10","date_gmt":"2026-01-08T14:54:10","guid":{"rendered":"https:\/\/www.europesays.com\/es\/329770\/"},"modified":"2026-01-08T14:54:10","modified_gmt":"2026-01-08T14:54:10","slug":"asi-ha-afectado-a-su-cuerpo-y-su-piel-segun-las-expertas","status":"publish","type":"post","link":"https:\/\/www.europesays.com\/es\/329770\/","title":{"rendered":"as\u00ed ha afectado a su cuerpo y su piel seg\u00fan las expertas"},"content":{"rendered":"<p id=\"edF0Em0cabV\" data-wc=\"69\">A sus 46 a\u00f1os, <strong>Kate Hudson podr\u00eda haber participado en uno de los rodajes m\u00e1s divertidos<\/strong> de su carrera.<strong>\u00a0La pel\u00edcula que acaba de estrenar se llama\u00a0<\/strong><strong>Song Sung Blue<\/strong>, la coprotagoniza <a class=\"hm-link ho-link\" href=\"https:\/\/www.hola.com\/actualidad\/20251203871018\/hugh-jackman-y-kate-hudson-cantando-en-nueva-york-bar\/\" data-mrf-recirculation=\"article-body-link\" rel=\"nofollow noopener\" target=\"_blank\">con Hugh Jackman<\/a> y <strong>se estren\u00f3 el d\u00eda de Navidad<\/strong>. Basada en una historia real, narra la vida de dos m\u00fasicos de poca fortuna que se lanzan con ilusi\u00f3n a formar una banda tributo a Neil Diamond.<\/p>\n<p> <img src=\"https:\/\/www.europesays.com\/es\/wp-content\/uploads\/2026\/01\/ea4848b2d46a-gettyimages-2251578322.jpg\"   width=\"1080\" height=\"1800\" loading=\"lazy\" decoding=\"async\" alt=\"Kate Hudson en el estreno de Son Sung Blue en Nueva York en diciembre de 2025\" fetchpriority=\"auto\" class=\"image ho-image\"\/>\u00a9 Getty Images<\/p>\n<p id=\"eJvjcow_ZW\" data-wc=\"52\">En plena promoci\u00f3n del filme, <strong>Kate Hudson ha revelado a la prensa estadounidense que rodar el largo fue divertido\u00a0<\/strong>porque no tuvo que cuidar su alimentaci\u00f3n. La int\u00e9rprete <strong>ha contado que subi\u00f3 casi siete kilos durante las fiestas<\/strong>. La pel\u00edcula se rod\u00f3 entre enero y noviembre de 2025. \u00abFue perfecto\u00bb, ha dicho.\u00a0<\/p>\n<p>  <img src=\"https:\/\/www.europesays.com\/es\/wp-content\/uploads\/2026\/01\/fbc444558db1-kate-hudson-song-sung-blue.jpg\"   width=\"1080\" height=\"1800\" loading=\"lazy\" decoding=\"async\" alt=\"Media Image\" fetchpriority=\"auto\" class=\"image ho-image\"\/>\u00a9 Youtube<\/p>\n<p>  <img src=\"https:\/\/www.europesays.com\/es\/wp-content\/uploads\/2026\/01\/9d3f0ff70836-gettyimages-2254546957.jpg\"   width=\"1080\" height=\"1800\" loading=\"lazy\" decoding=\"async\" alt=\"Kate Hudson en los premios Palm Springs en California en 2026\" fetchpriority=\"auto\" class=\"image ho-image\"\/>\u00a9 Getty Images<\/p>\n<p id=\"eFZ5ZUxbnoK\" data-wc=\"60\">Hudson asegura que lo \u00fanico que tuvo que hacer fue \u00abdejarse llevar\u00bb e interrumpir sus h\u00e1bitos fitness. Adem\u00e1s, <strong>ha declarado que abandon\u00f3 sus rutinas de skincare\u00a0y cuidado de la piel<\/strong>. \u00abSimplemente <strong>me dej\u00e9 llevar y disfrut\u00e9 de la vida<\/strong>\u00ab, ha dicho. \u00abAunque tambi\u00e9n disfruto de la vida cuando soy disciplinada y hago ejercicio, no voy a mentir\u00bb, ha expresado.<\/p>\n<p id=\"e8EBOqMLUg\" data-wc=\"59\">Hemos querido saber <strong>qu\u00e9 repercusi\u00f3n tiene esto para el cuerpo, la piel y el metabolismo y nos hemos puesto en contacto con dos expertas<\/strong>: Paloma Quintana Oca\u00f1a, nutricionista integrativa y deportiva con m\u00e1s de 11 a\u00f1os de experiencia, conocida en redes como nutricionconq; y la doctora Lidia Maro\u00f1as, dermat\u00f3loga especialista en medicina est\u00e9tica y fundadora de la cl\u00ednica Oneskinmed.<\/p>\n<p> <img src=\"https:\/\/www.europesays.com\/es\/wp-content\/uploads\/2026\/01\/771a586b741c-gettyimages-2247057749.jpg\"   width=\"769\" height=\"1024\" loading=\"lazy\" decoding=\"async\" alt=\"Kate Hudson en los Governor Awards\" fetchpriority=\"auto\" class=\"image ho-image\"\/>\u00a9 Getty Images<br \/>\nLa opini\u00f3n de la nutricionista Paloma Quintana<\/p>\n<p id=\"e3sUWACqOI\" data-wc=\"56\">A Paloma Quintana lo que le parece ante todo rese\u00f1able de<strong>\u00a0la ganancia de peso de Kate Hudson por exigencias del guion<\/strong> es el hecho de que ella asegure que solo ha tenido que dejarse llevar para alcanzar su objetivo. \u00abEs una muestra de que <a class=\"hm-link ho-link\" href=\"https:\/\/www.hola.com\/estar-bien\/20210831195242\/razones-engordar-sin-motivo-aparente\/\" data-mrf-recirculation=\"article-body-link\" rel=\"nofollow noopener\" target=\"_blank\">los h\u00e1bitos que son normales para la poblaci\u00f3n general hacen engordar<\/a>\u00ab.\u00a0<\/p>\n<p id=\"e1bGX-oT81\" data-wc=\"94\">Para ella es interesante adem\u00e1s pararse a <strong>pensar en el da\u00f1o que puede hacer a los tejidos y el metabolismo subir de peso solo durante las fiestas<\/strong> y no de manera paulatina. \u00abSi esa ganancia de peso se ha producido por malos h\u00e1bitos esto puede conducir a una inflamaci\u00f3n cr\u00f3nica de bajo grado. Ya no es solo la grasa que acumulas sino que adem\u00e1s pueden aparecer otras enfermedades\u00bb, explica. \u00ab<strong>No es una mera cuesti\u00f3n est\u00e9tica<\/strong>\u00ab, recalca. Y nos dice que el cansancio, <a class=\"hm-link ho-link\" href=\"https:\/\/www.hola.com\/estar-bien\/20220125203249\/senales-indican-estas-comiendo-mal\/\" data-mrf-recirculation=\"article-body-link\" rel=\"nofollow noopener\" target=\"_blank\">los dolores de cabeza y la apat\u00eda pueden ser algunas consecuencias directas<\/a>.<\/p>\n<p> <img src=\"https:\/\/www.europesays.com\/es\/wp-content\/uploads\/2026\/01\/20d19bb603a6-kate-hudson-vestido-amarillo.jpg\"   width=\"1080\" height=\"1800\" loading=\"lazy\" decoding=\"async\" alt=\"Kate Hudson con vestido amarillo\" fetchpriority=\"auto\" class=\"image ho-image\"\/>\u00a9 Getty Images<\/p>\n<p id=\"e8c62bJHVD\" data-wc=\"58\">Para Paloma,<strong>\u00a0lo m\u00e1s correcto hubiera sido subir de peso subiendo la ingesta pero sin dejar de hacer deporte<\/strong>. \u00a0\u00abEs mejor ganar peso haciendo ejercicio y comiendo un poco m\u00e1s que dejando la actividad f\u00edsica, eso siempre va a ser negativo. Es mejor que el cuerpo responda ganando grasa y masa muscular, y no solo lo primero\u00bb, explica.<\/p>\n<p> <img src=\"https:\/\/www.europesays.com\/es\/wp-content\/uploads\/2026\/01\/92e0bede46ae-gettyimages-2254556415.jpg\"   width=\"1080\" height=\"1800\" loading=\"lazy\" decoding=\"async\" alt=\"Kate Hudson en los premios Palm Springs en California en 2026\" fetchpriority=\"auto\" class=\"image ho-image\"\/>\u00a9 Getty Images<br \/>\nLa opini\u00f3n de la dermat\u00f3loga Lidia Maro\u00f1as<\/p>\n<p id=\"ep5jo5bRZR\" data-wc=\"50\">\u00abUn aumento de peso moderado, como los casi siete kilos de Hudson, junto con el abandono de las rutinas de cuidado facial <strong>puede reflejarse en la piel de forma bastante visible<\/strong>\u00ab, nos dice por su lado la doctora Maro\u00f1as. Entre los efectos que esto puede tener seg\u00fan la dermat\u00f3loga destacan:<\/p>\n<ul data-wc=\"28\" id=\"ul-5bo4mk5khrxn\">\n<li>La piel puede verse m\u00e1s apagada<\/li>\n<li><a class=\"hm-link ho-link\" href=\"https:\/\/www.hola.com\/estar-bien\/20221201222097\/poros-dilatados-como-reducirlos\/\" data-mrf-recirculation=\"article-body-link\" rel=\"nofollow noopener\" target=\"_blank\">Los poros m\u00e1s marcados<\/a><\/li>\n<li>Mayor tendencia a inflamaci\u00f3n<\/li>\n<li>\u00a0Aparici\u00f3n o empeoramiento de brotes de acn\u00e9, ros\u00e1cea o patolog\u00edas inflamatorias, especialmente si se descuida la alimentaci\u00f3n<\/li>\n<\/ul>\n<p> <img src=\"https:\/\/www.europesays.com\/es\/wp-content\/uploads\/2026\/01\/4e68b6cbb03f-gettyimages-2254685944.jpg\"   width=\"1080\" height=\"1800\" loading=\"lazy\" decoding=\"async\" alt=\"Kate Hudson en los premios Critics Choice en enero de 2026\" fetchpriority=\"auto\" class=\"image ho-image\"\/>\u00a9 Getty Images<\/p>\n<p id=\"ehlhTY-a0g\" data-wc=\"74\">A pesar de esto, la doctora Maro\u00f1as confirma que <strong>\u00abno se trata de un da\u00f1o irreversible\u00bb<\/strong>. De hecho, asegura que \u00abcomparativamente es peor para la piel una p\u00e9rdida llamativa de peso en poco tiempo\u00bb. Explica que es \u00abuna respuesta l\u00f3gica de la piel a cambios hormonales, metab\u00f3licos y de h\u00e1bitos\u00bb. <strong>\u00abCuando el autocuidado se pausa, la piel lo nota\u00bb<\/strong>, dice la doctora. Pero en tono alentador contin\u00faa: <strong>\u00abcuando se retoma, suele responder sorprendentemente bien\u00bb<\/strong>.\u00a0<\/p>\n<p id=\"eg75Unsa08A\" data-wc=\"65\">La prueba de esto \u00faltimo es precisamente lo radiante que ya este mes de enero hemos podido ver a Kate. No cabe duda de que ha vuelto a cuidarse. <strong>Los buenos h\u00e1bitos que siempre ha llevado han dejado huella en su cuerpo y su piel<\/strong> y por eso <strong>ha conseguido volver a su forma f\u00edsica y a lucir un rostro radiante\u00a0<\/strong>en apenas dos meses.\u00a0<\/p>\n","protected":false},"excerpt":{"rendered":"A sus 46 a\u00f1os, Kate Hudson podr\u00eda haber participado en uno de los rodajes m\u00e1s divertidos de su&hellip;\n","protected":false},"author":2,"featured_media":329771,"comment_status":"","ping_status":"","sticky":false,"template":"","format":"standard","meta":{"footnotes":""},"categories":[174],"tags":[3451,5322,255,253,146,147,25,24,256,39204,23],"class_list":{"0":"post-329770","1":"post","2":"type-post","3":"status-publish","4":"format-standard","5":"has-post-thumbnail","7":"category-famosos","8":"tag-belleza","9":"tag-cara-y-cuerpo","10":"tag-celebrities","11":"tag-discover","12":"tag-entertainment","13":"tag-entretenimiento","14":"tag-es","15":"tag-espana","16":"tag-famosos","17":"tag-kate-hudson","18":"tag-spain"},"share_on_mastodon":{"url":"https:\/\/pubeurope.com\/@es\/115860056723419216","error":""},"_links":{"self":[{"href":"https:\/\/www.europesays.com\/es\/wp-json\/wp\/v2\/posts\/329770","targetHints":{"allow":["GET"]}}],"collection":[{"href":"https:\/\/www.europesays.com\/es\/wp-json\/wp\/v2\/posts"}],"about":[{"href":"https:\/\/www.europesays.com\/es\/wp-json\/wp\/v2\/types\/post"}],"author":[{"embeddable":true,"href":"https:\/\/www.europesays.com\/es\/wp-json\/wp\/v2\/users\/2"}],"replies":[{"embeddable":true,"href":"https:\/\/www.europesays.com\/es\/wp-json\/wp\/v2\/comments?post=329770"}],"version-history":[{"count":0,"href":"https:\/\/www.europesays.com\/es\/wp-json\/wp\/v2\/posts\/329770\/revisions"}],"wp:featuredmedia":[{"embeddable":true,"href":"https:\/\/www.europesays.com\/es\/wp-json\/wp\/v2\/media\/329771"}],"wp:attachment":[{"href":"https:\/\/www.europesays.com\/es\/wp-json\/wp\/v2\/media?parent=329770"}],"wp:term":[{"taxonomy":"category","embeddable":true,"href":"https:\/\/www.europesays.com\/es\/wp-json\/wp\/v2\/categories?post=329770"},{"taxonomy":"post_tag","embeddable":true,"href":"https:\/\/www.europesays.com\/es\/wp-json\/wp\/v2\/tags?post=329770"}],"curies":[{"name":"wp","href":"https:\/\/api.w.org\/{rel}","templated":true}]}}