{"id":329777,"date":"2026-01-08T14:59:15","date_gmt":"2026-01-08T14:59:15","guid":{"rendered":"https:\/\/www.europesays.com\/es\/329777\/"},"modified":"2026-01-08T14:59:15","modified_gmt":"2026-01-08T14:59:15","slug":"es-una-de-las-mejores-peliculas-belicas-de-todos-los-tiempos-su-mensaje-sigue-siendo-vigente-95-anos-despues-y-ahora-puedes-verla-gratis-en-streaming","status":"publish","type":"post","link":"https:\/\/www.europesays.com\/es\/329777\/","title":{"rendered":"Es una de las mejores pel\u00edculas b\u00e9licas de todos los tiempos, su mensaje sigue siendo vigente 95 a\u00f1os despu\u00e9s y ahora puedes verla gratis en streaming"},"content":{"rendered":"<p>El comienzo del a\u00f1o ha venido con una sorpresa bajo el brazo, especialmente para aquellos amantes del cine cl\u00e1sico. Se trata de la versi\u00f3n de &#8216;<strong>Sin novedad en el frente<\/strong>&#8216; que se estren\u00f3 en 1930 y que 95 a\u00f1os despu\u00e9s de su estreno, ha pasado al dominio p\u00fablico y puede verse completamente gratis online de forma legal.<\/p>\n<p>Esto no afecta ni a la TV movie de 1979 ni al <a class=\"text-outboundlink\" href=\"https:\/\/www.espinof.com\/criticas\/novedad-frente-imprescindible-netflix-propone-brutal-respuesta-alemana-a-1917-que-no-adorna-atrocidades-guerra\" data-vars-post-title=\"&#039;Sin novedad en el frente&#039; es imprescindible: Netflix propone una brutal respuesta alemana a &#039;1917&#039; que no adorna las atrocidades de la guerra\" data-vars-post-url=\"https:\/\/www.espinof.com\/criticas\/novedad-frente-imprescindible-netflix-propone-brutal-respuesta-alemana-a-1917-que-no-adorna-atrocidades-guerra\" rel=\"nofollow noopener\" target=\"_blank\">remake de Netflix de 2022<\/a>, que siguen protegidos, pero s\u00ed<strong> libera la versi\u00f3n dirigida por Lewis Milestone<\/strong>, que sigue considerada una de las pel\u00edculas mejor valoradas de la historia. Su libre acceso no solo facilita que cualquiera pueda verla, compartirla o trabajar con ella, sino que tambi\u00e9n hace m\u00e1s accesible su mensaje antib\u00e9lico en un contexto donde la guerra ha vuelto a ocupar un lugar en la conversaci\u00f3n.<\/p>\n<p>Un cl\u00e1sico m\u00e1s accesible<\/p>\n<p>Ahora cualquier persona puede subir la pel\u00edcula completa a YouTube o proyectarla en espacios p\u00fablicos sin pedir autorizaci\u00f3n. De hecho, eso ya ha ocurrido y ya <a rel=\"noopener, noreferrer nofollow\" href=\"https:\/\/youtu.be\/k-73Q_8gz84\" target=\"_blank\">se puede acceder a ella de forma \u00edntegra en la plataforma<\/a>, permitiendo que nuevas audiencias puedan verla sin necesidad de archivos privados, cineclubs o colecciones.<\/p>\n<p>    <a href=\"https:\/\/www.espinof.com\/listas\/mejores-peliculas-belicas-todos-tiempos\" class=\"pivot-outboundlink\" data-vars-post-title=\"Las 31 mejores pel\u00edculas de guerra de todos los tiempos\" rel=\"nofollow noopener\" target=\"_blank\"><br \/>\n     <img loading=\"lazy\" decoding=\"async\" alt=\"Las 31 mejores pel\u00edculas de guerra de todos los tiempos\" width=\"375\" height=\"142\" src=\"https:\/\/www.europesays.com\/es\/wp-content\/uploads\/2025\/07\/1753976650_309_375_142.jpeg\"\/><br \/>\n    <\/a><\/p>\n<p>Adem\u00e1s, que &#8216;Sin novedad en el frente&#8217; sea de dominio p\u00fablico implica que escritores, docentes, cineastas y colectivos art\u00edsticos pueden generar obras derivadas libremente: nuevas adaptaciones, ejercicios, reinterpretaciones hist\u00f3ricas o incluso traslaciones a contextos actuales. Es una peque\u00f1a derrota para el capitalismo de la propiedad intelectual y <strong>una victoria contundente para el arte y la memoria<\/strong>.<\/p>\n<p>Y tambi\u00e9n tiene un impacto hist\u00f3rico, record\u00e1ndonos a otros casos recientes como &#8216;Winnie-the-Pooh&#8217; o &#8216;Popeye&#8217;, cuyos derechos expiraron y dieron lugar tanto a productos comerciales inesperados como a ejercicios culturales m\u00e1s ambiciosos. Pero<strong> &#8216;Sin novedad en el frente&#8217; tiene un potencial m\u00e1s importante<\/strong> si cabe, porque su valor no est\u00e1 en la nostalgia infantil sino en el testimonio de guerra, un material que sigue siendo dolorosamente relevante y educativo.<\/p>\n<p>                   <img class=\"centro_sinmarco\" height=\"900\" width=\"1600\" loading=\"lazy\" decoding=\"async\"  fetchpriority=\"high\"  src=\"https:\/\/www.europesays.com\/es\/wp-content\/uploads\/2026\/01\/1767884355_41_450_1000.jpeg\" alt=\"'Sin novedad en el frente'\"\/><\/p>\n<p>Finalmente, tambi\u00e9n tendr\u00e1 un impacto narrativo: para quienes no la han visto, la pel\u00edcula de 1930 sigue siendo <strong>un v\u00edvido relato antib\u00e9lico centrado en j\u00f3venes alemanes que se alistan en la Primera Guerra Mundial <\/strong>creyendo en el hero\u00edsmo, solo para descubrir un infierno que se los va tragando uno por uno hasta dejar a un \u00fanico superviviente. Su estreno en 1930 captur\u00f3 el esp\u00edritu pacifista previo al ascenso del fascismo europeo y el hecho de que 95 a\u00f1os despu\u00e9s pueda circular en redes sociales, proyectarse en escuelas o viralizarse como archivo hist\u00f3rico demuestra que su mensaje est\u00e1 lejos de caducar.<\/p>\n<p>En Espinof | <a class=\"text-outboundlink\" href=\"https:\/\/www.espinof.com\/cine-clasico\/hace-43-anos-se-estreno-fracaso-colosal-historia-cine-guerra-esta-pelicula-belica-fue-elegida-mayor-desastre-80\" data-vars-post-title=\"Hace 43 a\u00f1os se estren\u00f3 el fracaso m\u00e1s colosal de la historia del cine de guerra. Esta pel\u00edcula b\u00e9lica fue elegida el mayor desastre de los 80\" data-vars-post-url=\"https:\/\/www.espinof.com\/cine-clasico\/hace-43-anos-se-estreno-fracaso-colosal-historia-cine-guerra-esta-pelicula-belica-fue-elegida-mayor-desastre-80\" rel=\"nofollow noopener\" target=\"_blank\">Hace 43 a\u00f1os se estren\u00f3 el fracaso m\u00e1s colosal de la historia del cine de guerra. Esta pel\u00edcula b\u00e9lica fue elegida el mayor desastre de los 80<\/a><\/p>\n<p>En Espinof | <a class=\"text-outboundlink\" href=\"https:\/\/www.espinof.com\/cine-clasico\/pelicula-belica-realista-que-stanley-kubrick-considera-obra-maestra-no-puedes-entender-que-capaz-cine-verla\" data-vars-post-title=\"La pel\u00edcula b\u00e9lica tan realista que Stanley Kubrick la consideraba una obra maestra: &quot;No puedes entender de qu\u00e9 es capaz el cine sin verla&quot;\" data-vars-post-url=\"https:\/\/www.espinof.com\/cine-clasico\/pelicula-belica-realista-que-stanley-kubrick-considera-obra-maestra-no-puedes-entender-que-capaz-cine-verla\" rel=\"nofollow noopener\" target=\"_blank\">La pel\u00edcula b\u00e9lica tan realista que Stanley Kubrick la consideraba una obra maestra: \u00abNo puedes entender de qu\u00e9 es capaz el cine sin verla\u00bb<\/a><\/p>\n","protected":false},"excerpt":{"rendered":"El comienzo del a\u00f1o ha venido con una sorpresa bajo el brazo, especialmente para aquellos amantes del cine&hellip;\n","protected":false},"author":2,"featured_media":329778,"comment_status":"","ping_status":"","sticky":false,"template":"","format":"standard","meta":{"footnotes":""},"categories":[169],"tags":[177,146,147,25,24,176,175,23],"class_list":{"0":"post-329777","1":"post","2":"type-post","3":"status-publish","4":"format-standard","5":"has-post-thumbnail","7":"category-cine","8":"tag-cine","9":"tag-entertainment","10":"tag-entretenimiento","11":"tag-es","12":"tag-espana","13":"tag-film","14":"tag-movies","15":"tag-spain"},"share_on_mastodon":{"url":"https:\/\/pubeurope.com\/@es\/115860076344870938","error":""},"_links":{"self":[{"href":"https:\/\/www.europesays.com\/es\/wp-json\/wp\/v2\/posts\/329777","targetHints":{"allow":["GET"]}}],"collection":[{"href":"https:\/\/www.europesays.com\/es\/wp-json\/wp\/v2\/posts"}],"about":[{"href":"https:\/\/www.europesays.com\/es\/wp-json\/wp\/v2\/types\/post"}],"author":[{"embeddable":true,"href":"https:\/\/www.europesays.com\/es\/wp-json\/wp\/v2\/users\/2"}],"replies":[{"embeddable":true,"href":"https:\/\/www.europesays.com\/es\/wp-json\/wp\/v2\/comments?post=329777"}],"version-history":[{"count":0,"href":"https:\/\/www.europesays.com\/es\/wp-json\/wp\/v2\/posts\/329777\/revisions"}],"wp:featuredmedia":[{"embeddable":true,"href":"https:\/\/www.europesays.com\/es\/wp-json\/wp\/v2\/media\/329778"}],"wp:attachment":[{"href":"https:\/\/www.europesays.com\/es\/wp-json\/wp\/v2\/media?parent=329777"}],"wp:term":[{"taxonomy":"category","embeddable":true,"href":"https:\/\/www.europesays.com\/es\/wp-json\/wp\/v2\/categories?post=329777"},{"taxonomy":"post_tag","embeddable":true,"href":"https:\/\/www.europesays.com\/es\/wp-json\/wp\/v2\/tags?post=329777"}],"curies":[{"name":"wp","href":"https:\/\/api.w.org\/{rel}","templated":true}]}}