{"id":329788,"date":"2026-01-08T15:05:09","date_gmt":"2026-01-08T15:05:09","guid":{"rendered":"https:\/\/www.europesays.com\/es\/329788\/"},"modified":"2026-01-08T15:05:09","modified_gmt":"2026-01-08T15:05:09","slug":"disfruta-un-verano-de-ferias-creatividad-y-encuentro-en-la-usina-cultural","status":"publish","type":"post","link":"https:\/\/www.europesays.com\/es\/329788\/","title":{"rendered":"Disfrut\u00e1 un verano de ferias, creatividad y encuentro en la Usina Cultural"},"content":{"rendered":"<p style=\"text-align:justify\">Durante el verano, la Usina Cultural de Salta se convierte en un punto de encuentro donde confluyen colores, ideas y comunidad a trav\u00e9s de una programaci\u00f3n especial de ferias tem\u00e1ticas. La propuesta invita a habitar la plaza de una manera distinta, con entrada libre y gratuita, todos los s\u00e1bados de 17 a 23 horas, pensada para disfrutar en familia y con amigos.<\/p>\n<p style=\"text-align:justify\">Cada jornada despliega un universo propio y re\u00fane a emprendedores, artistas y proyectos creativos que ofrecen productos originales y experiencias para todos los p\u00fablicos. El ciclo comienza el s\u00e1bado 10 de enero con la Feria Infantil, una tarde dedicada especialmente a las infancias y las familias, con juguetes, juegos did\u00e1cticos, libros, indumentaria, accesorios y propuestas l\u00fadicas que promueven el juego, el aprendizaje y el compartir.<\/p>\n<p style=\"text-align:justify\">El s\u00e1bado 17 de enero ser\u00e1 el turno de la Feria M\u00edstica y Bienestar, un espacio orientado al equilibrio y al autoconocimiento, donde se podr\u00e1n encontrar productos hol\u00edsticos, terapias alternativas, astrolog\u00eda, tarot, sahumerios, piedras y diversas propuestas vinculadas al bienestar corporal y espiritual. El 24 de enero llega la Feria de Culturas Alternativas, con moda, arte independiente, m\u00fasica, accesorios, ilustraci\u00f3n y expresiones que celebran identidades diversas y aut\u00e9nticas.<\/p>\n<p>                        <a href=\"https:\/\/www.salta.gob.ar\/public\/images\/noticias\/contenidos\/21427-vacaciones-en-cultura-disfruta-un-verano-de-ferias-creatividad-y-encuentro-en-la-usina-cultural.webp\" title=\"Vacaciones en cultura: Disfrut\u00e1 un verano de ferias, creatividad y encuentro en la Usina Cultural\" rel=\"Grupo nofollow noopener\" data-fancybox=\"\" data-caption=\"Vacaciones en cultura: Disfrut\u00e1 un verano de ferias, creatividad y encuentro en la Usina Cultural\" target=\"_blank\">&#13;<br \/>\n                            <img decoding=\"async\" loading=\"lazy\" class=\"w-100 img-responsive\" src=\"https:\/\/www.salta.gob.ar\/public\/images\/noticias\/contenidos\/21427-vacaciones-en-cultura-disfruta-un-verano-de-ferias-creatividad-y-encuentro-en-la-usina-cultural.webp\" alt=\"Vacaciones en cultura: Disfrut\u00e1 un verano de ferias, creatividad y encuentro en la Usina Cultural\"\/>&#13;<br \/>\n                        <\/a><\/p>\n<p style=\"text-align:justify\">La programaci\u00f3n contin\u00faa el s\u00e1bado 31 de enero con la Feria Universo Literario, dedicada al mundo de las letras, que re\u00fane libros, editoriales independientes, fanzines, poes\u00eda, narrativa, ilustraci\u00f3n literaria y proyectos editoriales. El 7 de febrero la Usina recibir\u00e1 a la Feria Fandoms Musicales, un espacio pensado para fans de bandas, artistas y g\u00e9neros musicales, con merchandising, arte, indumentaria, objetos coleccionables y creaciones inspiradas en distintos universos sonoros.<\/p>\n<p style=\"text-align:justify\">El s\u00e1bado 14 de febrero se realizar\u00e1 la Feria de Ilustraci\u00f3n y Gr\u00e1fica de Autor, donde ilustradores, dise\u00f1adores y artistas visuales presentar\u00e1n prints, p\u00f3sters, stickers, serigraf\u00eda y obras con sello propio. El 21 de febrero ser\u00e1 el turno de la Feria de Dise\u00f1o y Moda Sostenible, con indumentaria, accesorios y objetos producidos bajo criterios de sustentabilidad, reciclaje, reutilizaci\u00f3n y producci\u00f3n \u00e9tica. El ciclo cierra el s\u00e1bado 28 de febrero con la Feria Mundo Animal, que reunir\u00e1 productos para mascotas, accesorios, arte, ilustraci\u00f3n, propuestas solidarias y emprendimientos vinculados al bienestar animal.<\/p>\n<p style=\"text-align:justify\">Quienes deseen participar como feriantes pueden inscribirse a trav\u00e9s del formulario online en culturasalta.gov.ar, teniendo en cuenta que la inscripci\u00f3n no implica selecci\u00f3n autom\u00e1tica y que los proyectos elegidos ser\u00e1n notificados por correo electr\u00f3nico.<\/p>\n","protected":false},"excerpt":{"rendered":"Durante el verano, la Usina Cultural de Salta se convierte en un punto de encuentro donde confluyen colores,&hellip;\n","protected":false},"author":2,"featured_media":329789,"comment_status":"","ping_status":"","sticky":false,"template":"","format":"standard","meta":{"footnotes":""},"categories":[42],"tags":[17,18,13,14,11,61,62,63,64,19,20,9,10,15,16,12,21,22,65,66,67],"class_list":{"0":"post-329788","1":"post","2":"type-post","3":"status-publish","4":"format-standard","5":"has-post-thumbnail","7":"category-internacional","8":"tag-breaking-news","9":"tag-breakingnews","10":"tag-featured-news","11":"tag-featurednews","12":"tag-headlines","13":"tag-internacional","14":"tag-international","15":"tag-international-news","16":"tag-internationalnews","17":"tag-latest-news","18":"tag-latestnews","19":"tag-news","20":"tag-noticias","21":"tag-noticias-destacadas","22":"tag-noticiasdestacadas","23":"tag-titulares","24":"tag-ultimas-noticias","25":"tag-ultimasnoticias","26":"tag-world","27":"tag-world-news","28":"tag-worldnews"},"share_on_mastodon":{"url":"https:\/\/pubeurope.com\/@es\/115860099859841925","error":""},"_links":{"self":[{"href":"https:\/\/www.europesays.com\/es\/wp-json\/wp\/v2\/posts\/329788","targetHints":{"allow":["GET"]}}],"collection":[{"href":"https:\/\/www.europesays.com\/es\/wp-json\/wp\/v2\/posts"}],"about":[{"href":"https:\/\/www.europesays.com\/es\/wp-json\/wp\/v2\/types\/post"}],"author":[{"embeddable":true,"href":"https:\/\/www.europesays.com\/es\/wp-json\/wp\/v2\/users\/2"}],"replies":[{"embeddable":true,"href":"https:\/\/www.europesays.com\/es\/wp-json\/wp\/v2\/comments?post=329788"}],"version-history":[{"count":0,"href":"https:\/\/www.europesays.com\/es\/wp-json\/wp\/v2\/posts\/329788\/revisions"}],"wp:featuredmedia":[{"embeddable":true,"href":"https:\/\/www.europesays.com\/es\/wp-json\/wp\/v2\/media\/329789"}],"wp:attachment":[{"href":"https:\/\/www.europesays.com\/es\/wp-json\/wp\/v2\/media?parent=329788"}],"wp:term":[{"taxonomy":"category","embeddable":true,"href":"https:\/\/www.europesays.com\/es\/wp-json\/wp\/v2\/categories?post=329788"},{"taxonomy":"post_tag","embeddable":true,"href":"https:\/\/www.europesays.com\/es\/wp-json\/wp\/v2\/tags?post=329788"}],"curies":[{"name":"wp","href":"https:\/\/api.w.org\/{rel}","templated":true}]}}