{"id":32979,"date":"2025-08-08T03:44:13","date_gmt":"2025-08-08T03:44:13","guid":{"rendered":"https:\/\/www.europesays.com\/es\/32979\/"},"modified":"2025-08-08T03:44:13","modified_gmt":"2025-08-08T03:44:13","slug":"estuve-en-un-punetero-barco-y-no-llegue-a-pisar-la-isla","status":"publish","type":"post","link":"https:\/\/www.europesays.com\/es\/32979\/","title":{"rendered":"Estuve en un pu\u00f1etero barco y no llegu\u00e9 a pisar la isla"},"content":{"rendered":"<p class=\"paragraph\" id=\"paragraph_1\">La <a href=\"https:\/\/www.elespanol.com\/bluper\/20250721\/exclusiva-elena-rodriguez-madre-adara-molinero-concursante-proximo-supervivientes-all-stars\/1003743856677_0.html?utm_cmp_rs=linksinline\" rel=\"nofollow noopener\" target=\"_blank\">segunda edici\u00f3n de Supervivientes All Stars est\u00e1 al caer<\/a> y ya se conoce cu\u00e1l ser\u00e1 el listado completo de los concursantes que se ir\u00e1n a Honduras en el mes de septiembre. Aun as\u00ed, y con Telecinco siempre con alg\u00fan as bajo la manga, <strong>es inevitable barajar otros nombres ante un posible abandono o una sorpresa inesperada. <\/strong><\/p>\n<p class=\"paragraph\" id=\"paragraph_2\"><a href=\"https:\/\/www.elespanol.com\/bluper\/20241016\/giro-grados-vida-agustin-bravo-popular-presentador-vuelve-tve-rol-inedito\/893911178_0.html?utm_cmp_rs=linksinline\" rel=\"nofollow noopener\" target=\"_blank\">Agust\u00edn Bravo no ha sido uno de los seleccionados para el elenco de esta temporada<\/a> y tampoco lo esperaba. El que fue concursante de Supervivientes en el 2021, ha lanzado un<strong> dardo contra el programa cuatro a\u00f1os despu\u00e9s de su fugaz paso por el concurso. <\/strong><\/p>\n<p class=\"paragraph\" id=\"paragraph_3\">Despu\u00e9s de comentar cu\u00e1les son los planes que tiene para los meses que vienen, ha confesado que su m\u00e1nager le hab\u00eda hablado sobre el tema. \u00abAgust\u00edn Bravo fue en el 2021 y<strong> le metieron en un barco, y despu\u00e9s de meterlo en un barco, lo sacaron y lo metieron en un corralito.<\/strong> No me dejaron hacer nada\u00bb, ha confesado.<\/p>\n<p><img loading=\"lazy\" decoding=\"async\" alt=\"Laura Madrue\u00f1o en una promo de \u2018Supervivientes: All Stars\u2019.\" height=\"180\" src=\"https:\/\/www.europesays.com\/es\/wp-content\/uploads\/2025\/08\/1003743870577_257699843_320x180.jpg\" width=\"320\" data-lazy-status=\"processed\" data-lazy-info=\"remove loading item 1\"\/><\/p>\n<p class=\"paragraph\" id=\"paragraph_4\"><strong>\u00abEntiendo que la productora dir\u00e1 &#8216;este t\u00edo qu\u00e9 juego va a dar'\u00bb<\/strong>, ha dicho entre risas, recalcando, una vez m\u00e1s, que \u00abno me dejaron hacer nada\u00bb. Y es que el conocido presentador<strong> <strong>fue el cuarto expulsado de su edici\u00f3n<\/strong>, siendo eliminado tras enfrentarse en la Playa Destierro al televoto contra Palito Domingu\u00edn y Lola.<\/strong><\/p>\n<p class=\"paragraph\" id=\"paragraph_5\"><strong>\u00abSi a alguien se le enciende la bombilla y dice que <strong>no hemos visto a Agust\u00edn todav\u00eda y vamos a ver c\u00f3mo se desenvuelve en <\/strong><strong>Supervivientes<\/strong>&#8230;\u00bb, manifestaba Bravo. Adem\u00e1s, ha desvelado convencido que<strong> \u00abno me han llamado y no lo har\u00e1n\u00bb.<\/strong><\/strong><\/p>\n<p><img decoding=\"async\" alt=\"Agust\u00edn Bravo, Lola y Palito en 'Supervivientes'.\" data-imgm=\"true\" height=\"180\" loading=\"lazy\"  src=\"https:\/\/www.europesays.com\/es\/wp-content\/uploads\/2025\/08\/1003743879057_257854644_1024x576.jpg\"  width=\"320\"\/><\/p>\n<p>                                                            Agust\u00edn Bravo, Lola y Palito en &#8216;Supervivientes&#8217;.<\/p>\n<p>                    Telecinco<\/p>\n<p class=\"paragraph\" id=\"paragraph_7\">Agust\u00edn ha reconocido que <strong>tiene clavada una \u00abespinita\u00bb<\/strong> porque no pudo demostrar su val\u00eda en el concurso de Telecinco. \u00abTen\u00eda ideas claras de llevarme bien con todo el mundo, pero eso es espect\u00e1culo tambi\u00e9n. <strong>Ser divertido, dar buen rollo y que haya un buen ambiente<\/strong>\u00ab, apuntaba.<\/p>\n<p class=\"paragraph\" id=\"paragraph_8\">El periodista ha aprovechado tambi\u00e9n para reprochar que esa actitud \u00abparece que la televisi\u00f3n no la valora\u00bb.<strong> \u00abTe aseguro como comunicador, que llevo en esto cuarenta a\u00f1os, que eso tambi\u00e9n vale y funciona\u00bb<\/strong>, manten\u00eda.<\/p>\n<p><img decoding=\"async\" alt=\"Elena Rodr\u00edguez, la madre de Adara Molinero, ir\u00e1 a 'Supervivientes All Stars'.\" height=\"180\" loading=\"lazy\" width=\"320\" data-lazy-status=\"processed\" id=\"85ad17ed6f\" src=\"https:\/\/www.elespanol.com\/bluper\/20250807\/agustin-bravo-estalla-supervivientes-punetero-barco-no-llegue-pisar-isla\/[\" https:=\"\" data-lazy-info=\"changed src\"\/><\/p>\n<p class=\"paragraph\" id=\"paragraph_9\">\u00abYo quer\u00eda demostrar esa parte, pero no me dejaron. <strong>En un pu\u00f1etero barco, no llegu\u00e9 a pisar la isla aquella y no me tir\u00e9 del helic\u00f3ptero.<\/strong> Despu\u00e9s, me tir\u00e9 porque hubo una votaci\u00f3n que se sacaron de aquella manera\u00bb, comentaba dolido.<strong> \u00abMe temo que no pas\u00e9 por Supervivientes en las mismas condiciones que todos\u00bb,<\/strong> denunciaba.<\/p>\n<p class=\"paragraph\" id=\"paragraph_10\">\u00ab<strong>La experiencia no me sac\u00f3 ni el 15% de lo que yo tengo.<\/strong> En televisi\u00f3n lo que no haces, no sale\u00bb, aseguraba Agust\u00edn. \u00ab<strong>Como no hagan un Supervivientes de los que estaban en el barco<\/strong>&#8230;es el \u00fanico modo que tengo de ir\u00bb, dec\u00eda ir\u00f3nicamente.<\/p>\n","protected":false},"excerpt":{"rendered":"La segunda edici\u00f3n de Supervivientes All Stars est\u00e1 al caer y ya se conoce cu\u00e1l ser\u00e1 el listado&hellip;\n","protected":false},"author":2,"featured_media":32980,"comment_status":"","ping_status":"","sticky":false,"template":"","format":"standard","meta":{"footnotes":""},"categories":[174],"tags":[17012,1535,255,146,147,25,24,256,23,3947,692,807],"class_list":{"0":"post-32979","1":"post","2":"type-post","3":"status-publish","4":"format-standard","5":"has-post-thumbnail","7":"category-famosos","8":"tag-agustin-bravo","9":"tag-bluper","10":"tag-celebrities","11":"tag-entertainment","12":"tag-entretenimiento","13":"tag-es","14":"tag-espana","15":"tag-famosos","16":"tag-spain","17":"tag-supervivientes","18":"tag-telecinco","19":"tag-television"},"share_on_mastodon":{"url":"","error":""},"_links":{"self":[{"href":"https:\/\/www.europesays.com\/es\/wp-json\/wp\/v2\/posts\/32979","targetHints":{"allow":["GET"]}}],"collection":[{"href":"https:\/\/www.europesays.com\/es\/wp-json\/wp\/v2\/posts"}],"about":[{"href":"https:\/\/www.europesays.com\/es\/wp-json\/wp\/v2\/types\/post"}],"author":[{"embeddable":true,"href":"https:\/\/www.europesays.com\/es\/wp-json\/wp\/v2\/users\/2"}],"replies":[{"embeddable":true,"href":"https:\/\/www.europesays.com\/es\/wp-json\/wp\/v2\/comments?post=32979"}],"version-history":[{"count":0,"href":"https:\/\/www.europesays.com\/es\/wp-json\/wp\/v2\/posts\/32979\/revisions"}],"wp:featuredmedia":[{"embeddable":true,"href":"https:\/\/www.europesays.com\/es\/wp-json\/wp\/v2\/media\/32980"}],"wp:attachment":[{"href":"https:\/\/www.europesays.com\/es\/wp-json\/wp\/v2\/media?parent=32979"}],"wp:term":[{"taxonomy":"category","embeddable":true,"href":"https:\/\/www.europesays.com\/es\/wp-json\/wp\/v2\/categories?post=32979"},{"taxonomy":"post_tag","embeddable":true,"href":"https:\/\/www.europesays.com\/es\/wp-json\/wp\/v2\/tags?post=32979"}],"curies":[{"name":"wp","href":"https:\/\/api.w.org\/{rel}","templated":true}]}}