{"id":329811,"date":"2026-01-08T15:24:19","date_gmt":"2026-01-08T15:24:19","guid":{"rendered":"https:\/\/www.europesays.com\/es\/329811\/"},"modified":"2026-01-08T15:24:19","modified_gmt":"2026-01-08T15:24:19","slug":"un-solo-pinchazo-en-el-dedo-permite-detectar-el-alzheimer-con-un-86-de-precision","status":"publish","type":"post","link":"https:\/\/www.europesays.com\/es\/329811\/","title":{"rendered":"Un solo pinchazo en el dedo permite detectar el alzh\u00e9imer con un 86% de precisi\u00f3n"},"content":{"rendered":"<p>Un estudio internacional liderado por Ace Alzheimer Center Barcelona ha validado un procedimiento que permite <b>detectar signos tempranos de Alzheimer<\/b> mediante una punci\u00f3n en el dedo.<\/p>\n<p>El proyecto, denominado Drop-Ad y publicado en la revista cient\u00edfica Nature Medicine, ha analizado 6 poblaciones distintas en diferentes etapas de Alzheimer y 1 cohorte de personas con s\u00edndrome de Down, con un total de <b>337 participantes<\/b>, informa Ace Alzheimer en un comunicado de este mi\u00e9rcoles.<\/p>\n<p>En concreto, el trabajo valida la cuantificaci\u00f3n de prote\u00ednas como<b> p-tau217, GFAP y NfL <\/b>en sangre capilar seca, con una precisi\u00f3n diagn\u00f3stica del <b>86%<\/b>.<\/p>\n<p>El director de la Unidad de Ensayos Cl\u00ednicos de Ace Alzheimer Center, Xavier Morat\u00f3, ha se\u00f1alado que el m\u00e9todo podr\u00eda<b> acelerar la identificaci\u00f3n de personas en riesgo de sufrir la enfermedad<\/b>, agilizando su derivaci\u00f3n a las unidades especializadas donde se realizar\u00edan pruebas complementarias para confirmar el diagn\u00f3stico.<\/p>\n<p>\u00abEl objetivo es democratizar el acceso al diagn\u00f3stico precoz. Cuanto antes se detecte la enfermedad,<b> m\u00e1s eficaz puede ser cualquier intervenci\u00f3n farmacol\u00f3gica o no farmacol\u00f3gica<\/b>, y mejor se puede planificar la atenci\u00f3n del paciente\u00bb, ha apuntado.<\/p>\n<p>Un m\u00e9todo menos invasivo<\/p>\n<p>Hasta ahora, la confirmaci\u00f3n de la patolog\u00eda amiloide requer\u00eda <b>punci\u00f3n lumbar o neuroimagen molecular<\/b>, procedimientos \u00abinvasivos, costosos y con acceso limitado\u00bb.<\/p>\n<p>Recientemente, la detecci\u00f3n de los biomarcadores en plasma est\u00e1 adquiriendo \u00abuna sensibilidad y especificidad comparables con los m\u00e9todos considerados hasta ahora de referencia\u00bb, como LCR o PET amiloide, y <b>ya existen en Europa tests para analizar los biomarcadores plasm\u00e1ticos aprobados<\/b>.<\/p>\n<p>   <img decoding=\"async\" title=\"Ayuno\" alt=\"Ayuno\" width=\"480\" height=\"270\" src=\"https:\/\/www.europesays.com\/es\/wp-content\/uploads\/2026\/01\/ayuno_70.jpg\" loading=\"lazy\" class=\"lazy\"\/><\/p>\n","protected":false},"excerpt":{"rendered":"Un estudio internacional liderado por Ace Alzheimer Center Barcelona ha validado un procedimiento que permite detectar signos tempranos&hellip;\n","protected":false},"author":2,"featured_media":329812,"comment_status":"","ping_status":"","sticky":false,"template":"","format":"standard","meta":{"footnotes":""},"categories":[92],"tags":[25,24,165,166,23],"class_list":{"0":"post-329811","1":"post","2":"type-post","3":"status-publish","4":"format-standard","5":"has-post-thumbnail","7":"category-salud","8":"tag-es","9":"tag-espana","10":"tag-health","11":"tag-salud","12":"tag-spain"},"share_on_mastodon":{"url":"https:\/\/pubeurope.com\/@es\/115860174567158524","error":""},"_links":{"self":[{"href":"https:\/\/www.europesays.com\/es\/wp-json\/wp\/v2\/posts\/329811","targetHints":{"allow":["GET"]}}],"collection":[{"href":"https:\/\/www.europesays.com\/es\/wp-json\/wp\/v2\/posts"}],"about":[{"href":"https:\/\/www.europesays.com\/es\/wp-json\/wp\/v2\/types\/post"}],"author":[{"embeddable":true,"href":"https:\/\/www.europesays.com\/es\/wp-json\/wp\/v2\/users\/2"}],"replies":[{"embeddable":true,"href":"https:\/\/www.europesays.com\/es\/wp-json\/wp\/v2\/comments?post=329811"}],"version-history":[{"count":0,"href":"https:\/\/www.europesays.com\/es\/wp-json\/wp\/v2\/posts\/329811\/revisions"}],"wp:featuredmedia":[{"embeddable":true,"href":"https:\/\/www.europesays.com\/es\/wp-json\/wp\/v2\/media\/329812"}],"wp:attachment":[{"href":"https:\/\/www.europesays.com\/es\/wp-json\/wp\/v2\/media?parent=329811"}],"wp:term":[{"taxonomy":"category","embeddable":true,"href":"https:\/\/www.europesays.com\/es\/wp-json\/wp\/v2\/categories?post=329811"},{"taxonomy":"post_tag","embeddable":true,"href":"https:\/\/www.europesays.com\/es\/wp-json\/wp\/v2\/tags?post=329811"}],"curies":[{"name":"wp","href":"https:\/\/api.w.org\/{rel}","templated":true}]}}