{"id":329817,"date":"2026-01-08T15:27:11","date_gmt":"2026-01-08T15:27:11","guid":{"rendered":"https:\/\/www.europesays.com\/es\/329817\/"},"modified":"2026-01-08T15:27:11","modified_gmt":"2026-01-08T15:27:11","slug":"solicitudes-semanales-de-subsidio-de-desempleo-en-eeuu-aumentan-ligeramente","status":"publish","type":"post","link":"https:\/\/www.europesays.com\/es\/329817\/","title":{"rendered":"Solicitudes semanales de subsidio de desempleo en EEUU aumentan ligeramente"},"content":{"rendered":"\n<p class=\"yf-vbsvxt\">WASHINGTON, 8 ene (Reuters) &#8211; El n\u00famero de estadounidenses que presentaron nuevas solicitudes de prestaciones por desempleo aument\u00f3 moderadamente la semana pasada, lo que sugiere que los despidos fueron relativamente bajos a finales de 2025, aunque la demanda de \u200bmano de obra sigui\u00f3 siendo floja.<\/p>\n<p class=\"yf-vbsvxt\">Las solicitudes iniciales de prestaciones estatales por desempleo aumentaron en 8.000, hasta una cifra desestacionalizada \u200cde 208.000, en la semana finalizada el 27 de diciembre, inform\u00f3 el jueves el Departamento de Trabajo. Economistas consultados por Reuters hab\u00edan previsto 210.000 solicitudes para la \u00faltima \u200csemana.<\/p>\n<p class=\"yf-vbsvxt\">En las \u00faltimas semanas, las solicitudes de subsidio de desempleo han sido irregulares debido a las dificultades para ajustar los datos a las fluctuaciones estacionales propias de las fiestas de fin de a\u00f1o. A pesar de la volatilidad, los despidos se han mantenido en niveles hist\u00f3ricamente bajos.<\/p>\n<p class=\"yf-vbsvxt\">Los empleadores se han mostrado reacios a aumentar la plantilla en medio de la incertidumbre relacionada con los aranceles y la creciente popularidad de la inteligencia \u2060artificial, pero no han realizado despidos masivos de \u200ctrabajadores, manteniendo el mercado laboral en un estado de par\u00e1lisis.<\/p>\n<p class=\"yf-vbsvxt\">Seg\u00fan otro informe de la empresa de recolocaci\u00f3n Challenger, Gray &amp; Christmas, los despidos anunciados por las empresas estadounidenses aumentaron un 58% en 2025, hasta un m\u00e1ximo de \u200dcinco a\u00f1os de 1.206.000, pero el recorte de gastos por parte del Gobierno federal y las empresas tecnol\u00f3gicas represent\u00f3 la mayor parte de las reducciones previstas.<\/p>\n<p class=\"yf-vbsvxt\">\u00abLa tecnolog\u00eda ha pivotado hacia el desarrollo y la implantaci\u00f3n de la inteligencia artificial mucho m\u00e1s r\u00e1pido que cualquier otro sector\u00bb, dijo Andy Challenger, director de \u200bingresos de Challenger, Gray &amp; Christmas. \u00abEsto, unido al exceso de contrataci\u00f3n de la \u00faltima d\u00e9cada, ha creado una ola de p\u00e9rdida de \u200cempleo en el sector\u00bb.<\/p>\n<p class=\"yf-vbsvxt\">Los planes de contrataci\u00f3n cayeron un 34% hasta 507.647 el a\u00f1o pasado, el nivel m\u00e1s bajo desde 2010. La escasa contrataci\u00f3n significa que m\u00e1s desempleados est\u00e1n experimentando largas temporadas sin trabajo.<\/p>\n<p class=\"yf-vbsvxt\">El n\u00famero de personas que reciben prestaciones por desempleo despu\u00e9s de una semana inicial de ayuda, un indicador indirecto de la contrataci\u00f3n, aument\u00f3 en 56.000 hasta una cifra desestacionalizada de 1.914.000 durante la semana finalizada el 20 de diciembre, seg\u00fan el informe de solicitudes.<\/p>\n<p class=\"yf-vbsvxt\">El Gobierno inform\u00f3 el mi\u00e9rcoles de que las ofertas de empleo cayeron a su nivel m\u00e1s \u2060bajo en 14 meses en noviembre. En noviembre se registraron 0,91 vacantes por \u200bcada desempleado, el nivel m\u00e1s bajo desde marzo de 2021, frente a las 0,97 \u200bde octubre.<\/p>\n<p class=\"yf-vbsvxt\">Los datos sobre solicitudes de empleo no influyen en el informe de empleo de diciembre, que se publicar\u00e1 el viernes.<\/p>\n<p class=\"yf-vbsvxt\">Las n\u00f3minas no agr\u00edcolas probablemente aumentaron en 60.000 puestos de trabajo el mes pasado, tras subir en \u200d64.000 en noviembre, seg\u00fan predijo una \u2060encuesta de Reuters entre economistas. Pero la atenci\u00f3n se centrar\u00e1 probablemente en la tasa de desempleo, que se estima ha descendido al 4,5% tras acelerarse en noviembre hasta el 4,6%, su nivel m\u00e1s alto en cuatro a\u00f1os.<\/p>\n<p class=\"yf-vbsvxt\">La tasa de desempleo de \u2060noviembre se vio parcialmente distorsionada por el cierre de 43 d\u00edas del Gobierno federal, que tambi\u00e9n impidi\u00f3 la recopilaci\u00f3n de datos sobre los hogares para octubre. La \u200ctasa de desempleo de octubre no se public\u00f3 por primera vez desde que el Gobierno empez\u00f3 a seguir la serie \u200cen 1948.<\/p>\n<p class=\"yf-vbsvxt\">(Reportaje de Lucia Mutikani; Editado en espa\u00f1ol por Juana Casas)<\/p>\n","protected":false},"excerpt":{"rendered":"WASHINGTON, 8 ene (Reuters) &#8211; El n\u00famero de estadounidenses que presentaron nuevas solicitudes de prestaciones por desempleo aument\u00f3&hellip;\n","protected":false},"author":2,"featured_media":329818,"comment_status":"","ping_status":"","sticky":false,"template":"","format":"standard","meta":{"footnotes":""},"categories":[80],"tags":[72051,82,37257,95,94,25,24,76072,76071,23,16541],"class_list":{"0":"post-329817","1":"post","2":"type-post","3":"status-publish","4":"format-standard","5":"has-post-thumbnail","7":"category-economia","8":"tag-20-de-diciembre","9":"tag-business","10":"tag-departamento-de-trabajo","11":"tag-economia","12":"tag-economy","13":"tag-es","14":"tag-espana","15":"tag-prestaciones-por-desempleo","16":"tag-solicitudes-de-empleo","17":"tag-spain","18":"tag-tasa-de-desempleo"},"share_on_mastodon":{"url":"https:\/\/pubeurope.com\/@es\/115860186334371039","error":""},"_links":{"self":[{"href":"https:\/\/www.europesays.com\/es\/wp-json\/wp\/v2\/posts\/329817","targetHints":{"allow":["GET"]}}],"collection":[{"href":"https:\/\/www.europesays.com\/es\/wp-json\/wp\/v2\/posts"}],"about":[{"href":"https:\/\/www.europesays.com\/es\/wp-json\/wp\/v2\/types\/post"}],"author":[{"embeddable":true,"href":"https:\/\/www.europesays.com\/es\/wp-json\/wp\/v2\/users\/2"}],"replies":[{"embeddable":true,"href":"https:\/\/www.europesays.com\/es\/wp-json\/wp\/v2\/comments?post=329817"}],"version-history":[{"count":0,"href":"https:\/\/www.europesays.com\/es\/wp-json\/wp\/v2\/posts\/329817\/revisions"}],"wp:featuredmedia":[{"embeddable":true,"href":"https:\/\/www.europesays.com\/es\/wp-json\/wp\/v2\/media\/329818"}],"wp:attachment":[{"href":"https:\/\/www.europesays.com\/es\/wp-json\/wp\/v2\/media?parent=329817"}],"wp:term":[{"taxonomy":"category","embeddable":true,"href":"https:\/\/www.europesays.com\/es\/wp-json\/wp\/v2\/categories?post=329817"},{"taxonomy":"post_tag","embeddable":true,"href":"https:\/\/www.europesays.com\/es\/wp-json\/wp\/v2\/tags?post=329817"}],"curies":[{"name":"wp","href":"https:\/\/api.w.org\/{rel}","templated":true}]}}