{"id":329819,"date":"2026-01-08T15:28:11","date_gmt":"2026-01-08T15:28:11","guid":{"rendered":"https:\/\/www.europesays.com\/es\/329819\/"},"modified":"2026-01-08T15:28:11","modified_gmt":"2026-01-08T15:28:11","slug":"congreso-futuro-2026-se-realizara-en-la-serena-con-charlas-internacionales-y-foco-en-biodiversidad-y-futuro-del-trabajo","status":"publish","type":"post","link":"https:\/\/www.europesays.com\/es\/329819\/","title":{"rendered":"Congreso Futuro 2026 se realizar\u00e1 en La Serena con charlas internacionales y foco en biodiversidad y futuro del trabajo"},"content":{"rendered":"<p><a href=\"https:\/\/www.europesays.com\/es\/wp-content\/uploads\/2026\/01\/IMG_0150.jpg\"><img loading=\"lazy\" decoding=\"async\" class=\"wp-image-19101 size-full\" src=\"https:\/\/www.europesays.com\/es\/wp-content\/uploads\/2026\/01\/IMG_0150.jpg\" alt=\"\" width=\"5184\" height=\"3456\"  \/><\/a>Congreso Futuro 2025 en la Regi\u00f3n de Coquimbo<\/p>\n<p><b>La versi\u00f3n regional del principal encuentro de divulgaci\u00f3n cient\u00edfica de Latinoam\u00e9rica se desarrollar\u00e1 el 13 de enero, con entrada gratuita y la participaci\u00f3n de expositores internacionales y destacados investigadores locales.<\/b><\/p>\n<p>La <b>Regi\u00f3n de Coquimbo<\/b> ser\u00e1 parte de <b>Congreso Futuro 2026<\/b> el pr\u00f3ximo <b>martes 13 de enero<\/b>, desde las <b>10:00 horas<\/b>, con una jornada abierta a la comunidad que se realizar\u00e1 en el sal\u00f3n <b>Hex\u00e1gono del Campus Andr\u00e9s Bello de la Universidad de La Serena<\/b>. La actividad es de <b>car\u00e1cter gratuito<\/b>.<\/p>\n<p>Bajo el lema <b>\u201cHumanidad, \u00bfhacia d\u00f3nde vamos?\u201d<\/b>, el evento busca abrir un espacio de reflexi\u00f3n ciudadana sobre los principales desaf\u00edos del presente y del futuro, integrando ciencia, innovaci\u00f3n, pensamiento cr\u00edtico y pol\u00edticas p\u00fablicas. La iniciativa es organizada por el <b>Senado de la Rep\u00fablica, a trav\u00e9s de la Comisi\u00f3n Desaf\u00edos del Futuro<\/b>, junto a la <b>Fundaci\u00f3n Encuentros del Futuro (FEF) <\/b>y las principales instituciones generadoras de conocimiento en la Regi\u00f3n de Coquimbo: <b>Universidad de La Serena, Universidad Cat\u00f3lica del Norte, el Centro de Estudios Avanzados en Zonas \u00c1ridas Ceaza, y el Instituto de Investigaciones Agropecuarias INIA.\u00a0<\/b><\/p>\n<p><a href=\"https:\/\/www.europesays.com\/es\/wp-content\/uploads\/2026\/01\/CF_2026horizontal.jpg\"><img loading=\"lazy\" decoding=\"async\" class=\"wp-image-19102\" src=\"https:\/\/www.europesays.com\/es\/wp-content\/uploads\/2026\/01\/CF_2026horizontal.jpg\" alt=\"\" width=\"636\" height=\"344\"  \/><\/a>Instancia abierta para toda la regi\u00f3n<\/p>\n<p><b>Expositores internacionales<\/b><\/p>\n<p>La programaci\u00f3n contempla <b>charlas internacionales<\/b> a cargo de <b>Sebasti\u00e1n Kraves (Estados Unidos)<\/b>, cient\u00edfico y emprendedor argentino-estadounidense, PhD en Neurobiolog\u00eda y cofundador de miniPCR bio, quien abordar\u00e1 el v\u00ednculo entre ciencia, tecnolog\u00eda y participaci\u00f3n ciudadana; y <b>Will Stronge (Inglaterra)<\/b>, PhD en Pol\u00edtica y Filosof\u00eda y director de <b>Autonomy<\/b>, reconocido por liderar el debate global sobre la <b>semana laboral de cuatro d\u00edas<\/b> y el futuro del trabajo.<\/p>\n<p><b>Foro regional sobre biodiversidad<\/b><\/p>\n<p>La jornada incluir\u00e1 el <b>Foro Regional \u201cBiodiversidad y Futuro\u201d<\/b>, con la participaci\u00f3n del <b>Dr. Marcelo Rivadeneira Valenzuela (CEAZA)<\/b>, acad\u00e9mico de la Universidad de La Serena e investigador en ecolog\u00eda y biodiversidad; la <b>Dra. Britt Wallberg (INIA Intihuasi)<\/b>, especialista en conservaci\u00f3n de recursos fitogen\u00e9ticos y resiliencia territorial; <b>Mar\u00eda de los \u00c1ngeles Gallardo (UCN)\u00a0<\/b>experta en Biogeograf\u00eda y Ecofisiolog\u00eda Marina; y el <b>Mg. Jaime Pizarro-Araya (USerena)<\/b>, investigador de referencia en entomolog\u00eda ecol\u00f3gica y biodiversidad de artr\u00f3podos en Chile.<\/p>\n<p>Adem\u00e1s, el p\u00fablico podr\u00e1 recorrer <b>experiencias de divulgaci\u00f3n cient\u00edfica<\/b>, como el <b>M\u00f3vil de Entomolog\u00eda<\/b>, el <b>Banco de Semillas<\/b> y el <b>CEAZA M\u00f3vil<\/b>, orientadas a acercar el conocimiento cient\u00edfico a la comunidad de manera interactiva.<\/p>\n<p>Desde la <b>Universidad de La Serena<\/b>, la Rectora Dra. Luperfina Rojas Escobar, se\u00f1al\u00f3 que el \u201cCongreso Futuro es una instancia clave para abrir conversaciones informadas sobre los desaf\u00edos que enfrenta nuestra regi\u00f3n y el pa\u00eds. Como universidad estatal, creemos que es fundamental poner estos debates al alcance de la comunidad y contribuir activamente a la construcci\u00f3n de un futuro con mayor cohesi\u00f3n social y base cient\u00edfica\u201d.<\/p>\n<p>En tanto, desde el Vicerrector <b>Universidad Cat\u00f3lica del Norte<\/b> Sede Coquimbo, destac\u00f3 que esta instancia \u201cpermite articular a las instituciones que generamos conocimiento en la regi\u00f3n en torno a una reflexi\u00f3n compartida sobre los desaf\u00edos del territorio. Este encuentro fortalece la colaboraci\u00f3n entre universidades, centros de investigaci\u00f3n y el sector p\u00fablico, contribuyendo a que las decisiones de desarrollo regional se sostengan en evidencia, di\u00e1logo y mirada de largo plazo\u201d.<\/p>\n<p>Por su parte, el Dr. Carlos Olavarr\u00eda director ejecutivo de CEAZA, manifest\u00f3 que \u201ces un evento que nos ayuda a posicionar a la ciencia y la importancia que tiene para bienestar de las personas donde nos hace pensar sobre los distintos desaf\u00edos que tenemos como sociedad como humanidad y c\u00f3mo podemos adaptarnos a esas distintas situaciones que estamos viviendo\u201d, mientras que desde INIA, su Director Regional, Claudio Balbont\u00edn destac\u00f3 que \u201ceste a\u00f1o el Congreso del Futuro enfocado en biodiversidad es muy oportuno. La ciencia cada d\u00eda entrega m\u00e1s evidencia de la importancia y funciones beneficiosas que cumple la diversidad en la resiliencia de los ecosistemas. El INIA y su aporte en la conservaci\u00f3n de semillas cumple un rol fundamental para este objetivo.<\/p>\n<p>Puedes inscribirte en https:\/\/forms.gle\/EaiCnH8bAtCZS8Xk7<\/p>\n<p>Congreso Futuro es considerado la <b>plataforma de intercambio de ideas m\u00e1s relevante de Latinoam\u00e9rica<\/b>, creada en 2011 con el objetivo de <b>democratizar el conocimiento<\/b> y promover el di\u00e1logo entre ciencia, pol\u00edtica, academia y ciudadan\u00eda. Su <b>XV versi\u00f3n<\/b> se desarrollar\u00e1 entre el <b>12 y 17 de enero de 2026<\/b>, con actividades en Santiago y regiones del pa\u00eds.<\/p>\n","protected":false},"excerpt":{"rendered":"Congreso Futuro 2025 en la Regi\u00f3n de Coquimbo La versi\u00f3n regional del principal encuentro de divulgaci\u00f3n cient\u00edfica de&hellip;\n","protected":false},"author":2,"featured_media":329820,"comment_status":"","ping_status":"","sticky":false,"template":"","format":"standard","meta":{"footnotes":""},"categories":[42],"tags":[17,18,13,14,11,61,62,63,64,19,20,9,10,15,16,12,21,22,65,66,67],"class_list":{"0":"post-329819","1":"post","2":"type-post","3":"status-publish","4":"format-standard","5":"has-post-thumbnail","7":"category-internacional","8":"tag-breaking-news","9":"tag-breakingnews","10":"tag-featured-news","11":"tag-featurednews","12":"tag-headlines","13":"tag-internacional","14":"tag-international","15":"tag-international-news","16":"tag-internationalnews","17":"tag-latest-news","18":"tag-latestnews","19":"tag-news","20":"tag-noticias","21":"tag-noticias-destacadas","22":"tag-noticiasdestacadas","23":"tag-titulares","24":"tag-ultimas-noticias","25":"tag-ultimasnoticias","26":"tag-world","27":"tag-world-news","28":"tag-worldnews"},"share_on_mastodon":{"url":"https:\/\/pubeurope.com\/@es\/115860190318378026","error":""},"_links":{"self":[{"href":"https:\/\/www.europesays.com\/es\/wp-json\/wp\/v2\/posts\/329819","targetHints":{"allow":["GET"]}}],"collection":[{"href":"https:\/\/www.europesays.com\/es\/wp-json\/wp\/v2\/posts"}],"about":[{"href":"https:\/\/www.europesays.com\/es\/wp-json\/wp\/v2\/types\/post"}],"author":[{"embeddable":true,"href":"https:\/\/www.europesays.com\/es\/wp-json\/wp\/v2\/users\/2"}],"replies":[{"embeddable":true,"href":"https:\/\/www.europesays.com\/es\/wp-json\/wp\/v2\/comments?post=329819"}],"version-history":[{"count":0,"href":"https:\/\/www.europesays.com\/es\/wp-json\/wp\/v2\/posts\/329819\/revisions"}],"wp:featuredmedia":[{"embeddable":true,"href":"https:\/\/www.europesays.com\/es\/wp-json\/wp\/v2\/media\/329820"}],"wp:attachment":[{"href":"https:\/\/www.europesays.com\/es\/wp-json\/wp\/v2\/media?parent=329819"}],"wp:term":[{"taxonomy":"category","embeddable":true,"href":"https:\/\/www.europesays.com\/es\/wp-json\/wp\/v2\/categories?post=329819"},{"taxonomy":"post_tag","embeddable":true,"href":"https:\/\/www.europesays.com\/es\/wp-json\/wp\/v2\/tags?post=329819"}],"curies":[{"name":"wp","href":"https:\/\/api.w.org\/{rel}","templated":true}]}}