{"id":329821,"date":"2026-01-08T15:29:14","date_gmt":"2026-01-08T15:29:14","guid":{"rendered":"https:\/\/www.europesays.com\/es\/329821\/"},"modified":"2026-01-08T15:29:14","modified_gmt":"2026-01-08T15:29:14","slug":"los-realejos-eleva-su-presupuesto-de-deportes-en-2026-a-maximos-historicos-hasta-los-702-000-euros","status":"publish","type":"post","link":"https:\/\/www.europesays.com\/es\/329821\/","title":{"rendered":"Los Realejos eleva su presupuesto de Deportes en 2026 a m\u00e1ximos hist\u00f3ricos hasta los 702.000 euros"},"content":{"rendered":"<p><strong>Los Realejos eleva su presupuesto de Deportes en 2026 a m\u00e1ximos hist\u00f3ricos hasta los 702.000 euros<\/strong><\/p>\n<p><strong>El incremento se traduce en m\u00e1s subvenciones a deportistas y clubes y al fomento de la actividad y eventos deportivos en el municipio<\/strong><\/p>\n<p>El alcalde de Los Realejos, Adolfo Gonz\u00e1lez, y el concejal de Deportes, Samuel Farr\u00e1is, presentaron en la ma\u00f1ana de este jueves 8 de enero en el Complejo Deportivo Basilio Labrador el hist\u00f3rico crecimiento del presupuesto municipal del \u00e1rea de Deportes para 2026, que alcanzar\u00e1 los 702.000 euros, en torno a 90.000 euros m\u00e1s que en el pasado a\u00f1o.<\/p>\n<p>Samuel Farr\u00e1is destac\u00f3 que \u201cse ha contemplado un incremento en la dotaci\u00f3n presupuestaria de las subvenciones de concurrencia competitiva para clubes y deportistas individuales, as\u00ed como para las subvenciones nominativas a entidades deportivas del municipio, donde entrar\u00e1n como beneficiarias algunas de reciente incorporaci\u00f3n al cat\u00e1logo de clubes realejeros\u201d.<\/p>\n<p>\u201cInsistimos en que son nuestros deportistas aut\u00e9nticos embajadores de Los Realejos y siempre encontrar\u00e1n la mano tendida de este Ayuntamiento, lo hacemos a trav\u00e9s de la dotaci\u00f3n y mantenimiento de las infraestructuras, lo hacemos con el personal adscrito al servicio municipal de deportes, lo hacemos poniendo a disposici\u00f3n las instalaciones, lo hacemos con equipamiento y material deportivo y lo hacemos con estas subvenciones o ayudas directas a la propia actividad de clubes y deportistas individuales\u201d, apunt\u00f3 Adolfo Gonz\u00e1lez.<\/p>\n<p>El edil insisti\u00f3 en que \u201cLos Realejos seguir\u00e1 siendo adem\u00e1s una de las ciudades deportivas de Canarias, present\u00e1ndose nuevamente, con sus instalaciones y con su entorno natural y urbano, como uno de los lugares id\u00f3neos para la pr\u00e1ctica de distintas disciplinas que habitualmente eligen las distintas federaciones o promotores deportivos para sus eventos, contando para ello tambi\u00e9n con el apoyo municipal y contribuyendo con ello a generar dinamizaci\u00f3n econ\u00f3mica y atracci\u00f3n tur\u00edstica a nuestra localidad\u201d.<\/p>\n<p><strong>Inversiones<\/strong><\/p>\n<p>\u201cA los 702.000 euros de presupuesto espec\u00edfico del \u00e1rea de Deportes, hay que sumar las partidas destinadas en 2026 a inversiones en infraestructuras deportivas, cap\u00edtulo en el que, tras la reciente reapertura del polideportivo de La Monta\u00f1a con la inauguraci\u00f3n de su pionero pump track a finales del pasado 2025, en este nuevo a\u00f1o se destinar\u00e1n fondos a otros proyectos destacados en esta materia\u201d, avanz\u00f3 Adolfo Gonz\u00e1lez.<\/p>\n<p>En este sentido, el edil remarc\u00f3 que \u201c2026 ser\u00e1 el a\u00f1o del inicio de la ejecuci\u00f3n del ansiado proyecto de la nueva piscina y complejo deportivo, se continuar\u00e1 en la dotaci\u00f3n de recursos para culminar el polideportivo de Icod el Alto, se crear\u00e1 un edificio multifuncional en el Estadio Los Pr\u00edncipes, se reformar\u00e1 el skate park que se ubica dentro del Complejo Deportivo Basilio Labrador, se instalar\u00e1n nuevos parques street out de calistenia y se iniciar\u00e1 la redacci\u00f3n del proyecto de mejora integral del Estadio Iv\u00e1n Ramallo\u201d.<\/p>\n","protected":false},"excerpt":{"rendered":"Los Realejos eleva su presupuesto de Deportes en 2026 a m\u00e1ximos hist\u00f3ricos hasta los 702.000 euros El incremento&hellip;\n","protected":false},"author":2,"featured_media":329822,"comment_status":"","ping_status":"","sticky":false,"template":"","format":"standard","meta":{"footnotes":""},"categories":[8],"tags":[17,18,25,24,13,14,11,19,20,76073,9,10,15,16,23,12,21,22],"class_list":{"0":"post-329821","1":"post","2":"type-post","3":"status-publish","4":"format-standard","5":"has-post-thumbnail","7":"category-espana","8":"tag-breaking-news","9":"tag-breakingnews","10":"tag-es","11":"tag-espana","12":"tag-featured-news","13":"tag-featurednews","14":"tag-headlines","15":"tag-latest-news","16":"tag-latestnews","17":"tag-los-realejos-con-el-deporte","18":"tag-news","19":"tag-noticias","20":"tag-noticias-destacadas","21":"tag-noticiasdestacadas","22":"tag-spain","23":"tag-titulares","24":"tag-ultimas-noticias","25":"tag-ultimasnoticias"},"share_on_mastodon":{"url":"https:\/\/pubeurope.com\/@es\/115860194265840517","error":""},"_links":{"self":[{"href":"https:\/\/www.europesays.com\/es\/wp-json\/wp\/v2\/posts\/329821","targetHints":{"allow":["GET"]}}],"collection":[{"href":"https:\/\/www.europesays.com\/es\/wp-json\/wp\/v2\/posts"}],"about":[{"href":"https:\/\/www.europesays.com\/es\/wp-json\/wp\/v2\/types\/post"}],"author":[{"embeddable":true,"href":"https:\/\/www.europesays.com\/es\/wp-json\/wp\/v2\/users\/2"}],"replies":[{"embeddable":true,"href":"https:\/\/www.europesays.com\/es\/wp-json\/wp\/v2\/comments?post=329821"}],"version-history":[{"count":0,"href":"https:\/\/www.europesays.com\/es\/wp-json\/wp\/v2\/posts\/329821\/revisions"}],"wp:featuredmedia":[{"embeddable":true,"href":"https:\/\/www.europesays.com\/es\/wp-json\/wp\/v2\/media\/329822"}],"wp:attachment":[{"href":"https:\/\/www.europesays.com\/es\/wp-json\/wp\/v2\/media?parent=329821"}],"wp:term":[{"taxonomy":"category","embeddable":true,"href":"https:\/\/www.europesays.com\/es\/wp-json\/wp\/v2\/categories?post=329821"},{"taxonomy":"post_tag","embeddable":true,"href":"https:\/\/www.europesays.com\/es\/wp-json\/wp\/v2\/tags?post=329821"}],"curies":[{"name":"wp","href":"https:\/\/api.w.org\/{rel}","templated":true}]}}