{"id":329823,"date":"2026-01-08T15:30:29","date_gmt":"2026-01-08T15:30:29","guid":{"rendered":"https:\/\/www.europesays.com\/es\/329823\/"},"modified":"2026-01-08T15:30:29","modified_gmt":"2026-01-08T15:30:29","slug":"fallece-a-los-24-anos-de-edad-el-actor-gallego-siro-ouro-conocido-por-su-papel-en-la-mesias","status":"publish","type":"post","link":"https:\/\/www.europesays.com\/es\/329823\/","title":{"rendered":"Fallece a los 24 a\u00f1os de edad el actor gallego Siro Ouro, conocido por su papel en &#8216;La Mes\u00edas&#8217;"},"content":{"rendered":"<p><a href=\"https:\/\/img.europapress.es\/fotoweb\/fotonoticia_20260108123928_1920.jpg\" title=\"Ampliar foto\" class=\"enlaceampliarfoto\" data-fotoid=\"7203438\" rel=\"nofollow noopener\" target=\"_blank\"><img id=\"fotoPrincipalNoticia\" src=\"https:\/\/www.europesays.com\/es\/wp-content\/uploads\/2026\/01\/fotonoticia_20260108123928_260.jpg\" fetchpriority=\"high\" decoding=\"async\" border=\"0\" alt=\"Imagen de Siro Ouro.\" title=\"Fallece a los 24 a\u00f1os de edad el actor gallego Siro Ouro, conocido por su papel en 'La Mes\u00edas'\" width=\"260\" height=\"366\" itemprop=\"image\"\/><\/a><\/p>\n<p>Imagen de Siro Ouro. &#8211; LA TRISTURA<\/p>\n<p>    SANTIAGO DE COMPOSTELA 8 Ene. (EUROPA PRESS) &#8211; <\/p>\n<p>   El actor gallego Siro Ouro, conocido art\u00edsticamente como &#8216;Gold Sirope&#8217;, falleci\u00f3 el pasado 1 de enero a los 24 a\u00f1os de edad, seg\u00fan ha confirmado su padre, Dani Ouro, en redes sociales.<\/p>\n<p>    Tal como ha indicado el progenitor, el artista llevaba a\u00f1os \u00abluchando con una enfermedad rastrera, mezquina y cruel a la que finalmente sucumbi\u00f3\u00bb.<\/p>\n<p>    En un emotivo mensaje, el padre del fallecido actor explica que en Nochevieja el joven se tom\u00f3 las uvas en casa de su abuela y se retir\u00f3 a su habitaci\u00f3n dici\u00e9ndole &#8216;Te quiero&#8217;, muriendo esa misma madrugada \u00absin sufrir\u00bb. \u00abDescansa en paz mi ni\u00f1o. Ah\u00ed donde est\u00e1s nadie puede hacerte da\u00f1o. Te amar\u00e9 siempre\u00bb, sentencia su padre.<\/p>\n<p>    Tambi\u00e9n la compa\u00f1\u00eda de teatro La Tristura, a la que perteneci\u00f3 el actor, ha contado la dura noticia en sus redes sociales, destacando a Ouro como \u00abun ser incre\u00edble\u00bb y recordando que los \u00faltimos a\u00f1os han sido \u00abdif\u00edciles\u00bb para \u00e9l.<\/p>\n<p>    Nacido en Ferrol, Siro Ouro form\u00f3 parte de pel\u00edculas como &#8216;Somos Reyes&#8217; o de la serie creada por Los Javis &#8216;La Mes\u00edas&#8217;, entre otros proyectos. Tambi\u00e9n desarroll\u00f3 en los \u00faltimos a\u00f1os su faceta de m\u00fasico y compositor. <\/p>\n","protected":false},"excerpt":{"rendered":"Imagen de Siro Ouro. &#8211; LA TRISTURA SANTIAGO DE COMPOSTELA 8 Ene. (EUROPA PRESS) &#8211; El actor gallego&hellip;\n","protected":false},"author":2,"featured_media":329824,"comment_status":"","ping_status":"","sticky":false,"template":"","format":"standard","meta":{"footnotes":""},"categories":[5],"tags":[17,18,25,24,13,14,11,19,20,9,10,15,16,23,12,21,22],"class_list":{"0":"post-329823","1":"post","2":"type-post","3":"status-publish","4":"format-standard","5":"has-post-thumbnail","7":"category-titulares","8":"tag-breaking-news","9":"tag-breakingnews","10":"tag-es","11":"tag-espana","12":"tag-featured-news","13":"tag-featurednews","14":"tag-headlines","15":"tag-latest-news","16":"tag-latestnews","17":"tag-news","18":"tag-noticias","19":"tag-noticias-destacadas","20":"tag-noticiasdestacadas","21":"tag-spain","22":"tag-titulares","23":"tag-ultimas-noticias","24":"tag-ultimasnoticias"},"share_on_mastodon":{"url":"https:\/\/pubeurope.com\/@es\/115860198086345260","error":""},"_links":{"self":[{"href":"https:\/\/www.europesays.com\/es\/wp-json\/wp\/v2\/posts\/329823","targetHints":{"allow":["GET"]}}],"collection":[{"href":"https:\/\/www.europesays.com\/es\/wp-json\/wp\/v2\/posts"}],"about":[{"href":"https:\/\/www.europesays.com\/es\/wp-json\/wp\/v2\/types\/post"}],"author":[{"embeddable":true,"href":"https:\/\/www.europesays.com\/es\/wp-json\/wp\/v2\/users\/2"}],"replies":[{"embeddable":true,"href":"https:\/\/www.europesays.com\/es\/wp-json\/wp\/v2\/comments?post=329823"}],"version-history":[{"count":0,"href":"https:\/\/www.europesays.com\/es\/wp-json\/wp\/v2\/posts\/329823\/revisions"}],"wp:featuredmedia":[{"embeddable":true,"href":"https:\/\/www.europesays.com\/es\/wp-json\/wp\/v2\/media\/329824"}],"wp:attachment":[{"href":"https:\/\/www.europesays.com\/es\/wp-json\/wp\/v2\/media?parent=329823"}],"wp:term":[{"taxonomy":"category","embeddable":true,"href":"https:\/\/www.europesays.com\/es\/wp-json\/wp\/v2\/categories?post=329823"},{"taxonomy":"post_tag","embeddable":true,"href":"https:\/\/www.europesays.com\/es\/wp-json\/wp\/v2\/tags?post=329823"}],"curies":[{"name":"wp","href":"https:\/\/api.w.org\/{rel}","templated":true}]}}