{"id":329825,"date":"2026-01-08T15:34:08","date_gmt":"2026-01-08T15:34:08","guid":{"rendered":"https:\/\/www.europesays.com\/es\/329825\/"},"modified":"2026-01-08T15:34:08","modified_gmt":"2026-01-08T15:34:08","slug":"cambios-radicales-en-liv-golf","status":"publish","type":"post","link":"https:\/\/www.europesays.com\/es\/329825\/","title":{"rendered":"Cambios radicales en LIV Golf"},"content":{"rendered":"<p class=\"p1\">En una reveladora aparici\u00f3n en el podcast <strong>GOLF\u2019s Subpar<\/strong>,\u00a0<strong>Jon Rahm<\/strong> ha ofrecido algunas de sus declaraciones m\u00e1s contundentes hasta la fecha sobre el estado actual del golf mundial. El campe\u00f3n espa\u00f1ol no ha esquivado ning\u00fan tema, confirmando una transformaci\u00f3n dr\u00e1stica de LIV Golf para la temporada 2026 y abordando la delicada situaci\u00f3n de su excompa\u00f1ero de circuito, <strong>Brooks Koepka.<\/strong><\/p>\n<p class=\"p2\"><b>\u00abUn descenso brutal\u00bb: La nueva era de LIV Golf<\/b><\/p>\n<p class=\"p1\">Rahm ha confirmado oficialmente lo que era un secreto a voces: LIV Golf sufrir\u00e1 una reforma estructural sin precedentes en 2026, dise\u00f1ada en gran medida para cumplir con los criterios del Ranking Mundial Oficial de Golf (OWGR).<\/p>\n<p class=\"p1\">\u00abCreo que vamos a llegar a 57 jugadores y que <b>10 u 11 descender\u00e1n<\/b>\u00ab, explic\u00f3 Rahm en el podcast. \u00abB\u00e1sicamente, un 20% de la plantilla o un poco menos perder\u00e1 su plaza\u00bb.<\/p>\n<p class=\"p1\">Este sistema de descensos masivos, que el propio Rahm califica de agresivo, busca aumentar la competitividad y la rotaci\u00f3n de la liga. Adem\u00e1s, el formato se ampliar\u00e1 a 72 hoyos, aline\u00e1ndose con las exigencias tradicionales de los Majors y el ranking mundial. \u00abEs parte del proceso para legitimar la competici\u00f3n\u00bb, a\u00f1adi\u00f3 el de Barrika.<\/p>\n<p class=\"p2\"><b>Sobre la marcha de Brooks Koepka<\/b><\/p>\n<p class=\"p1\">Uno de los momentos m\u00e1s emotivos de la entrevista lleg\u00f3 al tratar la reciente y sorpresiva salida de <strong>Brooks Koepka<\/strong> de LIV Golf. Rahm revel\u00f3 que, aunque no conoc\u00eda los detalles contractuales, intu\u00eda la decisi\u00f3n debido a la situaci\u00f3n personal del estadounidense.<\/p>\n<p class=\"p1\">\u00abTen\u00eda una idea [de que se ir\u00eda], pero m\u00e1s por \u00e9l que por la liga\u00bb, confes\u00f3 Rahm. El espa\u00f1ol hizo referencia al dif\u00edcil momento personal que atraviesa Koepka tras sufrir la p\u00e9rdida de un embarazo junto a su esposa, <strong>Jena Sims<\/strong>. \u00abNo s\u00e9 exactamente qu\u00e9 pas\u00f3 en los despachos, pero s\u00e9 que estaba lidiando con cosas fuera del campo de golf. No le deseo eso a nadie\u00bb.<\/p>\n<p class=\"p1\">Rahm mostr\u00f3 su apoyo incondicional a Koepka, dese\u00e1ndole lo mejor en su regreso al <strong>PGA Tour<\/strong> o en el camino que decida tomar, destacando que la familia siempre debe ser la prioridad.<\/p>\n<p class=\"p2\"><b>El conflicto con el DP World Tour y la Ryder Cup<\/b><\/p>\n<p class=\"p1\">Finalmente, Rahm abord\u00f3 el elefante en la habitaci\u00f3n: su elegibilidad para la Ryder Cup y las multas pendientes con el circuito europeo (DP World Tour). A pesar de la tensi\u00f3n actual, el vasco se mostr\u00f3 optimista, aunque realista.<\/p>\n<p class=\"p1\">\u00abNo tengo ni idea de qu\u00e9 va a pasar. <b>\u00bfCreo que las multas van a desaparecer m\u00e1gicamente? No, no lo creo<\/b>\u00ab, admiti\u00f3 Rahm. Sin embargo, matiz\u00f3 su postura con un mensaje de esperanza para los aficionados europeos: \u00abPero creo que esto se ir\u00e1 solucionando poco a poco. No creo que esta haya sido mi \u00faltima Ryder Cup\u00bb.<\/p>\n<p class=\"p1\">Rahm reiter\u00f3 que su compromiso con el equipo europeo sigue intacto, a la espera de que las negociaciones entre los circuitos permitan una v\u00eda para que los mejores jugadores del mundo puedan competir juntos de nuevo sin barreras burocr\u00e1ticas.<\/p>\n","protected":false},"excerpt":{"rendered":"En una reveladora aparici\u00f3n en el podcast GOLF\u2019s Subpar,\u00a0Jon Rahm ha ofrecido algunas de sus declaraciones m\u00e1s contundentes&hellip;\n","protected":false},"author":2,"featured_media":329826,"comment_status":"","ping_status":"","sticky":false,"template":"","format":"standard","meta":{"footnotes":""},"categories":[275],"tags":[168,25,24,329,338,23,167],"class_list":{"0":"post-329825","1":"post","2":"type-post","3":"status-publish","4":"format-standard","5":"has-post-thumbnail","7":"category-golf","8":"tag-deportes","9":"tag-es","10":"tag-espana","11":"tag-golf","12":"tag-portada","13":"tag-spain","14":"tag-sports"},"share_on_mastodon":{"url":"https:\/\/pubeurope.com\/@es\/115860213873022965","error":""},"_links":{"self":[{"href":"https:\/\/www.europesays.com\/es\/wp-json\/wp\/v2\/posts\/329825","targetHints":{"allow":["GET"]}}],"collection":[{"href":"https:\/\/www.europesays.com\/es\/wp-json\/wp\/v2\/posts"}],"about":[{"href":"https:\/\/www.europesays.com\/es\/wp-json\/wp\/v2\/types\/post"}],"author":[{"embeddable":true,"href":"https:\/\/www.europesays.com\/es\/wp-json\/wp\/v2\/users\/2"}],"replies":[{"embeddable":true,"href":"https:\/\/www.europesays.com\/es\/wp-json\/wp\/v2\/comments?post=329825"}],"version-history":[{"count":0,"href":"https:\/\/www.europesays.com\/es\/wp-json\/wp\/v2\/posts\/329825\/revisions"}],"wp:featuredmedia":[{"embeddable":true,"href":"https:\/\/www.europesays.com\/es\/wp-json\/wp\/v2\/media\/329826"}],"wp:attachment":[{"href":"https:\/\/www.europesays.com\/es\/wp-json\/wp\/v2\/media?parent=329825"}],"wp:term":[{"taxonomy":"category","embeddable":true,"href":"https:\/\/www.europesays.com\/es\/wp-json\/wp\/v2\/categories?post=329825"},{"taxonomy":"post_tag","embeddable":true,"href":"https:\/\/www.europesays.com\/es\/wp-json\/wp\/v2\/tags?post=329825"}],"curies":[{"name":"wp","href":"https:\/\/api.w.org\/{rel}","templated":true}]}}