{"id":329829,"date":"2026-01-08T15:38:10","date_gmt":"2026-01-08T15:38:10","guid":{"rendered":"https:\/\/www.europesays.com\/es\/329829\/"},"modified":"2026-01-08T15:38:10","modified_gmt":"2026-01-08T15:38:10","slug":"valencia-basket-as-monaco-horario-y-donde-ver-la-euroliga-en-directo-desde-el-roig-arena","status":"publish","type":"post","link":"https:\/\/www.europesays.com\/es\/329829\/","title":{"rendered":"Valencia Basket &#8211; AS Monaco: Horario y d\u00f3nde ver la Euroliga en directo desde el Roig Arena"},"content":{"rendered":"<p class=\"ft-text\"><strong>El <\/strong><a class=\"ft-link ft-link--decoration\" href=\"https:\/\/www.superdeporte.es\/valencia-basket\/\" target=\"_blank\" rel=\"nofollow noopener\"><strong>Valencia Basket<\/strong><\/a><strong> recibe este jueves en el Roig Arena al peligros\u00edsimo AS Monaco<\/strong>. El conjunto que dirige Pedro Mart\u00ednez colidera la clasificaci\u00f3n de la Euroliga junto al Hapoel Tel Aviv, mientras que los monegascos marchan cuartos a s\u00f3lo una victoria del liderato.<\/p>\n<p>Un ex del Valencia Basket en el AS Monaco<\/p>\n<p class=\"ft-text\"><a class=\"ft-link ft-link--decoration\" href=\"https:\/\/www.superdeporte.es\/tags\/nemanja-nedovic\/\" target=\"_blank\" rel=\"nofollow noopener\"><strong>Nemanja Nedovic<\/strong><\/a> es el \u00fanico exjugador del Valencia Basket que viste actualmente la camiseta del cuadro que dirige el m\u00edtico Spanoulis. El rol del veterano (34 a\u00f1os) jugador serbio es secundario, como hombre de rotaci\u00f3n. Ronda los 12 minutos por partido en Euroliga, anotando algo m\u00e1s de cinco puntos de media, pero manteni\u00e9ndose como un peligroso triplista. <strong>Jug\u00f3 como local en La Fonteta en la temporada 14\/15<\/strong>, aunque nunca lleg\u00f3 a ser importante m\u00e1s all\u00e1 de ser un buen jugador suplente. Tras dicha campa\u00f1a, fich\u00f3 por Unicaja, mejorando sus prestaciones durante tres campa\u00f1as.<\/p>\n<p><img decoding=\"async\" src=\"https:\/\/www.europesays.com\/es\/wp-content\/uploads\/2026\/01\/cbb7037d-5127-45ce-8e0e-8563b9fa1c9d_alta-libre-aspect-ratio_default_0.jpg\" width=\"1200\" height=\"675\" alt=\"Mirotic, junto a Satoransky, en el partido de este viernes en el Palau.\" class=\"ft-helper-img-rd\" loading=\"lazy\"\/><\/p>\n<p class=\"ft-helper-fontColor-quaternary ft-helper-fontSize-body-S ft-helper-spacer-t-xxs\">Mirotic, junto a Satoransky, en el partido de este viernes en el Palau.  \/ EP<\/p>\n<p>Mirotic y los peligros del rival<\/p>\n<p class=\"ft-text\">A sus casi 35 a\u00f1os, <a class=\"ft-link ft-link--decoration\" href=\"https:\/\/www.superdeporte.es\/tags\/nikola-mirotic\/\" target=\"_blank\" rel=\"nofollow noopener\"><strong>Mirotic<\/strong><\/a><strong> ya no es el que era, pero todav\u00eda puede considerarse uno de los interiores m\u00e1s determinantes de la <\/strong><a class=\"ft-link ft-link--decoration\" href=\"https:\/\/www.euroleaguebasketball.net\/es\/euroleague\/\" target=\"_blank\" rel=\"nofollow noopener\"><strong>Euroliga<\/strong><\/a>. Adem\u00e1s de quien fuera internacional por Espa\u00f1a, otros cuatro jugadores superan los dos d\u00edgitos de anotaci\u00f3n. El estadounidense Mike James ser\u00e1 un peligro constante en creaci\u00f3n y anotaci\u00f3n, alcanzando los 16,6. Diallo, Ekobo y Theis son otros jugadores a tener en cuenta.<\/p>\n<p>Horario y d\u00f3nde ver el Valencia Basket &#8211; AS Monaco de la Euroliga en directo desde el Roig Arena<\/p>\n<p class=\"ft-text\">El AS Monaco visita el<strong> <\/strong><a class=\"ft-link ft-link--decoration\" href=\"https:\/\/www.superdeporte.es\/tags\/roig-arena\/\" target=\"_blank\" rel=\"nofollow noopener\"><strong>Roig Arena<\/strong><\/a> este jueves para disputar la jornada 21 de la Euroliga en un duelo que arrancar\u00e1 a las <strong>20:30 horas<\/strong>. Se podr\u00e1 ver en directo en Movistar Plus+ o seguirlo desde <a class=\"ft-link ft-link--decoration\" href=\"https:\/\/www.superdeporte.es\/\" target=\"_blank\" rel=\"nofollow noopener\">Superdeporte<\/a>.<\/p>\n","protected":false},"excerpt":{"rendered":"El Valencia Basket recibe este jueves en el Roig Arena al peligros\u00edsimo AS Monaco. El conjunto que dirige&hellip;\n","protected":false},"author":2,"featured_media":329830,"comment_status":"","ping_status":"","sticky":false,"template":"","format":"standard","meta":{"footnotes":""},"categories":[269],"tags":[51734,299,1918,298,4616,168,25,24,833,319,5095,12326,2915,23,167,235,2916,809],"class_list":{"0":"post-329829","1":"post","2":"type-post","3":"status-publish","4":"format-standard","5":"has-post-thumbnail","7":"category-baloncesto","8":"tag-as-monaco","9":"tag-baloncesto","10":"tag-basket","11":"tag-basketball","12":"tag-clasificacion","13":"tag-deportes","14":"tag-es","15":"tag-espana","16":"tag-euroliga","17":"tag-horario","18":"tag-monaco","19":"tag-pedro-martinez","20":"tag-roig-arena","21":"tag-spain","22":"tag-sports","23":"tag-valencia","24":"tag-valencia-basket","25":"tag-ver"},"share_on_mastodon":{"url":"https:\/\/pubeurope.com\/@es\/115860229738950674","error":""},"_links":{"self":[{"href":"https:\/\/www.europesays.com\/es\/wp-json\/wp\/v2\/posts\/329829","targetHints":{"allow":["GET"]}}],"collection":[{"href":"https:\/\/www.europesays.com\/es\/wp-json\/wp\/v2\/posts"}],"about":[{"href":"https:\/\/www.europesays.com\/es\/wp-json\/wp\/v2\/types\/post"}],"author":[{"embeddable":true,"href":"https:\/\/www.europesays.com\/es\/wp-json\/wp\/v2\/users\/2"}],"replies":[{"embeddable":true,"href":"https:\/\/www.europesays.com\/es\/wp-json\/wp\/v2\/comments?post=329829"}],"version-history":[{"count":0,"href":"https:\/\/www.europesays.com\/es\/wp-json\/wp\/v2\/posts\/329829\/revisions"}],"wp:featuredmedia":[{"embeddable":true,"href":"https:\/\/www.europesays.com\/es\/wp-json\/wp\/v2\/media\/329830"}],"wp:attachment":[{"href":"https:\/\/www.europesays.com\/es\/wp-json\/wp\/v2\/media?parent=329829"}],"wp:term":[{"taxonomy":"category","embeddable":true,"href":"https:\/\/www.europesays.com\/es\/wp-json\/wp\/v2\/categories?post=329829"},{"taxonomy":"post_tag","embeddable":true,"href":"https:\/\/www.europesays.com\/es\/wp-json\/wp\/v2\/tags?post=329829"}],"curies":[{"name":"wp","href":"https:\/\/api.w.org\/{rel}","templated":true}]}}