{"id":329831,"date":"2026-01-08T15:39:07","date_gmt":"2026-01-08T15:39:07","guid":{"rendered":"https:\/\/www.europesays.com\/es\/329831\/"},"modified":"2026-01-08T15:39:07","modified_gmt":"2026-01-08T15:39:07","slug":"font-arremete-contra-un-ejecutivo-del-club-por-su-incapacidad-estrepitosa","status":"publish","type":"post","link":"https:\/\/www.europesays.com\/es\/329831\/","title":{"rendered":"Font arremete contra un ejecutivo del club por su \u201cincapacidad estrepitosa\u201d"},"content":{"rendered":"<p class=\"\">V\u00edctor Font se ha mostrado <b>muy duro y contundente<\/b> ante la forma de dirigir el \u00e1rea de Compliance por parte de <b>Sergi Atienza<\/b>. Hay que recordar que este departamento <b>vela para que la gesti\u00f3n de club encamine sus recursos dentro de la buena praxis<\/b> y no se produzcan situaciones irregulares dentro de la entidad. <\/p>\n<p class=\"\">El futuro candidato a la presidencia arremete con todo contra el ejecutivo del club, al que acusa p\u00fablicamente de <b>\u201cdedicarse a enviar mensajes a los socios en vez de realizar su trabajo de control\u201d<\/b>, subrayando \u201cel desgobierno\u201d dentro del \u00e1rea de Compliance, <b>\u201cm\u00e1s preocupada en mirar las redes sociales que investigar las muchas operaciones cuestionables, tanto \u00e9tica como legalmente\u201d<\/b>.<\/p>\n<p class=\"\">El propio Font, a trav\u00e9s de la plataforma que encabeza \u2018Nosaltres\u2019, ha sido <b>v\u00edctima del acoso de Sergi Atienza<\/b>, seg\u00fan relata en un comunicado. \u201cSe puso en contacto para preguntarme por el contenido de varios mensajes donde explicaba hechos conocidos y reconocidos por el propio club, que a todas luces chocan con el criterio que deber\u00eda cumplir una entidad como el FC Barcelona\u201d, relata Font, quien aprovecha para recordar que la funci\u00f3n por la que se paga al ejecutivo es \u201cgarantizar que el club, incluyendo sus directivos, act\u00faen dentro de la legalidad y los valores del Bar\u00e7a\u201d.<\/p>\n<p class=\"\">El ex candidato a la presidencia aprovecha la tesitura para enumerar <b>los muchos casos en los que Sergi Atienza ha hecho la vista gorda<\/b>: \u201cNo realiz\u00f3 ninguna actuaci\u00f3n sobre la adjudicaci\u00f3n del Camp Nou a Limak, la empresa que ten\u00eda la peor puntuaci\u00f3n,<b> tampoco en los tratos de New Era Visionary Group (una empresa de reciente creaci\u00f3n, con un socio condenado por falsificaci\u00f3n) <\/b>o el acuerdo con el Congo, un pa\u00eds que est\u00e1 muy lejos de lo que representa el Bar\u00e7a\u201d.<\/p>\n<p class=\"\">Aunque donde pone el dedo en la llaga es en el acuerdo del Bar\u00e7a con ZKP, \u201cuna empresa de origen opaco y turbio\u201d, en el que el Compliance<b> \u201cmostr\u00f3 su inacci\u00f3n e incapacidad estrepitosa\u201d<\/b>. Un acuerdo que, por cierto, el Barcelona se vio obligado a rescindir ante las numerosas pruebas que pon\u00edan a la empresa en el punto de mira.<\/p>\n<p class=\"\">Font tambi\u00e9n aprovecha para denunciar la pol\u00e9mica contrataci\u00f3n de <b>ISL para jugar unos amistosos en Estados Unidos, donde se pag\u00f3 \u201c350.000 euros a una cuenta corriente de los directivos del club\u201d, en la que Atienza \u201cno consta que haya investigado ni tomado ninguna decisi\u00f3n\u201d.<\/b><\/p>\n<p class=\"\">Y como colof\u00f3n, Font aprovecha para dejar la sombra de la duda en el pago de 50 millones de comisiones a Darren Dein por su intervenci\u00f3n en el acuerdo de Nike, <b>\u201cpersonas bien informadas dentro del club sostienen que Dein no hizo ese trabajo que Laporta le atribuye\u201d, destacando que una vez m\u00e1s el Compliance \u201cno movi\u00f3 un dedo al respecto\u201d<\/b>.<\/p>\n<p class=\"\">Y tambi\u00e9n <b>puso en solfa el fichaje de Vitor Roque,<\/b> \u201cuna operaci\u00f3n que las cuentas auditadas del Bar\u00e7a muestran que ha generado p\u00e9rdidas de varias decenas de millones\u201d, por la que <b>Font recibi\u00f3 una demanda de Deco, que la justicia acab\u00f3 desestimando<\/b>. \u201cDe nuevo el club parece muy activo a la hora de atacar e intimidar al socio, pero esa exigencia no existe puertas adentro\u201d.<\/p>\n<p>Noticias relacionadas<\/p>\n<p class=\"\">Por \u00faltimo, <b>el candidato expone \u201cun claro conflicto de intereses\u201d entre la figura del Compliance y el presidente Joan Laporta,<\/b> ya que Atienza \u201cm\u00e1s que escrutar a los directivos del club y a los ejecutivos, se dedica a escrutar a los socios que piden explicaciones\u201d.<\/p>\n<p class=\"\"><b>\u00a1Tus opiniones importan!<\/b> Comenta en los art\u00edculos y suscr\u00edbete gratis a nuestra <a href=\"https:\/\/asfan.as.com\/newsletters\/\" target=\"_blank\" rel=\"nofollow noopener\" title=\"https:\/\/asfan.as.com\/newsletters\/\">newsletter<\/a> y a las alertas informativas en la <a href=\"https:\/\/as.com\/aplicacion-de-as-n\/\" target=\"_blank\" rel=\"nofollow noopener\" title=\"https:\/\/as.com\/aplicacion-de-as-n\/\">App<\/a> o el canal de <a href=\"https:\/\/www.whatsapp.com\/channel\/0029VaAasdA7j6g745nz9M10\" target=\"_blank\" rel=\"nofollow noopener\" title=\"https:\/\/www.whatsapp.com\/channel\/0029VaAasdA7j6g745nz9M10\">WhatsApp<\/a>. \u00bfBuscas licenciar contenido? Haz clic <a href=\"https:\/\/profesional.elpais.com\/soluciones-sindicacion?utm_medium=interno&amp;utm_source=crosslinking&amp;utm_campaign=sindicacion_as_pie_articulos\" target=\"_blank\" rel=\"nofollow noopener\" title=\"https:\/\/profesional.elpais.com\/soluciones-sindicacion?utm_medium=interno&amp;utm_source=crosslinking&amp;utm_campaign=sindicacion_as_pie_articulos\">aqu\u00ed<\/a><\/p>\n","protected":false},"excerpt":{"rendered":"V\u00edctor Font se ha mostrado muy duro y contundente ante la forma de dirigir el \u00e1rea de Compliance&hellip;\n","protected":false},"author":2,"featured_media":329832,"comment_status":"","ping_status":"","sticky":false,"template":"","format":"standard","meta":{"footnotes":""},"categories":[268],"tags":[168,25,24,280,282,281,23,167],"class_list":{"0":"post-329831","1":"post","2":"type-post","3":"status-publish","4":"format-standard","5":"has-post-thumbnail","7":"category-futbol","8":"tag-deportes","9":"tag-es","10":"tag-espana","11":"tag-football","12":"tag-futbol","13":"tag-soccer","14":"tag-spain","15":"tag-sports"},"share_on_mastodon":{"url":"https:\/\/pubeurope.com\/@es\/115860233651151718","error":""},"_links":{"self":[{"href":"https:\/\/www.europesays.com\/es\/wp-json\/wp\/v2\/posts\/329831","targetHints":{"allow":["GET"]}}],"collection":[{"href":"https:\/\/www.europesays.com\/es\/wp-json\/wp\/v2\/posts"}],"about":[{"href":"https:\/\/www.europesays.com\/es\/wp-json\/wp\/v2\/types\/post"}],"author":[{"embeddable":true,"href":"https:\/\/www.europesays.com\/es\/wp-json\/wp\/v2\/users\/2"}],"replies":[{"embeddable":true,"href":"https:\/\/www.europesays.com\/es\/wp-json\/wp\/v2\/comments?post=329831"}],"version-history":[{"count":0,"href":"https:\/\/www.europesays.com\/es\/wp-json\/wp\/v2\/posts\/329831\/revisions"}],"wp:featuredmedia":[{"embeddable":true,"href":"https:\/\/www.europesays.com\/es\/wp-json\/wp\/v2\/media\/329832"}],"wp:attachment":[{"href":"https:\/\/www.europesays.com\/es\/wp-json\/wp\/v2\/media?parent=329831"}],"wp:term":[{"taxonomy":"category","embeddable":true,"href":"https:\/\/www.europesays.com\/es\/wp-json\/wp\/v2\/categories?post=329831"},{"taxonomy":"post_tag","embeddable":true,"href":"https:\/\/www.europesays.com\/es\/wp-json\/wp\/v2\/tags?post=329831"}],"curies":[{"name":"wp","href":"https:\/\/api.w.org\/{rel}","templated":true}]}}