{"id":329850,"date":"2026-01-08T15:51:07","date_gmt":"2026-01-08T15:51:07","guid":{"rendered":"https:\/\/www.europesays.com\/es\/329850\/"},"modified":"2026-01-08T15:51:07","modified_gmt":"2026-01-08T15:51:07","slug":"se-superan-los-100-sismos-registrados-en-2026-conred","status":"publish","type":"post","link":"https:\/\/www.europesays.com\/es\/329850\/","title":{"rendered":"SE SUPERAN LOS 100 SISMOS REGISTRADOS EN 2026 \u00bb CONRED"},"content":{"rendered":"<p>                                <img loading=\"lazy\" width=\"924\" height=\"814\" src=\"https:\/\/www.europesays.com\/es\/wp-content\/uploads\/2026\/01\/Boletin-Informativo-10-2026.png\" class=\" wp-post-image\" alt=\"\" decoding=\"async\"  \/>        <\/p>\n<p class=\"uk-article-meta\">\n                        Escrito por <a href=\"https:\/\/conred.gob.gt\/author\/coordinadora-nacional-para-la-reduccion-de-desastr\/\" title=\"CONRED\" rel=\"nofollow noopener\" target=\"_blank\">CONRED<\/a> el enero 8, 2026. Posteado en <a href=\"https:\/\/conred.gob.gt\/category\/informativos\/\" rel=\"category tag nofollow noopener\" target=\"_blank\">Boletines Informativos<\/a>                    <\/p>\n<p>Bolet\u00edn Informativo 10-2026<\/p>\n<p>Ya son un total de 109 sismos los registrados en el territorio nacional durante el 2026, de acuerdo con el bolet\u00edn sismol\u00f3gico del INSIVUMEH emitido el 8 de enero. De estos eventos, uno ha sido catalogado como sensible y 23 se registraron en las \u00faltimas 24 horas.<\/p>\n<p>Los departamentos donde se localizaron los epicentros de estos eventos s\u00edsmicos fueron:<\/p>\n<p>\u00b7Escuintla (1)<\/p>\n<p>\u00b7Jutiapa (5)<\/p>\n<p>\u00b7Sacatep\u00e9quez (1)<\/p>\n<p>\u00b7Santa Rosa (2)<\/p>\n<p>El sismo de mayor magnitud ocurri\u00f3 a las 00:34 horas del 7 de enero, con una magnitud de 2.3, y tuvo como epicentro el departamento de Escuintla. De acuerdo con el monitoreo realizado por el Centro de Operaciones de Emergencias, no se reportaron da\u00f1os personales ni materiales asociados a este evento.<\/p>\n<p>Durante el a\u00f1o 2025 se registraron m\u00e1s de 11,800 sismos en el pa\u00eds, lo que resalta la importancia de mantener acciones de preparaci\u00f3n y prevenci\u00f3n, como contar con la mochila de las 72 horas y el plan familiar de respuesta. Ante la ocurrencia de un sismo, se recomienda mantener la calma, evacuar de manera ordenada y reportar cualquier emergencia al n\u00famero 119 de la CONRED.<\/p>\n<p>&#13;<br \/>\n\t\t\t\t58&#13;\n\t\t\t<\/p>\n","protected":false},"excerpt":{"rendered":"Escrito por CONRED el enero 8, 2026. Posteado en Boletines Informativos Bolet\u00edn Informativo 10-2026 Ya son un total&hellip;\n","protected":false},"author":2,"featured_media":329851,"comment_status":"","ping_status":"","sticky":false,"template":"","format":"standard","meta":{"footnotes":""},"categories":[42],"tags":[17,18,13,14,11,61,62,63,64,19,20,9,10,15,16,12,21,22,65,66,67],"class_list":{"0":"post-329850","1":"post","2":"type-post","3":"status-publish","4":"format-standard","5":"has-post-thumbnail","7":"category-internacional","8":"tag-breaking-news","9":"tag-breakingnews","10":"tag-featured-news","11":"tag-featurednews","12":"tag-headlines","13":"tag-internacional","14":"tag-international","15":"tag-international-news","16":"tag-internationalnews","17":"tag-latest-news","18":"tag-latestnews","19":"tag-news","20":"tag-noticias","21":"tag-noticias-destacadas","22":"tag-noticiasdestacadas","23":"tag-titulares","24":"tag-ultimas-noticias","25":"tag-ultimasnoticias","26":"tag-world","27":"tag-world-news","28":"tag-worldnews"},"share_on_mastodon":{"url":"","error":""},"_links":{"self":[{"href":"https:\/\/www.europesays.com\/es\/wp-json\/wp\/v2\/posts\/329850","targetHints":{"allow":["GET"]}}],"collection":[{"href":"https:\/\/www.europesays.com\/es\/wp-json\/wp\/v2\/posts"}],"about":[{"href":"https:\/\/www.europesays.com\/es\/wp-json\/wp\/v2\/types\/post"}],"author":[{"embeddable":true,"href":"https:\/\/www.europesays.com\/es\/wp-json\/wp\/v2\/users\/2"}],"replies":[{"embeddable":true,"href":"https:\/\/www.europesays.com\/es\/wp-json\/wp\/v2\/comments?post=329850"}],"version-history":[{"count":0,"href":"https:\/\/www.europesays.com\/es\/wp-json\/wp\/v2\/posts\/329850\/revisions"}],"wp:featuredmedia":[{"embeddable":true,"href":"https:\/\/www.europesays.com\/es\/wp-json\/wp\/v2\/media\/329851"}],"wp:attachment":[{"href":"https:\/\/www.europesays.com\/es\/wp-json\/wp\/v2\/media?parent=329850"}],"wp:term":[{"taxonomy":"category","embeddable":true,"href":"https:\/\/www.europesays.com\/es\/wp-json\/wp\/v2\/categories?post=329850"},{"taxonomy":"post_tag","embeddable":true,"href":"https:\/\/www.europesays.com\/es\/wp-json\/wp\/v2\/tags?post=329850"}],"curies":[{"name":"wp","href":"https:\/\/api.w.org\/{rel}","templated":true}]}}