{"id":329854,"date":"2026-01-08T15:53:17","date_gmt":"2026-01-08T15:53:17","guid":{"rendered":"https:\/\/www.europesays.com\/es\/329854\/"},"modified":"2026-01-08T15:53:17","modified_gmt":"2026-01-08T15:53:17","slug":"sara-carbonero-esta-despierta-y-recuperandose-en-la-uci-la-voz-de-galicia","status":"publish","type":"post","link":"https:\/\/www.europesays.com\/es\/329854\/","title":{"rendered":"Sara Carbonero est\u00e1 despierta y recuper\u00e1ndose en la uci &#8211; La Voz de Galicia"},"content":{"rendered":"<ol>\n<li><a href=\"https:\/\/news.google.com\/rss\/articles\/CBMiwwFBVV95cUxPeTdlMDZlQ2lySElWVTRpbi11ZnZORXMzeUlxZVFkNWUwWVRKTktqa3hLOTl0YlNSV1BOejQzOFZRaGI0N2hQZEh2UEl3U1VfQzVwdXU2eWV1VWtTY0I5Qk9tSFVnUnotbGRWSmhCc1FkaWZXeTR5UUpDSlVHSWtXTHI1cUFma0RLRDgzUXo5MlE5T29XSnMyWXRHOEdzbUJOUFluTXZ3T0h0U3JvLXN6Z0t5ZG42UkRMWDdLOXpSLUdTRknSAd8BQVVfeXFMTy1KVWNMMFNYSGVZQVVwaWloUG14aU0yTWxJdGZ4TGFDTTduQ2NhQVdETFhKX0F2NEV2S1JIRWw3cl8yaE1FWmJONFJFSGxDb01fbkRwTE9udGtBdmstMkhtX3ZONEJsQ3lMMTNIVEVIeHAyTlphR1RYNFdkcDRsVGt3ODNTUTZNQUZuc0k1T3FKOVVsVWhmZ0xONzVPMldMY203V1dDUjFsUGhpRWZiUXY1MGo5dTNUaVJxYnhIZlFTNGRMNzJ5ajB1cmhOQ2xsQnk3VlFyQWdkOWlZd1g5UQ?oc=5\" target=\"_blank\" rel=\"nofollow noopener\">Sara Carbonero est\u00e1 despierta y recuper\u00e1ndose en la uci<\/a>&nbsp;&nbsp;La Voz de Galicia<\/li>\n<li><a href=\"https:\/\/news.google.com\/rss\/articles\/CBMi0gFBVV95cUxQSGZkMjBJS19jbzU1YWxvSFBQSGsybDZOT3R3WXk0QkJLa0JzTDMtRUI4b2FGckFxVF9BREMyTzRYWk9yR2Flb0tpaVp0WkNNYVlGbHBKdmFuX3lidlFCaXVDU1pQTUxXRDB4dHVCd1JST1QxX1pnWVRWbGZ1YmJnY3JqR3VzdThnX3lKQlBnY0c0SElfb2YwMGktalhwdlhOSldkeWV3OHA3Q244akNIRHVCQ3N4bW9TVnl5V3FoaHl3emZIa25ESURaeWpVbXVLdmfSAdIBQVVfeXFMUGRBMEN1di0xRDE3MWFtSC1DV05zcS1ZVTVCMUMtalRMcFU1NnlrZzY1dWUtYUgxY2x5UXZVTHpzcVVNcmwzdktLR1E3bUpvSHhxQ2ZEMVVkQlBmV2VVbGxLM05EUUJmdlkzMEFTSzBtMVlSbk5rQUVraVVXUmJwX0w4SGZqZ0dUUWJWeDFRTkt4MEdfMHcwNnAzVDE3M0NNYzVxUkFEM3otWTdpZ1FJWkZyNGRlNUZ5M2R3Z3hmOUkxTEd0WVM3ZDdIbU9UTWxaTjhn?oc=5\" target=\"_blank\" rel=\"nofollow noopener\">Las primeras palabras de Iker Casillas sobre la intervenci\u00f3n de Sara Carbonero que la mantiene en la UCI<\/a>&nbsp;&nbsp;MARCA<\/li>\n<li><a href=\"https:\/\/news.google.com\/rss\/articles\/CBMi9gFBVV95cUxPbnJDbXJPOHBfTEJaTFlZVy1JaHc2ZkJ4bFZiS0V2UWc5eG9RSS1VY0E5eW1nbnN0aVJ6ZEY0empheVFFOWh6bG8zcG9Ib1JNcW9rblVRNkFyNThtX2xJckljOERtTnpRVnVrODVwOGZwVmVNRVdDSTBtbFN5S0NVQUliNzRDTFhtYU9SXzdIbEt5RUtiaGc0aXVvd1dvbmxVMEd2cVViMEFINmY1c0FZRF9BZThyZ3c0TlRBRmFZZXRNZTlxY21ib1hYVXJtRTNvdXhVODE5QWdaOUJnYTF3SHI1cFlTc3BxUHBIa3o3X3RsaUpYMEHSAfYBQVVfeXFMTnZkWHZUVHF6aDBsNkQzby1XNDVfUmVZaGg2cnVZWjhSQ2tVd244NlJTckFFekQ3VWw0Rm5STXlYSEhFaEJ6cVBocDYxQzIxRzBGUGJERGtXU2k3dm5Gc1NmRTRoYUVlTFZ3Q0N4YmVXZUxVWXFiMHMtbnNxRVRVY3ZsenlEbW81SWtGbVJ2NHFSVEdwZlhXVHZTMFhPWm5GSGJHd21SNUVTc0w4c0ZWSWRVMHJPNkgwQkVpWS12UWh0WUFpNzJUaFA3MkNUTG1ZOUtTT1JiMkl0dldZYXloZkNXR185TF9pWTNEQy1sX0JBdDIyYndB?oc=5\" target=\"_blank\" rel=\"nofollow noopener\">Miquel Valls avanza la \u00faltima hora sobre el estado de salud de Sara Carbonero, en la UCI: \u00abSe est\u00e1<\/a>&nbsp;&nbsp;Antena 3<\/li>\n<li><a href=\"https:\/\/news.google.com\/rss\/articles\/CBMitwFBVV95cUxQVFJnRVExc1ZEYldyNHRlZVpuRVhnUnZ0M3pmTTlfQUNvRXZsM3hUeWE4cUJjX29LaUtFeFByTU1wdGJGQVowZHZDSnNqXzRiU2lfWXRpSHBROW41TnF1V2tlLVdHOTlabVRWdWlSY21iSVVnaGVSU2pfVmxjN05pcEVGSjJJa3pjek41dy1QMmFyYTFTWTEtOGZMb0JlYkVvTGZTcXBIa0xrTlVGYS1IajhGMG9sLXPSAbwBQVVfeXFMUGM3VEVEcXN4TWJnbVJXWDV1QmtXYTJRclppZUtMVGtmaTJybmhXRUlvenBzQXJfU1hjVHVFMmxYNE9fTElQQ1FhLUh4ZDZxTmJtSmU3M2hZblI5NlgzbC1jTE9Wa2RNVFdPQzdmV0JTWVBGamlGOEc0eXlNNUw1V09QOFR5cXN4V0ZZMXpMbTUtdmR0dXA4clJ3WExSNHlmdldaeFR3cE9iTnNBOTlYcExtMzZkUGUyNUVQeVg?oc=5\" target=\"_blank\" rel=\"nofollow noopener\">Qu\u00e9 sabemos del susto de salud de Sara Carbonero: por qu\u00e9 la han operado de urgencia y qui\u00e9nes la acompa\u00f1an en el hospital<\/a>&nbsp;&nbsp;Mujerhoy<\/li>\n<li><a href=\"https:\/\/news.google.com\/rss\/articles\/CBMigAFBVV95cUxOQ3FncnloQUlfYWRhQ3hjdklnR0x6WDMteHFndm1GZFI5emdDM3VtaUVUNWk1Wll3NEJlQUIxdjY4dDc4NlJETXJna1l0d2xWakpUYi1XSU03X2RDbDVYTXZqR3Itb2VsNWpYNmhFQUhOUEtTd0xLZWl4OVFHSWY0TtIBgAFBVV95cUxOMWpPRWNCYWRUalBiaUh4alM4QWp4RWhyb05FZWpCMGdOR09qS0dWUHlsUERISmxkMHZZc2k1OTk5dHZHRTV6a3pCM1NyMjlDNnk1c2ZQWGR3Uk9YdkhwallMazkzRC1fLWRIQzlFZ3lFUFN0eExJV0pRaUI0bnQ3ZQ?oc=5\" target=\"_blank\" rel=\"nofollow noopener\">\u00daltima hora sobre el estado de salud de Sara Carbonero tras ser ingresada de urgencia en Lanzarote<\/a>&nbsp;&nbsp;El Mundo<\/li>\n<\/ol>\n","protected":false},"excerpt":{"rendered":"Sara Carbonero est\u00e1 despierta y recuper\u00e1ndose en la uci&nbsp;&nbsp;La Voz de Galicia Las primeras palabras de Iker Casillas&hellip;\n","protected":false},"author":2,"featured_media":329855,"comment_status":"","ping_status":"","sticky":false,"template":"","format":"standard","meta":{"footnotes":""},"categories":[5],"tags":[17,18,25,24,13,14,11,19,20,9,10,15,16,15968,23,12,21,22],"class_list":{"0":"post-329854","1":"post","2":"type-post","3":"status-publish","4":"format-standard","5":"has-post-thumbnail","7":"category-titulares","8":"tag-breaking-news","9":"tag-breakingnews","10":"tag-es","11":"tag-espana","12":"tag-featured-news","13":"tag-featurednews","14":"tag-headlines","15":"tag-latest-news","16":"tag-latestnews","17":"tag-news","18":"tag-noticias","19":"tag-noticias-destacadas","20":"tag-noticiasdestacadas","21":"tag-sara-carbonero","22":"tag-spain","23":"tag-titulares","24":"tag-ultimas-noticias","25":"tag-ultimasnoticias"},"share_on_mastodon":{"url":"https:\/\/pubeurope.com\/@es\/115860288518851984","error":""},"_links":{"self":[{"href":"https:\/\/www.europesays.com\/es\/wp-json\/wp\/v2\/posts\/329854","targetHints":{"allow":["GET"]}}],"collection":[{"href":"https:\/\/www.europesays.com\/es\/wp-json\/wp\/v2\/posts"}],"about":[{"href":"https:\/\/www.europesays.com\/es\/wp-json\/wp\/v2\/types\/post"}],"author":[{"embeddable":true,"href":"https:\/\/www.europesays.com\/es\/wp-json\/wp\/v2\/users\/2"}],"replies":[{"embeddable":true,"href":"https:\/\/www.europesays.com\/es\/wp-json\/wp\/v2\/comments?post=329854"}],"version-history":[{"count":0,"href":"https:\/\/www.europesays.com\/es\/wp-json\/wp\/v2\/posts\/329854\/revisions"}],"wp:featuredmedia":[{"embeddable":true,"href":"https:\/\/www.europesays.com\/es\/wp-json\/wp\/v2\/media\/329855"}],"wp:attachment":[{"href":"https:\/\/www.europesays.com\/es\/wp-json\/wp\/v2\/media?parent=329854"}],"wp:term":[{"taxonomy":"category","embeddable":true,"href":"https:\/\/www.europesays.com\/es\/wp-json\/wp\/v2\/categories?post=329854"},{"taxonomy":"post_tag","embeddable":true,"href":"https:\/\/www.europesays.com\/es\/wp-json\/wp\/v2\/tags?post=329854"}],"curies":[{"name":"wp","href":"https:\/\/api.w.org\/{rel}","templated":true}]}}