{"id":329866,"date":"2026-01-08T16:04:07","date_gmt":"2026-01-08T16:04:07","guid":{"rendered":"https:\/\/www.europesays.com\/es\/329866\/"},"modified":"2026-01-08T16:04:07","modified_gmt":"2026-01-08T16:04:07","slug":"dos-esculturas-romanas-expoliadas-hace-mas-de-una-decada-regresan-a-espana","status":"publish","type":"post","link":"https:\/\/www.europesays.com\/es\/329866\/","title":{"rendered":"Dos esculturas romanas expoliadas hace m\u00e1s de una d\u00e9cada regresan a Espa\u00f1a"},"content":{"rendered":"\n<p> Esta es la historia de <strong>dos imponentes grupos escult\u00f3ricos<\/strong> en bronce de \u00e9poca romana, realizados entre los siglos I y II. d.C, que <a href=\"https:\/\/www.elconfidencial.com\/cultura\/2025-08-12\/espana-colgantes-visigodos-expoliados-metropolitan_4189659\/\" target=\"_self\" rel=\"nofollow noopener\">fueron expoliados <\/a>entre los a\u00f1os 2007 y 2008 de un yacimiento en el sur de Espa\u00f1a, <strong>sacados ilegalmente<\/strong> del pa\u00eds y que, despu\u00e9s de blanquearse su origen y procedencia mediante documentos falsos, acabaron <strong>vendi\u00e9ndose al mejor postor <\/strong>en una casa de subastas en 2012. <\/p>\n<p> Esas dos importantes piezas <strong>han logrado ser recuperadas<\/strong> y hoy han sido presentadas en el Museo Arqueol\u00f3gico Nacional en un acto que ha contado con la colaboraci\u00f3n de la <a href=\"https:\/\/www.elconfidencial.com\/tags\/organismos\/policia-nacional-8342\/\" target=\"_self\" rel=\"nofollow noopener\">Polic\u00eda Nacional<\/a>, cuerpo que ha jugado un papel clave en su recuperaci\u00f3n. <\/p>\n<p> La pareja de esculturas, de \u00e9poca romana altoimperial, destaca por su gran <strong>singularidad y calidad <\/strong>y su excepcional iconograf\u00eda. Representan a dos ni\u00f1as de corta edad persiguiendo sendas perdices, una escena poco habitual en la escultura romana que se ha conservado hasta la actualidad. A lo extraordinario que resulta que una escultura romana de bronce de hace m\u00e1s de 2.000 a\u00f1os haya llegado hasta nuestros d\u00edas se a\u00f1ade <strong>lo ins\u00f3lito de que se conserve completa<\/strong>, con sus bases de metal incluidas. <\/p>\n<p> Las esculturas, que<strong> salieron ilegalmente de Espa\u00f1a hace m\u00e1s de una d\u00e9cada<\/strong>, han sido entregadas al Ministerio de Cultura hoy en un acto celebrado en el Museo Arqueol\u00f3gico Nacional, que ha contado con la presencia de responsables de la Polic\u00eda Nacional y la Direcci\u00f3n General de Patrimonio Cultural y Bellas Artes del Ministerio de Cultura. <\/p>\n<p> La investigaci\u00f3n policial para conseguir el retorno de los bronces al patrimonio cultural espa\u00f1ol ha contado con la colaboraci\u00f3n de la embajada espa\u00f1ola en Suiza, el apoyo del Ministerio de Cultura a trav\u00e9s de la Subdirecci\u00f3n de Registros y Documentaci\u00f3n del Patrimonio Hist\u00f3rico y del Museo Arqueol\u00f3gico Nacional, as\u00ed como del departamento de Aduanas de la AEAT. <\/p>\n<p> Esta es la historia de <strong>dos imponentes grupos escult\u00f3ricos<\/strong> en bronce de \u00e9poca romana, realizados entre los siglos I y II. d.C, que <a href=\"https:\/\/www.elconfidencial.com\/cultura\/2025-08-12\/espana-colgantes-visigodos-expoliados-metropolitan_4189659\/\" target=\"_self\" rel=\"nofollow noopener\">fueron expoliados <\/a>entre los a\u00f1os 2007 y 2008 de un yacimiento en el sur de Espa\u00f1a, <strong>sacados ilegalmente<\/strong> del pa\u00eds y que, despu\u00e9s de blanquearse su origen y procedencia mediante documentos falsos, acabaron <strong>vendi\u00e9ndose al mejor postor <\/strong>en una casa de subastas en 2012. <\/p>\n","protected":false},"excerpt":{"rendered":"Esta es la historia de dos imponentes grupos escult\u00f3ricos en bronce de \u00e9poca romana, realizados entre los siglos&hellip;\n","protected":false},"author":2,"featured_media":329867,"comment_status":"","ping_status":"","sticky":false,"template":"","format":"standard","meta":{"footnotes":""},"categories":[173],"tags":[229,233,231,230,232,234,146,147,25,24,23],"class_list":{"0":"post-329866","1":"post","2":"type-post","3":"status-publish","4":"format-standard","5":"has-post-thumbnail","7":"category-arte-y-diseno","8":"tag-arte","9":"tag-arte-y-diseno","10":"tag-arts","11":"tag-arts-and-design","12":"tag-design","13":"tag-diseno","14":"tag-entertainment","15":"tag-entretenimiento","16":"tag-es","17":"tag-espana","18":"tag-spain"},"share_on_mastodon":{"url":"https:\/\/pubeurope.com\/@es\/115860331722246288","error":""},"_links":{"self":[{"href":"https:\/\/www.europesays.com\/es\/wp-json\/wp\/v2\/posts\/329866","targetHints":{"allow":["GET"]}}],"collection":[{"href":"https:\/\/www.europesays.com\/es\/wp-json\/wp\/v2\/posts"}],"about":[{"href":"https:\/\/www.europesays.com\/es\/wp-json\/wp\/v2\/types\/post"}],"author":[{"embeddable":true,"href":"https:\/\/www.europesays.com\/es\/wp-json\/wp\/v2\/users\/2"}],"replies":[{"embeddable":true,"href":"https:\/\/www.europesays.com\/es\/wp-json\/wp\/v2\/comments?post=329866"}],"version-history":[{"count":0,"href":"https:\/\/www.europesays.com\/es\/wp-json\/wp\/v2\/posts\/329866\/revisions"}],"wp:featuredmedia":[{"embeddable":true,"href":"https:\/\/www.europesays.com\/es\/wp-json\/wp\/v2\/media\/329867"}],"wp:attachment":[{"href":"https:\/\/www.europesays.com\/es\/wp-json\/wp\/v2\/media?parent=329866"}],"wp:term":[{"taxonomy":"category","embeddable":true,"href":"https:\/\/www.europesays.com\/es\/wp-json\/wp\/v2\/categories?post=329866"},{"taxonomy":"post_tag","embeddable":true,"href":"https:\/\/www.europesays.com\/es\/wp-json\/wp\/v2\/tags?post=329866"}],"curies":[{"name":"wp","href":"https:\/\/api.w.org\/{rel}","templated":true}]}}