{"id":329878,"date":"2026-01-08T16:11:26","date_gmt":"2026-01-08T16:11:26","guid":{"rendered":"https:\/\/www.europesays.com\/es\/329878\/"},"modified":"2026-01-08T16:11:26","modified_gmt":"2026-01-08T16:11:26","slug":"muere-a-los-24-anos-el-cantante-y-actor-gallego-siro-ouro-que-interpreto-a-alex-en-la-mesias","status":"publish","type":"post","link":"https:\/\/www.europesays.com\/es\/329878\/","title":{"rendered":"Muere a los 24 a\u00f1os el cantante y actor gallego Siro Ouro, que interpret\u00f3 a \u00c1lex en &#8216;La mes\u00edas&#8217;"},"content":{"rendered":"<p class=\"article-text\">\n        El actor y m\u00fasico Siro Ouro, conocido art\u00edsticamente como Gold Sirope, falleci\u00f3 a los 24 a\u00f1os de edad, seg\u00fan ha confirmado su agencia de representaci\u00f3n, que lo ha definido como un\u00a0\u201cartista sensible, inquieto y profundamente comprometido con la creaci\u00f3n\u201d.\n    <\/p>\n<p>    <a href=\"https:\/\/www.eldiario.es\/cultura\/muere-78-anos-actor-celso-bugallo-conquisto-goya-mar-adentro_1_12862560.html\" data-mrf-recirculation=\"saber-mas\" data-dl-event=\"saber-mas\" rel=\"nofollow noopener\" target=\"_blank\"><\/p>\n<p class=\"know-more__title\">Muere a los 78 a\u00f1os el actor Celso Bugallo, que conquist\u00f3 el Goya por &#8216;Mar adentro&#8217;<\/p>\n<p>            <img decoding=\"async\" class=\"lazy\" loading=\"lazy\" data-src=\"https:\/\/static.eldiario.es\/clip\/742cfc88-d9a8-47bc-b062-6c412847a04b_16-9-aspect-ratio_default_0_x638y103.jpg\" src=\"data:image\/svg+xml,%3Csvg xmlns=\" http:=\"\" viewbox=\"0 0 880 495\" alt=\"Muere a los 78 a\u00f1os el actor Celso Bugallo, que conquist\u00f3 el Goya por 'Mar adentro'\"\/><\/p>\n<p>                        <\/a><\/p>\n<p class=\"article-text\">\n        As\u00ed, seg\u00fan recoge EFE, ha se\u00f1alado que su muerte se produjo el pasado 1 de enero y ha valorado que desarroll\u00f3 \u201cuna trayectoria marcada por la b\u00fasqueda, la honestidad y una vocaci\u00f3n art\u00edstica que abarc\u00f3 el teatro, el cine y la m\u00fasica, incluso durante la enfermedad que estaba atravesando\u201d.\n    <\/p>\n<p class=\"article-text\">\n        Nacido en Ferrol, form\u00f3 parte de la compa\u00f1\u00eda La Tristura, con la que trabaj\u00f3 en producciones como Materia prima y Future lovers, adem\u00e1s de intervenir en la pel\u00edcula Somos Reyes o en\u00a0la serie La Mes\u00edas, de Los Javis, entre otras actuaciones.\n    <\/p>\n<blockquote class=\"instagram-media\" data-instgrm-version=\"14\" data-instgrm-permalink=\"https:\/\/www.instagram.com\/p\/DS-msclDYl-\/\" data-instgrm-captioned=\"\"\/>\n<p class=\"article-text\">\n        Al mismo tiempo, despleg\u00f3 su papel como m\u00fasico bajo la denominaci\u00f3n de Gold Sirope, proyecto sobre el que su agencia ha indicado que su \u00faltima canci\u00f3n, publicada en las \u00faltimas semanas, ser\u00e1 un \u201ctestimonio art\u00edstico y emocional de gran valor\u201d.\n    <\/p>\n<p>    <a href=\"https:\/\/www.eldiario.es\/galicia\/muere-actor-gallego-xabier-deive-conocida-trabajo-series-ministerio-tiempo-faro_1_11534268.html\" data-mrf-recirculation=\"saber-mas-abajo\" data-dl-event=\"saber-mas-abajo\" rel=\"nofollow noopener\" target=\"_blank\"><\/p>\n<p class=\"know-more__title\">Muere el actor gallego Xabier Deive, conocido por su trabajo en series como &#8216;El ministerio del tiempo&#8217; o &#8216;O Faro&#8217;<\/p>\n<p>            <img decoding=\"async\" class=\"lazy\" loading=\"lazy\" data-src=\"https:\/\/static.eldiario.es\/clip\/c1294392-fcfa-4e42-8cd7-414e9d287fc5_16-9-aspect-ratio_default_0.jpg\" src=\"data:image\/svg+xml,%3Csvg xmlns=\" http:=\"\" viewbox=\"0 0 880 495\" alt=\"Muere el actor gallego Xabier Deive, conocido por su trabajo en series como 'El ministerio del tiempo' o 'O Faro'\"\/><\/p>\n<p>                        <\/a><\/p>\n<p class=\"article-text\">\n        Fue su padre, el tambi\u00e9n actor Daniel Ouro, el que hizo p\u00fablico el anuncio a trav\u00e9s de su cuenta en la red social Instagram. \u201cHoy se ha ido mi hijo Siro, falleci\u00f3 de noche sin sufrir a los 24 a\u00f1os. Llevaba a\u00f1os luchando con una enfermedad rastera, mezquina y cruel a la que finalmente sucumbi\u00f3. Esta madrugada se tom\u00f3 las uvas en casa de su abuela y se retir\u00f3 a su habitaci\u00f3n. Lo \u00faltimo que le dije y lo \u00faltimo que escuch\u00e9 de \u00e9l fue \u201dte quiero\u201c. Descansa en paz mi ni\u00f1o ah\u00ed donde est\u00e1s nadie puede hacerte da\u00f1o. Te amar\u00e9 siempre\u201d.\n    <\/p>\n<p>                                <script async src=\"\/\/www.instagram.com\/embed.js\"><\/script><\/p>\n","protected":false},"excerpt":{"rendered":"El actor y m\u00fasico Siro Ouro, conocido art\u00edsticamente como Gold Sirope, falleci\u00f3 a los 24 a\u00f1os de edad,&hellip;\n","protected":false},"author":2,"featured_media":329879,"comment_status":"","ping_status":"","sticky":false,"template":"","format":"standard","meta":{"footnotes":""},"categories":[91],"tags":[517,1705,146,147,25,24,816,7386,7318,10,1925,7387,1146,23],"class_list":{"0":"post-329878","1":"post","2":"type-post","3":"status-publish","4":"format-standard","5":"has-post-thumbnail","7":"category-entretenimiento","8":"tag-actualidad","9":"tag-analisis","10":"tag-entertainment","11":"tag-entretenimiento","12":"tag-es","13":"tag-espana","14":"tag-galicia","15":"tag-la-coruna","16":"tag-lugo","17":"tag-noticias","18":"tag-opinion","19":"tag-orense","20":"tag-pontevedra","21":"tag-spain"},"share_on_mastodon":{"url":"https:\/\/pubeurope.com\/@es\/115860359462363882","error":""},"_links":{"self":[{"href":"https:\/\/www.europesays.com\/es\/wp-json\/wp\/v2\/posts\/329878","targetHints":{"allow":["GET"]}}],"collection":[{"href":"https:\/\/www.europesays.com\/es\/wp-json\/wp\/v2\/posts"}],"about":[{"href":"https:\/\/www.europesays.com\/es\/wp-json\/wp\/v2\/types\/post"}],"author":[{"embeddable":true,"href":"https:\/\/www.europesays.com\/es\/wp-json\/wp\/v2\/users\/2"}],"replies":[{"embeddable":true,"href":"https:\/\/www.europesays.com\/es\/wp-json\/wp\/v2\/comments?post=329878"}],"version-history":[{"count":0,"href":"https:\/\/www.europesays.com\/es\/wp-json\/wp\/v2\/posts\/329878\/revisions"}],"wp:featuredmedia":[{"embeddable":true,"href":"https:\/\/www.europesays.com\/es\/wp-json\/wp\/v2\/media\/329879"}],"wp:attachment":[{"href":"https:\/\/www.europesays.com\/es\/wp-json\/wp\/v2\/media?parent=329878"}],"wp:term":[{"taxonomy":"category","embeddable":true,"href":"https:\/\/www.europesays.com\/es\/wp-json\/wp\/v2\/categories?post=329878"},{"taxonomy":"post_tag","embeddable":true,"href":"https:\/\/www.europesays.com\/es\/wp-json\/wp\/v2\/tags?post=329878"}],"curies":[{"name":"wp","href":"https:\/\/api.w.org\/{rel}","templated":true}]}}