{"id":329884,"date":"2026-01-08T16:14:09","date_gmt":"2026-01-08T16:14:09","guid":{"rendered":"https:\/\/www.europesays.com\/es\/329884\/"},"modified":"2026-01-08T16:14:09","modified_gmt":"2026-01-08T16:14:09","slug":"ha-llegado-el-momento-de-repartir-mejor-la-riqueza-generada","status":"publish","type":"post","link":"https:\/\/www.europesays.com\/es\/329884\/","title":{"rendered":"Ha llegado el momento de repartir mejor la riqueza generada"},"content":{"rendered":"<p>El secretario general de UGT, Pepe \u00c1lvarez, ha mantenido hoy un encuentro con los medios de comunicaci\u00f3n para analizar la situaci\u00f3n econ\u00f3mica y social de Espa\u00f1a, y situar las prioridades del sindicato de cara a 2026.<\/p>\n<p>Pepe \u00c1lvarez ha iniciado su intervenci\u00f3n mostrando su preocupaci\u00f3n por la situaci\u00f3n internacional generada. Entre otras cosas, ha incidido en la pol\u00edtica exterior de EEUU, que se ha convertido \u201cen el elemento de desestabilizaci\u00f3n m\u00e1s importante de la pol\u00edtica internacional\u201d.<\/p>\n<p>En ese sentido, ha criticado los incumplimientos del derecho internacional con la acci\u00f3n militar de Donald Trump en Venezuela, \u201cque en ning\u00fan caso busca salvaguardar los derechos de las personas, sino el acceso ilimitado a los recursos, pasando por encima de los intereses de la inmensa mayor\u00eda de los ciudadanos de EEUU y de otros pa\u00edses, entre los que ya ha mencionado Colombia, M\u00e9xico, Canad\u00e1 o Groenlandia\u201d.<\/p>\n<p>El secretario general de UGT ha mostrado su preocupaci\u00f3n ante un contexto internacional inestable, en el que \u201cparece que Trump y Putin se han puesto de acuerdo para repartirse el mundo, y tendremos que ver la reacci\u00f3n de China\u201d. Para \u00c1lvarez, frente a esta situaci\u00f3n \u201cnecesitamos m\u00e1s Europa, una Europa reforzada desde el punto de vista de la autonom\u00eda estrat\u00e9gica, con una industria capaz de defender los intereses de los europeos y hacer frente a los retos y eventuales agresiones que se puedan producir. Una Europa que d\u00e9 pasos hacia la integraci\u00f3n fiscal y que afiance sus valores tradicionales\u201d, ha a\u00f1adido.<\/p>\n<p>En esta situaci\u00f3n adversa, \u00c1lvarez ha destacado que \u00abEspa\u00f1a crece y genera riqueza, fundamentalmente por las pol\u00edticas econ\u00f3micas que se han ido desarrollando. La subida del SMI, las pensiones -especialmente las m\u00e1s bajas- o la reforma laboral, son algunos de los elementos que han generado estas bases, junto con los fondos de la UE que nos han permitido avanzar en las reformas tras la pandemia\u201d.<\/p>\n<p><strong>Aumentar salarios y reforzar el Estado de Bienestar<\/strong><\/p>\n<p>\u201cSin embargo\u201d, ha advertido, \u201cese crecimiento no llega a la mayor\u00eda de la ciudadan\u00eda\u00bb. \u00c1lvarez ha se\u00f1alado que \u00abla econom\u00eda espa\u00f1ola crece para unos pocos y hay una mayor\u00eda social que necesita que se reparta el crecimiento a trav\u00e9s de los salarios, pero tambi\u00e9n a trav\u00e9s de los impuestos y las pol\u00edticas sociales porque, en muchos casos, las personas deben hacer frente con su salario a las deficiencias del sistema p\u00fablico de salud o a la crisis de la vivienda\u201d.<\/p>\n<p>En relaci\u00f3n con la crisis habitacional, ha indicado que \u201ceste pa\u00eds debe cambiar el chip, porque la vivienda es un bien p\u00fablico de uso privado\u201d. Para el secretario general de UGT, la soluci\u00f3n pasa por tomar medidas que no ser\u00e1n f\u00e1ciles, con el fin de \u201cacabar con la especulaci\u00f3n, la acumulaci\u00f3n de vivienda, los fondos buitre, que las CCAA liberen suelo y se construya vivienda asequible en nuestro pa\u00eds. Ello requiere una pol\u00edtica estatal, pero con una implicaci\u00f3n responsable de las administraciones\u201d, ha destacado.<\/p>\n<p><strong>Potenciar la negociaci\u00f3n colectiva<\/strong><\/p>\n<p>Por otro lado, \u00c1lvarez ha considerado fundamental \u00abavanzar en la negociaci\u00f3n colectiva y reforzar tanto la interlocuci\u00f3n entre empresarios y sindicatos como la legislaci\u00f3n en esta materia, con una Ley de Negociaci\u00f3n Colectiva que permita negociar en una situaci\u00f3n de correlaci\u00f3n de fuerzas adecuadas de los convenios colectivos, para llegar a todo el mundo y proveer una financiaci\u00f3n que, hasta ahora, est\u00e1n soportando los afiliados y afiliadas de los sindicatos\u201d.<\/p>\n<p>Tambi\u00e9n ha incidido en los beneficios de la reforma laboral, que \u201cha generado empleo m\u00e1s estable y m\u00e1s contratos indefinidos\u201d. \u00c1lvarez ha aprovechado \u201cpara recordar al ministerio de Trabajo que tiene pendiente desde hace un a\u00f1o cumplir con la obligaci\u00f3n de evaluar su impacto, para ver si se pueden incorporar nuevas medidas que mejoren el sistema de relaciones laborales\u201d.<\/p>\n<p>El secretario general de UGT ha subrayado adem\u00e1s que la reducci\u00f3n de la jornada laboral a 37 horas y media, el control del registro horario, la reforma del despido o la aprobaci\u00f3n urgente de una nueva Ley de Prevenci\u00f3n de Riesgos Laborales van a continuar siendo una prioridad para el sindicato en 2026, as\u00ed como hacer frente a los falsos debates sobre el absentismo o el falso dilema entre salarios y productividad.<\/p>\n<p><a href=\"https:\/\/flic.kr\/s\/aHBqjCG5A3\" rel=\"nofollow noopener\" target=\"_blank\">Visualiza todas las im\u00e1genes del desayuno informativo aqu\u00ed.<\/a><\/p>\n<p>\u00a0<\/p>\n<p class=\"rtecenter\"><a href=\"https:\/\/www.ugt.es\/ficha-de-afiliacion\" target=\"_blank\" rel=\"nofollow noopener\"><img decoding=\"async\" src=\"https:\/\/www.europesays.com\/es\/wp-content\/uploads\/2025\/09\/ugt_afiliate_ok.jpeg\" width=\"333\" height=\"130\" loading=\"lazy\"\/><\/a><\/p>\n","protected":false},"excerpt":{"rendered":"El secretario general de UGT, Pepe \u00c1lvarez, ha mantenido hoy un encuentro con los medios de comunicaci\u00f3n para&hellip;\n","protected":false},"author":2,"featured_media":329885,"comment_status":"","ping_status":"","sticky":false,"template":"","format":"standard","meta":{"footnotes":""},"categories":[42],"tags":[17,18,13,14,11,61,62,63,64,19,20,9,10,15,16,12,21,22,65,66,67],"class_list":{"0":"post-329884","1":"post","2":"type-post","3":"status-publish","4":"format-standard","5":"has-post-thumbnail","7":"category-internacional","8":"tag-breaking-news","9":"tag-breakingnews","10":"tag-featured-news","11":"tag-featurednews","12":"tag-headlines","13":"tag-internacional","14":"tag-international","15":"tag-international-news","16":"tag-internationalnews","17":"tag-latest-news","18":"tag-latestnews","19":"tag-news","20":"tag-noticias","21":"tag-noticias-destacadas","22":"tag-noticiasdestacadas","23":"tag-titulares","24":"tag-ultimas-noticias","25":"tag-ultimasnoticias","26":"tag-world","27":"tag-world-news","28":"tag-worldnews"},"share_on_mastodon":{"url":"https:\/\/pubeurope.com\/@es\/115860371157354086","error":""},"_links":{"self":[{"href":"https:\/\/www.europesays.com\/es\/wp-json\/wp\/v2\/posts\/329884","targetHints":{"allow":["GET"]}}],"collection":[{"href":"https:\/\/www.europesays.com\/es\/wp-json\/wp\/v2\/posts"}],"about":[{"href":"https:\/\/www.europesays.com\/es\/wp-json\/wp\/v2\/types\/post"}],"author":[{"embeddable":true,"href":"https:\/\/www.europesays.com\/es\/wp-json\/wp\/v2\/users\/2"}],"replies":[{"embeddable":true,"href":"https:\/\/www.europesays.com\/es\/wp-json\/wp\/v2\/comments?post=329884"}],"version-history":[{"count":0,"href":"https:\/\/www.europesays.com\/es\/wp-json\/wp\/v2\/posts\/329884\/revisions"}],"wp:featuredmedia":[{"embeddable":true,"href":"https:\/\/www.europesays.com\/es\/wp-json\/wp\/v2\/media\/329885"}],"wp:attachment":[{"href":"https:\/\/www.europesays.com\/es\/wp-json\/wp\/v2\/media?parent=329884"}],"wp:term":[{"taxonomy":"category","embeddable":true,"href":"https:\/\/www.europesays.com\/es\/wp-json\/wp\/v2\/categories?post=329884"},{"taxonomy":"post_tag","embeddable":true,"href":"https:\/\/www.europesays.com\/es\/wp-json\/wp\/v2\/tags?post=329884"}],"curies":[{"name":"wp","href":"https:\/\/api.w.org\/{rel}","templated":true}]}}