{"id":329886,"date":"2026-01-08T16:15:07","date_gmt":"2026-01-08T16:15:07","guid":{"rendered":"https:\/\/www.europesays.com\/es\/329886\/"},"modified":"2026-01-08T16:15:07","modified_gmt":"2026-01-08T16:15:07","slug":"la-diputada-general-eider-mendoza-asume-la-presidencia-de-la-eurociudad-vasca","status":"publish","type":"post","link":"https:\/\/www.europesays.com\/es\/329886\/","title":{"rendered":"La diputada general Eider Mendoza asume la presidencia de la Eurociudad Vasca"},"content":{"rendered":"<p>La diputada general de Gipuzkoa, Eider Mendoza, ha reiterado esta ma\u00f1ana su \u00abfirme compromiso\u00bb para seguir desarrollando y fortaleciendo la Eurociudad Vasca Baiona-Donostia, coincidiendo con la toma de la presidencia de la agencia transfronteriza de la mano del presidente saliente Jean-Ren\u00e9 Etchegaray. En una asamblea general celebrada en el sal\u00f3n de plenos del Ayuntamiento de Baiona, Mendoza ha hecho un llamamiento a dar \u00abnuevos pasos, pasos valientes\u201d, profundizando en la colaboraci\u00f3n entre las instituciones vascas de ambos lados del Bidasoa, un esfuerzo conjunto que \u00abnos fortalece como comunidad, como territorio y como pa\u00eds en un mundo inestable como el actual\u00bb.<\/p>\n<p>En este esfuerzo \u00abcompartido\u00bb, Mendoza ha agradecido a todas las entidades locales que forman parte de la agencia transfronteriza su compromiso de \u00abseguir estrechando la colaboraci\u00f3n\u00bb. Seg\u00fan ha a\u00f1adido, en el marco de la creaci\u00f3n de la Macrorregi\u00f3n Atl\u00e1ntica que propone el Gobierno Vasco, el espacio de la Eurociudad abarca un \u00e1mbito \u00abclave desde muchos puntos de vista\u00bb y ha mostrado su disposici\u00f3n a \u00abaprovechar las oportunidades y trabajar nuevos proyectos\u00bb que surjan en esta l\u00ednea.<\/p>\n<p>\u00abCompartimos valores vinculados a nuestra lengua, a nuestra sociedad y a nuestra identidad; tambi\u00e9n queremos, en un mundo actual, lleno de incertidumbre e inestabilidad, fortalecer los territorios vascos unidos por el Bidasoa. Buscar nuevas oportunidades en colaboraci\u00f3n, fortalecer el bienestar de la ciudadan\u00eda. Junto con ello, contribuimos a garantizar el futuro de una Europa avanzada, democr\u00e1tica y justa\u00bb, ha se\u00f1alado la diputada general. As\u00ed, a la hora de impulsar la colaboraci\u00f3n entre las instituciones transfronterizas, ha subrayado que la Diputaci\u00f3n de Gipuzkoa tiene la \u00abdeterminaci\u00f3n\u00bb de ser \u201cmotor de cooperaci\u00f3n\u00bb y ha avanzado que seguir\u00e1 implicada en ello como diputada general.<\/p>\n<p>La asamblea de la Eurociudad Vasca se ha celebrado en el sal\u00f3n de plenos de la Herriko Etxea de Baiona. En representaci\u00f3n de la Diputaci\u00f3n de Gipuzkoa han estado presentes, adem\u00e1s de la diputada general Eider Mendoza, Felix Urkola, diputado foral de Infraestructuras Viarias y Estrategia Territorial, y Unai Andueza, diputado de Promoci\u00f3n Econ\u00f3mica y Proyectos Estrat\u00e9gicos. Por la Mancomunidad de Iparralde, su presiente Jean-Ren\u00e9 Etchegaray, alcalde de Baiona; Maider Arosteguy, alcaldesa de Biarritz y vicepresidenta de la Mancomunidad; Bernard Elhorga, alcalde de Senpere y vicepresidente de la Mancomunidad; Joseba Erremundeguy, concejal de Baiona y consejero de la Mancomunidad; Nicol\u00e1s Alquie, concejal de Baiona y consejero de la Mancomunidad. Del Ayuntamiento de Donostia ha participado la teniente de alcalde, Olatz Yarza, y en la reuni\u00f3n tambi\u00e9n han estado presentes el alcalde de Pasaia, Teo Alberro; la alcaldesa de Oiartzun, Joana Mendiburu; y los alcaldes de Irun y Hondarribia, Cristina Laborda e Igor Enparan, respectivamente, en representaci\u00f3n del Consorcio Bidasoa-Txingudi.<\/p>\n<p>En la reuni\u00f3n se ha aprobado la memoria de acci\u00f3n 2025 y el plan de acci\u00f3n de este pr\u00f3ximo a\u00f1o, en el que destacan los ejes enmarcados en la hoja de ruta estrat\u00e9gica de la Eurociudad \u2013gobernanza transformadora y visi\u00f3n compartida; la comunidad transfronteriza viva unidad por el euskera; y el desarrollo sostenible\u2013. As\u00ed, entre los proyectos aprobados por la agencia transfronteriza para 2026 se encuentran el proyecto DOBLA, que tiene como objetivo vertebrar el sector de la danza transfronteriza, liderado por el Malandain Ballet; la organizaci\u00f3n del curso de verano para profundizar en el conocimiento y divulgaci\u00f3n del esquema pol\u00edtico-institucional trans-bidasoa; y el impulso del proyecto piloto para promover el desarrollo de la moneda vasca \u2018Eusko\u2019.<\/p>\n<p>Tras la reuni\u00f3n, la diputada general ha podido conocer el renovado museo Bonnat-Helleu junto al resto de representantes de la Eurociudad. Posteriormente, junto con los diputados forales, la diputada general ha mantenido una reuni\u00f3n con representantes de Bihartean, entidad que agrupa a las C\u00e1maras de Comercio de Gipuzkoa, Navarra y Baiona, para compartir las apuestas que Gipuzkoa est\u00e1 realizando desde el punto de vista econ\u00f3mico y explorar nuevos \u00e1mbitos de colaboraci\u00f3n cara al futuro.<\/p>\n","protected":false},"excerpt":{"rendered":"La diputada general de Gipuzkoa, Eider Mendoza, ha reiterado esta ma\u00f1ana su \u00abfirme compromiso\u00bb para seguir desarrollando y&hellip;\n","protected":false},"author":2,"featured_media":154893,"comment_status":"","ping_status":"","sticky":false,"template":"","format":"standard","meta":{"footnotes":""},"categories":[8],"tags":[17,18,32999,25,24,13,14,11,19,20,9,10,15,16,23,12,21,22],"class_list":{"0":"post-329886","1":"post","2":"type-post","3":"status-publish","4":"format-standard","5":"has-post-thumbnail","7":"category-espana","8":"tag-breaking-news","9":"tag-breakingnews","10":"tag-diputada-general","11":"tag-es","12":"tag-espana","13":"tag-featured-news","14":"tag-featurednews","15":"tag-headlines","16":"tag-latest-news","17":"tag-latestnews","18":"tag-news","19":"tag-noticias","20":"tag-noticias-destacadas","21":"tag-noticiasdestacadas","22":"tag-spain","23":"tag-titulares","24":"tag-ultimas-noticias","25":"tag-ultimasnoticias"},"share_on_mastodon":{"url":"https:\/\/pubeurope.com\/@es\/115860375078726394","error":""},"_links":{"self":[{"href":"https:\/\/www.europesays.com\/es\/wp-json\/wp\/v2\/posts\/329886","targetHints":{"allow":["GET"]}}],"collection":[{"href":"https:\/\/www.europesays.com\/es\/wp-json\/wp\/v2\/posts"}],"about":[{"href":"https:\/\/www.europesays.com\/es\/wp-json\/wp\/v2\/types\/post"}],"author":[{"embeddable":true,"href":"https:\/\/www.europesays.com\/es\/wp-json\/wp\/v2\/users\/2"}],"replies":[{"embeddable":true,"href":"https:\/\/www.europesays.com\/es\/wp-json\/wp\/v2\/comments?post=329886"}],"version-history":[{"count":0,"href":"https:\/\/www.europesays.com\/es\/wp-json\/wp\/v2\/posts\/329886\/revisions"}],"wp:featuredmedia":[{"embeddable":true,"href":"https:\/\/www.europesays.com\/es\/wp-json\/wp\/v2\/media\/154893"}],"wp:attachment":[{"href":"https:\/\/www.europesays.com\/es\/wp-json\/wp\/v2\/media?parent=329886"}],"wp:term":[{"taxonomy":"category","embeddable":true,"href":"https:\/\/www.europesays.com\/es\/wp-json\/wp\/v2\/categories?post=329886"},{"taxonomy":"post_tag","embeddable":true,"href":"https:\/\/www.europesays.com\/es\/wp-json\/wp\/v2\/tags?post=329886"}],"curies":[{"name":"wp","href":"https:\/\/api.w.org\/{rel}","templated":true}]}}