{"id":329887,"date":"2026-01-08T16:16:08","date_gmt":"2026-01-08T16:16:08","guid":{"rendered":"https:\/\/www.europesays.com\/es\/329887\/"},"modified":"2026-01-08T16:16:08","modified_gmt":"2026-01-08T16:16:08","slug":"los-campeonatos-de-espana-de-selecciones-autonomicas-en-edad-escolar-inauguran-su-calendario-de-2026-con-los-torneos-de-baloncesto-y-balonmano-csd","status":"publish","type":"post","link":"https:\/\/www.europesays.com\/es\/329887\/","title":{"rendered":"Los Campeonatos de Espa\u00f1a de Selecciones Auton\u00f3micas en edad escolar inauguran su calendario de 2026 con los torneos de baloncesto y balonmano | CSD"},"content":{"rendered":"<ul>\n<li>\nDentro del programa Team Espa\u00f1a Futuro, el Consejo Superior de Deportes (CSD) destina anualmente 1.500.000 euros a la organizaci\u00f3n de los Campeonatos de Espa\u00f1a de Selecciones Auton\u00f3micas en edad escolar (CESA), principal referente del deporte base en nuestro pa\u00eds.\n<\/li>\n<\/ul>\n<p><strong>Madrid, 8 de enero de 2026.-<\/strong> Los Campeonatos de Espa\u00f1a de Selecciones Auton\u00f3micas en edad escolar (CESA) han inaugurado la temporada de 2026 con los torneos de baloncesto y balonmano, disputados respectivamente en Arag\u00f3n y Catalu\u00f1a.<\/p>\n<p>El Campeonato de Espa\u00f1a infantil y cadete de baloncesto ha reunido entre el 3 y el 7 de enero a alrededor de 1.000 jugadores y jugadoras de 76 equipos, que han disputado las diferentes pruebas en el Pabell\u00f3n Pr\u00edncipe Felipe de Zaragoza y otros nueve emplazamientos deportivos de la capital aragonesa. La Comunidad Valenciana, Catalu\u00f1a y la Comunidad de Madrid, por partida doble, han sido las selecciones triunfadoras de esta edici\u00f3n.<\/p>\n<p>Por su parte, distintos municipios del litoral catal\u00e1n han acogido los CESA 2026 de balonmano, que han contado con una participaci\u00f3n superior a los 2.000 jugadores y jugadoras pertenecientes a 70 equipos. La Ciudad Deportiva de Blanes ha vuelto a ser el escenario principal de esta edici\u00f3n, que tambi\u00e9n ha contado con sedes en Matar\u00f3, Pineda de Mar, Tordera, Malgrat de Mar, Calella y Lloret de Mar. Catalu\u00f1a domin\u00f3 los torneos infantil y cadete de categor\u00eda masculina, mientras que Canarias y Navarra fueron las triunfadoras con sus selecciones femeninas infantil y cadete, respectivamente.<\/p>\n<p>Los CESA contar\u00e1n este a\u00f1o con torneos y competiciones de 40 modalidades deportivas y se disputar\u00e1n hasta el pr\u00f3ximo mes agosto en catorce Comunidades y Ciudades Aut\u00f3nomas.<\/p>\n<p>A las competiciones de baloncesto y balonmano les seguir\u00e1, este mes de enero, la de atletismo en campo a trav\u00e9s. En febrero ser\u00e1 el turno de baloncesto en silla 3&#215;3, nataci\u00f3n, nataci\u00f3n adaptada y taekwondo, a las que seguir\u00e1n las de hockey, esqu\u00ed alpino, waterpolo, slopestyle y luchas ol\u00edmpicas en marzo. Ya en abril se disputar\u00e1n los torneos de tenis de mesa, judo y golf, mientras que en mayo llegar\u00e1n las de tiro ol\u00edmpico (plato), s\u00f3ftbol, atletismo en pista, tetratl\u00f3n y halterofilia.<\/p>\n<p>El mes de junio ser\u00e1 el de mayor actividad, con las competiciones de gimnasia r\u00edtmica, doma cl\u00e1sica, rugby 7, b\u00e1dminton, ajedrez, orientaci\u00f3n, baloncesto 3&#215;3, ciclismo de carretera y paraciclismo, frontenis, paleta-goma, voleibol, escalada, tiro con arco, triatl\u00f3n y balonmano playa.<\/p>\n<p>En calendario de los CESA 2026 llegar\u00e1 a su fin durante los meses de julio y agosto, con las pruebas de ciclismo BTT, paral\u00edmpico y de carretera, pirag\u00fcismo sprint y paracanoe, v\u00f3ley playa, pirag\u00fcismo slalom y boxeo amateur.<\/p>\n<p>\u00a0<\/p>\n<p>Impulso del CSD al deporte base<\/p>\n<p>El Consejo Superior de Deportes, a trav\u00e9s de su programa Team Espa\u00f1a Futuro, destina anualmente 1,5 millones de euros a la organizaci\u00f3n de los CESA, campeonatos del m\u00e1ximo nivel deportivo en edad escolar y el principal punto de encuentro del deporte base de nuestro pa\u00eds.<\/p>\n<p>Solo el a\u00f1o pasado, los CESA congregaron a m\u00e1s de 17.500 personas en sus distintas competiciones, en las que se repartieron m\u00e1s de 5.000 medallas y 425 trofeos.<\/p>\n<p>La ayuda del CSD se canaliza a trav\u00e9s de las federaciones deportivas espa\u00f1olas, las cuales cuentan tambi\u00e9n con una subvenci\u00f3n de 2.550.000 euros destinados al programa nacional de tecnificaci\u00f3n y promoci\u00f3n deportivas dentro de Team Espa\u00f1a Futuro.<\/p>\n","protected":false},"excerpt":{"rendered":"Dentro del programa Team Espa\u00f1a Futuro, el Consejo Superior de Deportes (CSD) destina anualmente 1.500.000 euros a la&hellip;\n","protected":false},"author":2,"featured_media":329888,"comment_status":"","ping_status":"","sticky":false,"template":"","format":"standard","meta":{"footnotes":""},"categories":[5],"tags":[17,18,25,24,13,14,11,19,20,9,10,15,16,23,12,21,22],"class_list":{"0":"post-329887","1":"post","2":"type-post","3":"status-publish","4":"format-standard","5":"has-post-thumbnail","7":"category-titulares","8":"tag-breaking-news","9":"tag-breakingnews","10":"tag-es","11":"tag-espana","12":"tag-featured-news","13":"tag-featurednews","14":"tag-headlines","15":"tag-latest-news","16":"tag-latestnews","17":"tag-news","18":"tag-noticias","19":"tag-noticias-destacadas","20":"tag-noticiasdestacadas","21":"tag-spain","22":"tag-titulares","23":"tag-ultimas-noticias","24":"tag-ultimasnoticias"},"share_on_mastodon":{"url":"https:\/\/pubeurope.com\/@es\/115860378914518462","error":""},"_links":{"self":[{"href":"https:\/\/www.europesays.com\/es\/wp-json\/wp\/v2\/posts\/329887","targetHints":{"allow":["GET"]}}],"collection":[{"href":"https:\/\/www.europesays.com\/es\/wp-json\/wp\/v2\/posts"}],"about":[{"href":"https:\/\/www.europesays.com\/es\/wp-json\/wp\/v2\/types\/post"}],"author":[{"embeddable":true,"href":"https:\/\/www.europesays.com\/es\/wp-json\/wp\/v2\/users\/2"}],"replies":[{"embeddable":true,"href":"https:\/\/www.europesays.com\/es\/wp-json\/wp\/v2\/comments?post=329887"}],"version-history":[{"count":0,"href":"https:\/\/www.europesays.com\/es\/wp-json\/wp\/v2\/posts\/329887\/revisions"}],"wp:featuredmedia":[{"embeddable":true,"href":"https:\/\/www.europesays.com\/es\/wp-json\/wp\/v2\/media\/329888"}],"wp:attachment":[{"href":"https:\/\/www.europesays.com\/es\/wp-json\/wp\/v2\/media?parent=329887"}],"wp:term":[{"taxonomy":"category","embeddable":true,"href":"https:\/\/www.europesays.com\/es\/wp-json\/wp\/v2\/categories?post=329887"},{"taxonomy":"post_tag","embeddable":true,"href":"https:\/\/www.europesays.com\/es\/wp-json\/wp\/v2\/tags?post=329887"}],"curies":[{"name":"wp","href":"https:\/\/api.w.org\/{rel}","templated":true}]}}