{"id":329921,"date":"2026-01-08T16:39:13","date_gmt":"2026-01-08T16:39:13","guid":{"rendered":"https:\/\/www.europesays.com\/es\/329921\/"},"modified":"2026-01-08T16:39:13","modified_gmt":"2026-01-08T16:39:13","slug":"fallece-a-los-24-anos-el-actor-y-musico-ferrolano-siro-ouro-conocido-como-gold-sirope-la-voz-de-galicia","status":"publish","type":"post","link":"https:\/\/www.europesays.com\/es\/329921\/","title":{"rendered":"Fallece a los 24 a\u00f1os el actor y m\u00fasico ferrolano Siro Ouro, conocido como Gold Sirope &#8211; La Voz de Galicia"},"content":{"rendered":"<ol>\n<li><a href=\"https:\/\/news.google.com\/rss\/articles\/CBMi3AFBVV95cUxQanZua2FMRWxHaXgxdE1yWE15dHRfQXVDRTk2cUhHLXpSM1o1NUFtU2Y3c1RJWUY5cWU0VEM1UHdZeHVaUXI0aWtJVGg2LUE3NHBTSHgtLXpMUGgzUE43Qmk0aWpGTWx4bDNncEpxTkYySTdLZUVlVjhqeXlUSWw2NWZJaHdnamR6RUMzeXlmUi1PTE1kaEJCZ0FyVnZxa0otQkpvdUE3T2I5WWJJWjlyQ1hWR05ZSlZiM2xkQzl3VTR5QldCYTN1bm5nUHlfandVeXQ2TGhRa0dsY2hS0gH4AUFVX3lxTE1zT1ZrYXE0VTZrcWxhVG5MTllIczk1NVJveEJMYXJueHlBeUswbkNiR0JPY2Z5YkhCQVVFdmRzTTJLSHpqUUxBd2VsUDVnYnM5WFFGSGNuZkhCb0c1V1gwU0w4cnpjVFRyc0MxMWhEdkp1NXNwS0VfbVhOUTFlMFZUdmM4a1BGTW4yVVpaZU5rWGpqNUFNNFk5TW5MSzA2VFpSVXNUdDlvVGluY3RHOTR6NVktR3g3bXVxc0FVbjR1STJMSnpfWTUtVGxXQ0xGY0ROZzNUQS1Jbm5SdTR2b3FmbkpQUDRtVko2Tnk1dXNGWXVra2FMZ0hC?oc=5\" target=\"_blank\" rel=\"nofollow noopener\">Fallece a los 24 a\u00f1os el actor y m\u00fasico ferrolano Siro Ouro, conocido como Gold Sirope<\/a>&nbsp;&nbsp;La Voz de Galicia<\/li>\n<li><a href=\"https:\/\/news.google.com\/rss\/articles\/CBMitgFBVV95cUxPcDM1dVVScnBSUk1iaFhQdDQ4c0FzSVQ0TG1ld2hxZDV0QVFPOEQ3M2MwQnZwZ0dmc1Y3Sm9FSXBzaWJEUWtkaUdfV2d3dy01RDJ1Rk93ZDl3azVvbUQ1UTUyOWZkblhqLVhCX19uWWNtR1RpRURQLWVSdVRrOGZVV004ck1oaThxb2RWaVdFcHRlN1BROWZBQ0VycGxUUGlCOVJJcmEtQTJhbGdLNV91MERzSG1Ud9IBygFBVV95cUxPWlNvUWxhTkd2V0RyYWJvZ1RleW5tbUpSMlhNWHlEdUxpdVZyMkY0MUxUV2FIOThGQ1NjRWUwQ1NZY1lfc1czejg3T2g4d0hTZEZBRG93VDd0MXBsUmhmUW1tZUo5ZzFFR1F0a2w3UGF4YXlndk95VFRSMzZVSjFvV09STnc1dzBpMjRzN2ZrOVAwZUZxOVlURmhxaTVYN3JoQjctYVB1aWVEYm5fRUZsMVQ2Rkd2REJLenF5bzhORXM3VE1nT3dWWTJ3?oc=5\" target=\"_blank\" rel=\"nofollow noopener\">Muere Siro Ouro, actor de &#8216;La Mes\u00edas&#8217; de Los Javis, a los 24 a\u00f1os<\/a>&nbsp;&nbsp;Cadena SER<\/li>\n<li><a href=\"https:\/\/news.google.com\/rss\/articles\/CBMiuwFBVV95cUxQcFlKNUZNeHBCX2NmWXdkNW5QRUNSSXIyUVNVeEVsMVZFSEJ5Smp5MXFYQ3NDcGh4azhBaWZZMDRxWHd6Zk1LVG9yMlVRMW8zcUduTmtURkNzaU0yY0ZxOThrUjgyWi1qQ2g2QkhBbHdQYWswbFhMQ3A2ejRFd2M4TFRCSlI5d3ljQmFsbXItNl9sbzlDWktrakRsb0UtN3ExaC0zQ3hMZk01b2F0VFRjRVpQS3Rkd1ZJR2E0?oc=5\" target=\"_blank\" rel=\"nofollow noopener\">Muere a los 24 a\u00f1os el cantante y actor gallego Siro Ouro, que interpret\u00f3 a \u00c1lex en &#8216;La mes\u00edas&#8217;<\/a>&nbsp;&nbsp;elDiario.es<\/li>\n<li><a href=\"https:\/\/news.google.com\/rss\/articles\/CBMilAFBVV95cUxOanFFZkhXOUhtSktJME5CdkF4Z2ttVXJsMWJ0RUh6X3ZzaWNoaEZaeVVoSlp4cjRSNzlsS2hyaVpOMjRWWUI5T0wwREFNV3d0cUVYN2tFNzc1aDVWOFQtaTgyQ2FCTF9NQ3ZlOXhoZWpvc1ExLVdNa1dEb0RlSTlxNk5iajMxTXhRX0lZalhyTUdIRHFn0gGoAUFVX3lxTFBmelVtcVZwMHYtMVdmemlVY09UNC1yTGVqV3N5bS0yVlpaNmw5SXg2ZndCVXMxRnFrdndTMGd2eWJad3JYd1NqakRmOFpvSjY3NlhjS3lnLTM1SHA4djhaZnU3XzlVNXMtcVh5U0lQVFctTDc0NFdvbmt2eW9XbjFwMTY4TzR1ZHFyRlhUbHF2T0V1Vk9Eblp1V3d4VzZuNkFmdGdIZEMtaA?oc=5\" target=\"_blank\" rel=\"nofollow noopener\">Muere el actor gallego Siro Ouro a los 24 a\u00f1os<\/a>&nbsp;&nbsp;Diario AS<\/li>\n<li><a href=\"https:\/\/news.google.com\/rss\/articles\/CBMiqgFBVV95cUxPemVvRF9HTTc0SWw5eHc5NHlTbWt0blg0SU9RakFRZVZmbEY4dXl1SG93SzVROUhzb192bjJvOGZDR3VSQktkTFJJeGRES2N2SnhNamh5N09kTjdJQmlkUDZkTDF2NVdickxfdEFmOWdiVE5rdnE0cnR2ckN2VTRQQlNnSnRjeF9SUGp0dk9uR0VHckdlREtSSlFneUx6RmdyRnRESk5JTDdwZ9IBvgFBVV95cUxOcVk3WUlfZE1BWUlMVE9ROEVFa2txQzZoQWZsSGk3RXowRzN4RWlUU0h4Y2oxbXpBNUVJdjJwTmVCaHNNeXYteVNFYkJtSFhDdldfcmFONnBvMWhfUXR0UWx3ek4yeGNHc3Nld2pUd2hZWFlqb1piTzZnVlFTY2JvZEJLeWphWjFSOVR0Njh5a3FzQ1d2c0xJQmZteDhFNm1KdEZYVE9QUmFDWnFlT3p1QVNWNzJJdXJMY0k5OG1R?oc=5\" target=\"_blank\" rel=\"nofollow noopener\">Muere Siro Ouro, actor de \u00abLa Mes\u00edas\u00bb, a los 24 a\u00f1os<\/a>&nbsp;&nbsp;La Raz\u00f3n<\/li>\n<\/ol>\n","protected":false},"excerpt":{"rendered":"Fallece a los 24 a\u00f1os el actor y m\u00fasico ferrolano Siro Ouro, conocido como Gold Sirope&nbsp;&nbsp;La Voz de&hellip;\n","protected":false},"author":2,"featured_media":329922,"comment_status":"","ping_status":"","sticky":false,"template":"","format":"standard","meta":{"footnotes":""},"categories":[5],"tags":[17,18,25,24,13,14,11,19,20,9,10,15,16,23,12,21,22],"class_list":{"0":"post-329921","1":"post","2":"type-post","3":"status-publish","4":"format-standard","5":"has-post-thumbnail","7":"category-titulares","8":"tag-breaking-news","9":"tag-breakingnews","10":"tag-es","11":"tag-espana","12":"tag-featured-news","13":"tag-featurednews","14":"tag-headlines","15":"tag-latest-news","16":"tag-latestnews","17":"tag-news","18":"tag-noticias","19":"tag-noticias-destacadas","20":"tag-noticiasdestacadas","21":"tag-spain","22":"tag-titulares","23":"tag-ultimas-noticias","24":"tag-ultimasnoticias"},"share_on_mastodon":{"url":"https:\/\/pubeurope.com\/@es\/115860469385132037","error":""},"_links":{"self":[{"href":"https:\/\/www.europesays.com\/es\/wp-json\/wp\/v2\/posts\/329921","targetHints":{"allow":["GET"]}}],"collection":[{"href":"https:\/\/www.europesays.com\/es\/wp-json\/wp\/v2\/posts"}],"about":[{"href":"https:\/\/www.europesays.com\/es\/wp-json\/wp\/v2\/types\/post"}],"author":[{"embeddable":true,"href":"https:\/\/www.europesays.com\/es\/wp-json\/wp\/v2\/users\/2"}],"replies":[{"embeddable":true,"href":"https:\/\/www.europesays.com\/es\/wp-json\/wp\/v2\/comments?post=329921"}],"version-history":[{"count":0,"href":"https:\/\/www.europesays.com\/es\/wp-json\/wp\/v2\/posts\/329921\/revisions"}],"wp:featuredmedia":[{"embeddable":true,"href":"https:\/\/www.europesays.com\/es\/wp-json\/wp\/v2\/media\/329922"}],"wp:attachment":[{"href":"https:\/\/www.europesays.com\/es\/wp-json\/wp\/v2\/media?parent=329921"}],"wp:term":[{"taxonomy":"category","embeddable":true,"href":"https:\/\/www.europesays.com\/es\/wp-json\/wp\/v2\/categories?post=329921"},{"taxonomy":"post_tag","embeddable":true,"href":"https:\/\/www.europesays.com\/es\/wp-json\/wp\/v2\/tags?post=329921"}],"curies":[{"name":"wp","href":"https:\/\/api.w.org\/{rel}","templated":true}]}}