{"id":329954,"date":"2026-01-08T17:02:18","date_gmt":"2026-01-08T17:02:18","guid":{"rendered":"https:\/\/www.europesays.com\/es\/329954\/"},"modified":"2026-01-08T17:02:18","modified_gmt":"2026-01-08T17:02:18","slug":"se-reanudan-las-rutas-teatralizadas-este-fin-de-semana-8-1-2025","status":"publish","type":"post","link":"https:\/\/www.europesays.com\/es\/329954\/","title":{"rendered":"Se reanudan las Rutas teatralizadas este fin de semana 8-1-2025"},"content":{"rendered":"\n<p><strong>Se reanudan estas visitas guiadas recreadas por profesionales y que se realizan una vez al mes \u00a0 \u00a0<\/strong><\/p>\n<p>Vuelven las rutas hist\u00f3ricas teatralizadas por la ciudad este fin de semana. Una iniciativa que se puso en marcha en 2022 y que este domingo d\u00eda 11 a las 11:30 horas abre nuevo a\u00f1o. Ya est\u00e1n programadas (hasta marzo) las primeras citas que ser\u00e1n cada primer domingo de mes.\u00a0<\/p>\n<p>La actividad es gratuita, aunque es necesario retirar previamente las invitaciones a trav\u00e9s de la web del Ayuntamiento.<\/p>\n<p>Se trata de una ruta teatralizada por el casco hist\u00f3rico de la ciudad para conocer aquellos lugares y hechos que han marcado la villa, contada por sus propios vecinos.\u00a0<\/p>\n<p>Ataviados con trajes de \u00e9poca, varios actores, actrices y bailarinas guiar\u00e1n al p\u00fablico durante una hora por un recorrido hist\u00f3rico por lugares como la calle Honda, La Cruz de Luisa o la Iglesia de San Esteban.\u00a0<\/p>\n<p>Se sumar\u00e1n a la ruta personajes famosos de la Fuenlabrada como Dionisio Aguado o la T\u00eda Javiera, que junto a otros lugare\u00f1os, ir\u00e1n dando a conocer al p\u00fablico la historia de la ciudad, su creaci\u00f3n, origen y datos curiosos. \u00a0<\/p>\n<p>Las fechas programadas para este trimestre ser\u00e1n, a parte del domingo 11 de enero, el 1 de febrero y el 1 de marzo. El lugar de encuentro es la plaza de Espa\u00f1a.<\/p>\n<p><strong>Exposiciones<\/strong><\/p>\n<p>Esta tarde, en el centro cultural La Paz \u00a0se expone la muestra \u2018Volver a So\u00f1ar\u2019 de Teresa Rodr\u00edguez que recoge fotograf\u00edas, textos biogr\u00e1ficos, fotograf\u00edas antiguas y trabajos de clase de esta educadora humanista, dando a conocer la biograf\u00eda de 10 mujeres que encontraron en la educaci\u00f3n una oportunidad de aprender y crecer.\u00a0<\/p>\n<p>Ultima oportunidad para ver las exposiciones del CEART &#8216;Viajando Al Pasado. Los Juguetes de Nuestra Vida&#8217; e \u2018\u201cHistoria de la Radio y la Radioafici\u00f3n\u2019.\u00a0<br \/>Hasta final de mes continuar\u00e1n expuestas &#8216;Happy Happy&#8217; y \u2018&#8217;Patrimonio de Nuestra Ciudad&#8217; con los fondos art\u00edsticos atesorados por el Ayuntamiento.<\/p>\n<p>En el centro cultural La Paz, esta tarde (19:30), tendr\u00e1 lugar un taller sensorial gratuito para adultos \u2018Noches de Color. Pintar con Luz Negra\u2019 donde exploraremos el arte de pintar bajo luz negra, en una experiencia diferente a la vez que divertida.<\/p>\n<p>Teatro hecho aqu\u00ed nos ofrece la obra \u2018Los susurros del coraz\u00f3n\u2019, espect\u00e1culo infantil que podremos ver el domingo en el Jos\u00e9 Carreras a las 19:00. Una aventura llena de sensibilidad y magia donde Jana descubre que sus sentimientos tambi\u00e9n hablan, y que solo necesita escuchar.\u00a0<\/p>\n","protected":false},"excerpt":{"rendered":"Se reanudan estas visitas guiadas recreadas por profesionales y que se realizan una vez al mes \u00a0 \u00a0&hellip;\n","protected":false},"author":2,"featured_media":329955,"comment_status":"","ping_status":"","sticky":false,"template":"","format":"standard","meta":{"footnotes":""},"categories":[5],"tags":[17,18,25,24,13,14,11,19,20,9,10,15,16,23,12,21,22],"class_list":{"0":"post-329954","1":"post","2":"type-post","3":"status-publish","4":"format-standard","5":"has-post-thumbnail","7":"category-titulares","8":"tag-breaking-news","9":"tag-breakingnews","10":"tag-es","11":"tag-espana","12":"tag-featured-news","13":"tag-featurednews","14":"tag-headlines","15":"tag-latest-news","16":"tag-latestnews","17":"tag-news","18":"tag-noticias","19":"tag-noticias-destacadas","20":"tag-noticiasdestacadas","21":"tag-spain","22":"tag-titulares","23":"tag-ultimas-noticias","24":"tag-ultimasnoticias"},"share_on_mastodon":{"url":"https:\/\/pubeurope.com\/@es\/115860559800073236","error":""},"_links":{"self":[{"href":"https:\/\/www.europesays.com\/es\/wp-json\/wp\/v2\/posts\/329954","targetHints":{"allow":["GET"]}}],"collection":[{"href":"https:\/\/www.europesays.com\/es\/wp-json\/wp\/v2\/posts"}],"about":[{"href":"https:\/\/www.europesays.com\/es\/wp-json\/wp\/v2\/types\/post"}],"author":[{"embeddable":true,"href":"https:\/\/www.europesays.com\/es\/wp-json\/wp\/v2\/users\/2"}],"replies":[{"embeddable":true,"href":"https:\/\/www.europesays.com\/es\/wp-json\/wp\/v2\/comments?post=329954"}],"version-history":[{"count":0,"href":"https:\/\/www.europesays.com\/es\/wp-json\/wp\/v2\/posts\/329954\/revisions"}],"wp:featuredmedia":[{"embeddable":true,"href":"https:\/\/www.europesays.com\/es\/wp-json\/wp\/v2\/media\/329955"}],"wp:attachment":[{"href":"https:\/\/www.europesays.com\/es\/wp-json\/wp\/v2\/media?parent=329954"}],"wp:term":[{"taxonomy":"category","embeddable":true,"href":"https:\/\/www.europesays.com\/es\/wp-json\/wp\/v2\/categories?post=329954"},{"taxonomy":"post_tag","embeddable":true,"href":"https:\/\/www.europesays.com\/es\/wp-json\/wp\/v2\/tags?post=329954"}],"curies":[{"name":"wp","href":"https:\/\/api.w.org\/{rel}","templated":true}]}}