{"id":329956,"date":"2026-01-08T17:07:17","date_gmt":"2026-01-08T17:07:17","guid":{"rendered":"https:\/\/www.europesays.com\/es\/329956\/"},"modified":"2026-01-08T17:07:17","modified_gmt":"2026-01-08T17:07:17","slug":"pablo-carreno-pablo-carreno-arranca-el-ano-con-mal-pie-el-gijones-eliminado-en-brisbane","status":"publish","type":"post","link":"https:\/\/www.europesays.com\/es\/329956\/","title":{"rendered":"PABLO CARRE\u00d1O | Pablo Carre\u00f1o arranca el a\u00f1o con mal pie: el gijon\u00e9s, eliminado en Brisbane"},"content":{"rendered":"<p class=\"ft-text ft-helper-closenews\"><strong>Pablo Carre\u00f1o no pudo empezar con buen pie el 2026.<\/strong> El tenista gijon\u00e9s cay\u00f3 derrotado ante un <strong>Grigor Dimitrov<\/strong> que fue muy superior durante la hora y siete minutos de encuentro. El b\u00falgaro venci\u00f3 por<strong> 6-3 y 6-2<\/strong> en la primera ronda del <strong>ATP 250 de Brisbane<\/strong>, sobre la pista dura de Australia.\u00a0<\/p>\n<p class=\"ft-text\">Dimitrov, ganador en dos ocasiones del torneo y n\u00famero 47 del ranking ATP, fue una dura piedra de toque para Carre\u00f1o. Supo castigar sus errores y, sobre todo, se hizo fuerte al servicio con hasta siete saques directos a lo largo del partido. <strong>El gijon\u00e9s estuvo muy inc\u00f3modo en el resto (solo gan\u00f3 once puntos) y se despidi\u00f3 a las primeras de cambio de Brisbane,<\/strong> aunque dejando varios intercambios de golpes de mucho nivel.\u00a0<\/p>\n<p>Espa\u00f1a se queda sin representaci\u00f3n en Brisbane<\/p>\n<p class=\"ft-text\">Tras la eliminaci\u00f3n de Carre\u00f1o, Espa\u00f1a se queda sin representaci\u00f3n en el torneo, debido a que <strong>Alejandro Davidovich <\/strong>tambi\u00e9n cay\u00f3 derrotado ante el estadounidense Brandon Nakashima. A sus 34 a\u00f1os, el gijon\u00e9s se mantiene en la posici\u00f3n 92 del ranking a nivel mundial y su objetivo es acabar el a\u00f1o entre los mejores tenistas del planeta. <strong>\u201cNo me marco un objetivo fijo, pero quiero consolidarme de nuevo entre los 100 primeros. Mentalmente estoy preparado para ello\u201d,<\/strong><a class=\"ft-link ft-link--decoration\" href=\"https:\/\/www.lne.es\/deportes\/deporte-astur\/2025\/12\/19\/alcaraz-estuvo-carreno-tenista-gijones-124945960.html\" rel=\"nofollow noopener\" target=\"_blank\"><strong> confes\u00f3 a este peri\u00f3dico hace escasas semanas.<\/strong><\/a><\/p>\n<p data-close=\"closedContent\" class=\"subscribeHideForDisplay\">Suscr\u00edbete para seguir leyendo<\/p>\n","protected":false},"excerpt":{"rendered":"Pablo Carre\u00f1o no pudo empezar con buen pie el 2026. El tenista gijon\u00e9s cay\u00f3 derrotado ante un Grigor&hellip;\n","protected":false},"author":2,"featured_media":329957,"comment_status":"","ping_status":"","sticky":false,"template":"","format":"standard","meta":{"footnotes":""},"categories":[274],"tags":[1611,5881,1691,64548,29901,168,25,24,4627,618,9582,23,167,327,326],"class_list":{"0":"post-329956","1":"post","2":"type-post","3":"status-publish","4":"format-standard","5":"has-post-thumbnail","7":"category-tenis","8":"tag-ano","9":"tag-arranca","10":"tag-atp","11":"tag-brisbane","12":"tag-carreno","13":"tag-deportes","14":"tag-es","15":"tag-espana","16":"tag-mal","17":"tag-pablo","18":"tag-pablo-carreno","19":"tag-spain","20":"tag-sports","21":"tag-tenis","22":"tag-tennis"},"share_on_mastodon":{"url":"https:\/\/pubeurope.com\/@es\/115860579575590545","error":""},"_links":{"self":[{"href":"https:\/\/www.europesays.com\/es\/wp-json\/wp\/v2\/posts\/329956","targetHints":{"allow":["GET"]}}],"collection":[{"href":"https:\/\/www.europesays.com\/es\/wp-json\/wp\/v2\/posts"}],"about":[{"href":"https:\/\/www.europesays.com\/es\/wp-json\/wp\/v2\/types\/post"}],"author":[{"embeddable":true,"href":"https:\/\/www.europesays.com\/es\/wp-json\/wp\/v2\/users\/2"}],"replies":[{"embeddable":true,"href":"https:\/\/www.europesays.com\/es\/wp-json\/wp\/v2\/comments?post=329956"}],"version-history":[{"count":0,"href":"https:\/\/www.europesays.com\/es\/wp-json\/wp\/v2\/posts\/329956\/revisions"}],"wp:featuredmedia":[{"embeddable":true,"href":"https:\/\/www.europesays.com\/es\/wp-json\/wp\/v2\/media\/329957"}],"wp:attachment":[{"href":"https:\/\/www.europesays.com\/es\/wp-json\/wp\/v2\/media?parent=329956"}],"wp:term":[{"taxonomy":"category","embeddable":true,"href":"https:\/\/www.europesays.com\/es\/wp-json\/wp\/v2\/categories?post=329956"},{"taxonomy":"post_tag","embeddable":true,"href":"https:\/\/www.europesays.com\/es\/wp-json\/wp\/v2\/tags?post=329956"}],"curies":[{"name":"wp","href":"https:\/\/api.w.org\/{rel}","templated":true}]}}