{"id":329984,"date":"2026-01-08T17:24:27","date_gmt":"2026-01-08T17:24:27","guid":{"rendered":"https:\/\/www.europesays.com\/es\/329984\/"},"modified":"2026-01-08T17:24:27","modified_gmt":"2026-01-08T17:24:27","slug":"se-soterran-las-lineas-electricas-en-torre-baro-distrito-de-nou-barris","status":"publish","type":"post","link":"https:\/\/www.europesays.com\/es\/329984\/","title":{"rendered":"Se soterran las l\u00edneas el\u00e9ctricas en Torre Bar\u00f3 | Distrito de Nou Barris"},"content":{"rendered":"<p class=\"Costext\">En total, durante los pr\u00f3ximos a\u00f1os, se invertir\u00e1n 14 M\u20ac para el soterramiento, en Torre Bar\u00f3, de todas las l\u00edneas de servicios el\u00e9ctricas, las de baja tensi\u00f3n y las de telecomunicaciones, y, posteriormente, la retirada de los palos de apoyo.<\/p>\n<p class=\"Costext\">Los primeros trabajos empiezan en la avenida de Escolapi C\u00e0ncer y en la calle de Llerona, con un presupuesto aproximado de 4 M\u20ac. Paralelamente, se invertir\u00e1n 10 M\u20ac para la redacci\u00f3n y ejecuci\u00f3n de los proyectos de soterramientos de las l\u00edneas a\u00e9reas existentes en calles como las de Sant Quirze de Safaja, Travessera de Castellfollit, Torrelles, Castelldefels y Castell d\u2019Argen\u00e7ola, entre otras.<\/p>\n<p class=\"Costext\">Las actuaciones, que forman parte del Plan de mantenimiento Integral 2024-2027 del <a href=\"https:\/\/www.barcelona.cat\/endrecembarcelona\/es\" rel=\"nofollow noopener\" target=\"_blank\">Pla Endre\u00e7a<\/a>, despliegan con la colaboraci\u00f3n de las empresas operadoras y se prev\u00e9n reuniones previas con el vecindario para informar de los trabajos para llevar a cabo en cada parcela y minimizar al m\u00e1ximo el impacto de las obras.<\/p>\n<p class=\"Costext\">Hist\u00f3ricamente, la presencia de l\u00edneas de servicios ha generado impactos negativos en zonas de la ciudad como Torre Bar\u00f3, tanto con respecto a la resiliencia de las infraestructuras como con respecto a la percepci\u00f3n visual del entorno y a la accesibilidad de las personas.<\/p>\n<p><strong>Prueba piloto de farolas aut\u00f3nomas<\/strong><\/p>\n<p class=\"Costext\">Con el fin de mejorar la resiliencia de la red, el mes de abril pasado se puso en marcha una prueba piloto con farolas solares aut\u00f3nomas en la avenida de Escolapi C\u00e0ncer. Se trata de seis puntos de luz nuevos, con farolas autosuficientes, tecnolog\u00eda LED y telegestionadas. La evaluaci\u00f3n del comportamiento lum\u00ednico, los niveles de luminosidad ofrecidos, las horas de funcionamiento necesarias y el rendimiento de las bater\u00edas, determinar\u00e1n si esta tecnolog\u00eda se puede extender a otros puntos de la ciudad.<\/p>\n<p><strong>Otras inversiones en Torre Bar\u00f3<\/strong><\/p>\n<p class=\"Costext\">El soterramiento de las l\u00edneas de servicios a\u00e9reas se suma a otras inversiones importantes en el barrio de Torre Bar\u00f3, entre las cuales est\u00e1 la apertura, el mes de noviembre pasado, de un nuevo espacio p\u00fablico de uso comunitario de unos 2.000 m2, impulsado por el <a href=\"https:\/\/www.barcelona.cat\/pladebarris\/es\" target=\"_blank\" rel=\"noopener nofollow\">Pla de Barris<\/a>, entre las calles de Sant Feliu de Codines y Prats de Rei. Esta obra, con una inversi\u00f3n de unos 713.000 euros, ha permitido ampliar los espacios previstos para el estacionamiento de veh\u00edculos en la calle de los Prats de Rei y arreglar todo el entorno, lo cual ha generado una nueva plaza que aumenta los espacios de estancia y de paseo.<\/p>\n<p class=\"Costext\">Est\u00e1 previsto que en septiembre empiecen las obras para construir una rotonda en el cruce que componen las calles de Llerona y de Baleny\u00e0. La inversi\u00f3n, de unos 475.000 euros, permitir\u00e1 la mejora sustancial de la fluidez, la seguridad y la eficiencia del transporte en el barrio.<\/p>\n<p class=\"Costext\">Tambi\u00e9n se completar\u00e1 la urbanizaci\u00f3n del camino del Torrent de la Font d\u2019en Magu\u00e9s, espacio verde que se recuperar\u00e1 para que sea puerta de acceso al barrio, y para fomentar el encuentro y la vida comunitaria del vecindario. Para hacerlo posible hay una reserva de inversi\u00f3n prevista de 1,5 millones de euros.<\/p>\n<p class=\"Costext\">Con respecto a la vivienda, el consistorio ha adquirido a la Sareb un solar en el n\u00famero 19 de la calle de Escolapi C\u00e0ncer por valor de 1,7 M\u20ac. En este solar est\u00e1 prevista la construcci\u00f3n de una sesentena de viviendas p\u00fablicas, un proyecto que se desarrollar\u00e1 durante los pr\u00f3ximos meses despu\u00e9s del soterramiento de las l\u00edneas el\u00e9ctricas.<\/p>\n","protected":false},"excerpt":{"rendered":"En total, durante los pr\u00f3ximos a\u00f1os, se invertir\u00e1n 14 M\u20ac para el soterramiento, en Torre Bar\u00f3, de todas&hellip;\n","protected":false},"author":2,"featured_media":329985,"comment_status":"","ping_status":"","sticky":false,"template":"","format":"standard","meta":{"footnotes":""},"categories":[8],"tags":[17,18,25,24,13,14,11,19,20,9,10,15,16,23,12,21,22],"class_list":{"0":"post-329984","1":"post","2":"type-post","3":"status-publish","4":"format-standard","5":"has-post-thumbnail","7":"category-espana","8":"tag-breaking-news","9":"tag-breakingnews","10":"tag-es","11":"tag-espana","12":"tag-featured-news","13":"tag-featurednews","14":"tag-headlines","15":"tag-latest-news","16":"tag-latestnews","17":"tag-news","18":"tag-noticias","19":"tag-noticias-destacadas","20":"tag-noticiasdestacadas","21":"tag-spain","22":"tag-titulares","23":"tag-ultimas-noticias","24":"tag-ultimasnoticias"},"share_on_mastodon":{"url":"https:\/\/pubeurope.com\/@es\/115860646485597405","error":""},"_links":{"self":[{"href":"https:\/\/www.europesays.com\/es\/wp-json\/wp\/v2\/posts\/329984","targetHints":{"allow":["GET"]}}],"collection":[{"href":"https:\/\/www.europesays.com\/es\/wp-json\/wp\/v2\/posts"}],"about":[{"href":"https:\/\/www.europesays.com\/es\/wp-json\/wp\/v2\/types\/post"}],"author":[{"embeddable":true,"href":"https:\/\/www.europesays.com\/es\/wp-json\/wp\/v2\/users\/2"}],"replies":[{"embeddable":true,"href":"https:\/\/www.europesays.com\/es\/wp-json\/wp\/v2\/comments?post=329984"}],"version-history":[{"count":0,"href":"https:\/\/www.europesays.com\/es\/wp-json\/wp\/v2\/posts\/329984\/revisions"}],"wp:featuredmedia":[{"embeddable":true,"href":"https:\/\/www.europesays.com\/es\/wp-json\/wp\/v2\/media\/329985"}],"wp:attachment":[{"href":"https:\/\/www.europesays.com\/es\/wp-json\/wp\/v2\/media?parent=329984"}],"wp:term":[{"taxonomy":"category","embeddable":true,"href":"https:\/\/www.europesays.com\/es\/wp-json\/wp\/v2\/categories?post=329984"},{"taxonomy":"post_tag","embeddable":true,"href":"https:\/\/www.europesays.com\/es\/wp-json\/wp\/v2\/tags?post=329984"}],"curies":[{"name":"wp","href":"https:\/\/api.w.org\/{rel}","templated":true}]}}