{"id":329986,"date":"2026-01-08T17:25:15","date_gmt":"2026-01-08T17:25:15","guid":{"rendered":"https:\/\/www.europesays.com\/es\/329986\/"},"modified":"2026-01-08T17:25:15","modified_gmt":"2026-01-08T17:25:15","slug":"mas-de-240-cursos-con-38-itinerarios-formativos-y-17-areas-profesionales","status":"publish","type":"post","link":"https:\/\/www.europesays.com\/es\/329986\/","title":{"rendered":"m\u00e1s de 240 cursos con 38 itinerarios formativos y 17 \u00e1reas profesionales"},"content":{"rendered":"<p>El Ayuntamiento de Lebrija recuerda que cuenta con un convenio de cooperaci\u00f3n con el Ministerio de Educaci\u00f3n y Formaci\u00f3n Profesional para el impulso de formaci\u00f3n abierta, libre y a trav\u00e9s de Internet.<\/p>\n<p>Aula Mentor es una iniciativa de formaci\u00f3n abierta, flexible y a trav\u00e9s de Internet dirigida a personas adultas que deseen ampliar sus competencias personales y profesionales.\u00a0<\/p>\n<p>Entre las principales se\u00f1as de identidad de esta iniciativa destacan:<\/p>\n<p>\u2022 La flexibilidad del sistema que beneficia a los participantes.<\/p>\n<p>\u2022 La red de infraestructuras f\u00edsicas denominadas aulas Mentor que supera actualmente las 450 y al frente de las cuales se encuentra un administrador que asesora, orienta, informa\u00a0\u00a0 y matricula al alumno o alumna.<\/p>\n<p>\u2022 La variedad de su oferta formativa:\u00a0m\u00e1s de 240 cursos con 38 itinerarios formativos y 17 \u00e1reas profesionales.<\/p>\n<p>\u2022 La existencia de ex\u00e1menes presenciales que permiten valorar el grado de aprovechamiento del curso, garantizando a su vez la identidad del alumno que realiza la prueba. Superar esta prueba da derecho a un certificado de aprovechamiento emitido por el Ministerio de Educaci\u00f3n.\u00a0<\/p>\n<p>\u2022 Matr\u00edcula abierta todo el a\u00f1o, excepto agosto.<\/p>\n<p>\u00a0\u21d2 Para m\u00e1s informaci\u00f3n las personas interesadas deber\u00e1n acudir a la Casa de la Juventud, en la Plaza Rector Merina.\u00a0<br \/>\n\u2192 Si quieres acceder a la variada oferta formativa de Aula Mentor, hazlo\u00a0<a href=\"http:\/\/www.aulamentor.es\/\" target=\"_blank\" rel=\"nofollow noopener\">AQU\u00cd<\/a><\/p>\n","protected":false},"excerpt":{"rendered":"El Ayuntamiento de Lebrija recuerda que cuenta con un convenio de cooperaci\u00f3n con el Ministerio de Educaci\u00f3n y&hellip;\n","protected":false},"author":2,"featured_media":329987,"comment_status":"","ping_status":"","sticky":false,"template":"","format":"standard","meta":{"footnotes":""},"categories":[5],"tags":[17,18,25,24,13,14,11,19,20,9,10,15,16,23,12,21,22],"class_list":{"0":"post-329986","1":"post","2":"type-post","3":"status-publish","4":"format-standard","5":"has-post-thumbnail","7":"category-titulares","8":"tag-breaking-news","9":"tag-breakingnews","10":"tag-es","11":"tag-espana","12":"tag-featured-news","13":"tag-featurednews","14":"tag-headlines","15":"tag-latest-news","16":"tag-latestnews","17":"tag-news","18":"tag-noticias","19":"tag-noticias-destacadas","20":"tag-noticiasdestacadas","21":"tag-spain","22":"tag-titulares","23":"tag-ultimas-noticias","24":"tag-ultimasnoticias"},"share_on_mastodon":{"url":"https:\/\/pubeurope.com\/@es\/115860650246483136","error":""},"_links":{"self":[{"href":"https:\/\/www.europesays.com\/es\/wp-json\/wp\/v2\/posts\/329986","targetHints":{"allow":["GET"]}}],"collection":[{"href":"https:\/\/www.europesays.com\/es\/wp-json\/wp\/v2\/posts"}],"about":[{"href":"https:\/\/www.europesays.com\/es\/wp-json\/wp\/v2\/types\/post"}],"author":[{"embeddable":true,"href":"https:\/\/www.europesays.com\/es\/wp-json\/wp\/v2\/users\/2"}],"replies":[{"embeddable":true,"href":"https:\/\/www.europesays.com\/es\/wp-json\/wp\/v2\/comments?post=329986"}],"version-history":[{"count":0,"href":"https:\/\/www.europesays.com\/es\/wp-json\/wp\/v2\/posts\/329986\/revisions"}],"wp:featuredmedia":[{"embeddable":true,"href":"https:\/\/www.europesays.com\/es\/wp-json\/wp\/v2\/media\/329987"}],"wp:attachment":[{"href":"https:\/\/www.europesays.com\/es\/wp-json\/wp\/v2\/media?parent=329986"}],"wp:term":[{"taxonomy":"category","embeddable":true,"href":"https:\/\/www.europesays.com\/es\/wp-json\/wp\/v2\/categories?post=329986"},{"taxonomy":"post_tag","embeddable":true,"href":"https:\/\/www.europesays.com\/es\/wp-json\/wp\/v2\/tags?post=329986"}],"curies":[{"name":"wp","href":"https:\/\/api.w.org\/{rel}","templated":true}]}}