{"id":329994,"date":"2026-01-08T17:34:09","date_gmt":"2026-01-08T17:34:09","guid":{"rendered":"https:\/\/www.europesays.com\/es\/329994\/"},"modified":"2026-01-08T17:34:09","modified_gmt":"2026-01-08T17:34:09","slug":"osasuna-repesca-a-un-navarro-del-calahorra-para-el-subiza","status":"publish","type":"post","link":"https:\/\/www.europesays.com\/es\/329994\/","title":{"rendered":"Osasuna repesca a un navarro del Calahorra para el Subiza"},"content":{"rendered":"<p>\n        <a href=\"https:\/\/www.noticiasdenavarra.com\/tags\/osasuna\/\" title=\"Osasuna\" target=\"_blank\" class=\"link copy\" rel=\"nofollow noopener\"><strong>Osasuna <\/strong><\/a><strong>ha repescado a un jugador navarro del Calahorra para reforzar el Subiza<\/strong> de cara a esta segunda parte de temporada en la que el segundo filial rojillo, que compite en <strong>Tercera RFEF<\/strong>, se encuentra en puestos de promoci\u00f3n de ascenso a Segunda RFEF.\u00a0\n<\/p>\n<p class=\"article-body__text \">\n        <strong>Se trata de Lucas D\u00edaz<\/strong> (San Adri\u00e1n, 2007), que, pese a encontrarse en edad juvenil, <strong>ha disputado 11 jornadas con el conjunto calagurritano<\/strong>, en las que ha anotado 4 goles. De esta manera, y tras el acuerdo alcanzado con el cuadro riojano, que incorpor\u00f3 este mi\u00e9rcoles a sus filas al exrojillo Jaime Dios, procedente del Alfaro, el delantero regresa a Tajonar, donde se form\u00f3 hasta edad cadete.\n<\/p>\n<p>  Movimiento en la porter\u00eda: Mikel Bermejo da el salto<\/p>\n<p class=\"article-body__text \">\n        Otro movimiento que se ha producido en el equipo tiene que ver con la porter\u00eda. <strong>Mikel Bermejo<\/strong>, una de las apuestas del club como futurible del primer equipo, e internacional en categor\u00edas inferiores, da el salto al Subiza procedente del Juvenil A. Este ascenso supone la salida, en forma de cesi\u00f3n al Cari\u00f1ena, de Miguel \u00c1ngel Sanz, que llegaba a la disciplina rojilla el pasado mercado veraniego procedente de la RS Gimn\u00e1stica de Torrelavega.<\/p>\n","protected":false},"excerpt":{"rendered":"Osasuna ha repescado a un jugador navarro del Calahorra para reforzar el Subiza de cara a esta segunda&hellip;\n","protected":false},"author":2,"featured_media":329995,"comment_status":"","ping_status":"","sticky":false,"template":"","format":"standard","meta":{"footnotes":""},"categories":[268],"tags":[14842,168,25,24,280,282,3403,621,50814,281,23,167,76089],"class_list":{"0":"post-329994","1":"post","2":"type-post","3":"status-publish","4":"format-standard","5":"has-post-thumbnail","7":"category-futbol","8":"tag-calahorra","9":"tag-deportes","10":"tag-es","11":"tag-espana","12":"tag-football","13":"tag-futbol","14":"tag-navarro","15":"tag-osasuna","16":"tag-repesca","17":"tag-soccer","18":"tag-spain","19":"tag-sports","20":"tag-subiza"},"share_on_mastodon":{"url":"https:\/\/pubeurope.com\/@es\/115860685820907890","error":""},"_links":{"self":[{"href":"https:\/\/www.europesays.com\/es\/wp-json\/wp\/v2\/posts\/329994","targetHints":{"allow":["GET"]}}],"collection":[{"href":"https:\/\/www.europesays.com\/es\/wp-json\/wp\/v2\/posts"}],"about":[{"href":"https:\/\/www.europesays.com\/es\/wp-json\/wp\/v2\/types\/post"}],"author":[{"embeddable":true,"href":"https:\/\/www.europesays.com\/es\/wp-json\/wp\/v2\/users\/2"}],"replies":[{"embeddable":true,"href":"https:\/\/www.europesays.com\/es\/wp-json\/wp\/v2\/comments?post=329994"}],"version-history":[{"count":0,"href":"https:\/\/www.europesays.com\/es\/wp-json\/wp\/v2\/posts\/329994\/revisions"}],"wp:featuredmedia":[{"embeddable":true,"href":"https:\/\/www.europesays.com\/es\/wp-json\/wp\/v2\/media\/329995"}],"wp:attachment":[{"href":"https:\/\/www.europesays.com\/es\/wp-json\/wp\/v2\/media?parent=329994"}],"wp:term":[{"taxonomy":"category","embeddable":true,"href":"https:\/\/www.europesays.com\/es\/wp-json\/wp\/v2\/categories?post=329994"},{"taxonomy":"post_tag","embeddable":true,"href":"https:\/\/www.europesays.com\/es\/wp-json\/wp\/v2\/tags?post=329994"}],"curies":[{"name":"wp","href":"https:\/\/api.w.org\/{rel}","templated":true}]}}