{"id":329998,"date":"2026-01-08T17:36:13","date_gmt":"2026-01-08T17:36:13","guid":{"rendered":"https:\/\/www.europesays.com\/es\/329998\/"},"modified":"2026-01-08T17:36:13","modified_gmt":"2026-01-08T17:36:13","slug":"casa-para-maria-metriq-estudio","status":"publish","type":"post","link":"https:\/\/www.europesays.com\/es\/329998\/","title":{"rendered":"Casa para Mar\u00eda \/ Metriq Estudio"},"content":{"rendered":"<p><a class=\"js-image-size__link \" href=\"https:\/\/www.archdaily.cl\/cl\/1037603\/casa-para-maria-metriq-estudio\/695f6a2660cb520001b8fd39-casa-para-maria-metriq-estudio-foto\" rel=\"attachment nofollow noopener\" style=\"width: 100%; height: 100%;\" target=\"_blank\"><img decoding=\"async\" alt=\"Casa para Mar\u00eda \/ Metriq Estudio - Fotograf\u00eda interior, Madera\" data-nr-picture-id=\"695f6a2660cb520001b8fd39\" fetchpriority=\"high\" height=\"426\" itemprop=\"image\" loading=\"eager\" longdesc=\"https:\/\/www.archdaily.cl\/cl\/1037603\/casa-para-maria-metriq-estudio\/695f6a2660cb520001b8fd39-casa-para-maria-metriq-estudio-foto\" src=\"https:\/\/www.europesays.com\/es\/wp-content\/uploads\/2026\/01\/Casa_para_Maria_7.jpg\" style=\"min-height: var(--featured-height, auto); aspect-ratio: auto 640 \/ 426\" width=\"640\"\/><\/a><\/p>\n<p class=\"thumbs afd-desktop-e clearfix\"><a class=\"thumbs__link\" data-nr-picture-id=\"695f6a2660cb520001b8fd41\" href=\"https:\/\/www.archdaily.cl\/cl\/1037603\/casa-para-maria-metriq-estudio\/695f6a2660cb520001b8fd41-casa-para-maria-metriq-estudio-foto\" rel=\"attachment nofollow noopener\" target=\"_blank\"><img loading=\"lazy\" decoding=\"async\" alt=\"Casa para Mar\u00eda \/ Metriq Estudio - Imagen 2 de 22\" class=\"thumbs__img b-lazy\" data-nr-picture-id=\"695f6a2660cb520001b8fd41\" data-pin-nopin=\"true\" src=\"https:\/\/www.europesays.com\/es\/wp-content\/uploads\/2026\/01\/Casa_para_Maria_15.jpg\" height=\"125\" longdesc=\"https:\/\/www.archdaily.cl\/cl\/1037603\/casa-para-maria-metriq-estudio\/695f6a2660cb520001b8fd41-casa-para-maria-metriq-estudio-foto\" title=\"\" width=\"125\"\/><\/a><a class=\"thumbs__link\" data-nr-picture-id=\"695f6a2660cb520001b8fd3b\" href=\"https:\/\/www.archdaily.cl\/cl\/1037603\/casa-para-maria-metriq-estudio\/695f6a2660cb520001b8fd3b-casa-para-maria-metriq-estudio-foto\" rel=\"attachment nofollow noopener\" target=\"_blank\"><img loading=\"lazy\" decoding=\"async\" alt=\"Casa para Mar\u00eda \/ Metriq Estudio - Imagen 3 de 22\" class=\"thumbs__img b-lazy\" data-nr-picture-id=\"695f6a2660cb520001b8fd3b\" data-pin-nopin=\"true\" src=\"https:\/\/www.europesays.com\/es\/wp-content\/uploads\/2026\/01\/Casa_para_Maria_9.jpg\" height=\"125\" longdesc=\"https:\/\/www.archdaily.cl\/cl\/1037603\/casa-para-maria-metriq-estudio\/695f6a2660cb520001b8fd3b-casa-para-maria-metriq-estudio-foto\" title=\"\" width=\"125\"\/><\/a><a class=\"thumbs__link\" data-nr-picture-id=\"695f6a2660cb520001b8fd3e\" href=\"https:\/\/www.archdaily.cl\/cl\/1037603\/casa-para-maria-metriq-estudio\/695f6a2660cb520001b8fd3e-casa-para-maria-metriq-estudio-foto\" rel=\"attachment nofollow noopener\" target=\"_blank\"><img loading=\"lazy\" decoding=\"async\" alt=\"Casa para Mar\u00eda \/ Metriq Estudio - Imagen 4 de 22\" class=\"thumbs__img b-lazy\" data-nr-picture-id=\"695f6a2660cb520001b8fd3e\" data-pin-nopin=\"true\" src=\"https:\/\/www.europesays.com\/es\/wp-content\/uploads\/2026\/01\/Casa_para_Maria_12.jpg\" height=\"125\" longdesc=\"https:\/\/www.archdaily.cl\/cl\/1037603\/casa-para-maria-metriq-estudio\/695f6a2660cb520001b8fd3e-casa-para-maria-metriq-estudio-foto\" title=\"\" width=\"125\"\/><\/a><a class=\"thumbs__link\" data-nr-picture-id=\"695f6a2660cb520001b8fd44\" href=\"https:\/\/www.archdaily.cl\/cl\/1037603\/casa-para-maria-metriq-estudio\/695f6a2660cb520001b8fd44-casa-para-maria-metriq-estudio-foto\" rel=\"attachment nofollow noopener\" target=\"_blank\"><img loading=\"lazy\" decoding=\"async\" alt=\"Casa para Mar\u00eda \/ Metriq Estudio - Fotograf\u00eda interior, Dormitorio, Madera, Fijaci\u00f3n Vigas\" class=\"thumbs__img b-lazy\" data-nr-picture-id=\"695f6a2660cb520001b8fd44\" data-pin-nopin=\"true\" src=\"https:\/\/www.europesays.com\/es\/wp-content\/uploads\/2026\/01\/Casa_para_Maria_18.jpg\" height=\"125\" longdesc=\"https:\/\/www.archdaily.cl\/cl\/1037603\/casa-para-maria-metriq-estudio\/695f6a2660cb520001b8fd44-casa-para-maria-metriq-estudio-foto\" title=\"\" width=\"125\"\/><\/a><a class=\"gallery-link afd-desktop-e\" href=\"https:\/\/www.archdaily.cl\/cl\/1037603\/casa-para-maria-metriq-estudio\/695f6a2660cb520001b8fd39-casa-para-maria-metriq-estudio-foto\" rel=\"nofollow noopener\" target=\"_blank\"><img decoding=\"async\" alt=\"Casa para Mar\u00eda \/ Metriq Estudio - M\u00e1s Im\u00e1genes\" class=\"thumbs__img b-lazy\" src=\"https:\/\/www.europesays.com\/es\/wp-content\/uploads\/2026\/01\/Casa_para_Maria_7.jpg\" itemprop=\"image\" bad-src=\"data:image\/gif;base64,R0lGODlhAQABAIAAAAUEBAAAACwAAAAAAQABAAACAkQBADs=\"\/>+ 17<\/a><\/p>\n<p>    Compartir<\/p>\n<p>Compartir<\/p>\n<ul class=\"afd-share__networks clearfix\">\n<li class=\"afd-share__social\"><a aria-label=\"Facebook\" class=\"afd-share__button\" data-insights-category=\"share\" data-insights-label=\"facebook_sharing_options\" data-insights-value=\"1037603\" data-social=\"facebook\" href=\"https:\/\/www.facebook.com\/sharer\/sharer.php?u=https:\/\/www.archdaily.cl\/cl\/1037603\/casa-para-maria-metriq-estudio\" rel=\"nofollow noopener\" target=\"_blank\"><\/a>\n<p>Facebook<\/p>\n<\/li>\n<li class=\"afd-share__social\"><a aria-label=\"Twitter\" class=\"afd-share__button\" data-insights-category=\"share\" data-insights-label=\"twitter_sharing_options\" data-insights-value=\"1037603\" data-social=\"twitter\" href=\"https:\/\/twitter.com\/intent\/tweet?text=Casa%20para%20Mar%C3%ADa%20%2F%20Metriq%20Estudio&amp;url=https:\/\/www.archdaily.cl\/cl\/1037603\/casa-para-maria-metriq-estudio&amp;via=parq\" rel=\"nofollow noopener\" target=\"_blank\"><\/a>\n<p>Twitter<\/p>\n<\/li>\n<li class=\"afd-share__social\"><a class=\"afd-share__button\" data-insights-category=\"share\" data-insights-label=\"email_sharing_options\" data-insights-value=\"1037603\" data-social=\"email\" href=\"mailto:?subject=Casa para Mar\u00eda \/ Metriq Estudio&amp;body=https:\/\/www.archdaily.cl\/cl\/1037603\/casa-para-maria-metriq-estudio\"><\/a>\n<p>Mail<\/p>\n<\/li>\n<li class=\"afd-share__social\"><a aria-label=\"Pinterest\" class=\"afd-share__button\" data-insights-category=\"share\" data-insights-label=\"pinterest_sharing_options\" data-insights-value=\"1037603\" data-social=\"pinterest\" href=\"https:\/\/pinterest.com\/pin\/create\/button\/?url=https%3A%2F%2Fwww.archdaily.cl%2Fcl%2F1037603%2Fcasa-para-maria-metriq-estudio&amp;media=https%3A%2F%2Fimages.adsttc.com%2Fmedia%2Fimages%2F695f%2F6a26%2F60cb%2F5200%2F01b8%2Ffd39%2Flarge_jpg%2FCasa_para_Maria_7.jpg%3F1767860835&amp;description=Casa%20para%20Mar%C3%ADa%20%2F%20Metriq%20Estudio\" rel=\"nofollow noopener\" target=\"_blank\"><\/a>\n<p>Pinterest<\/p>\n<\/li>\n<li class=\"afd-share__social\"><a aria-label=\"Whatsapp\" class=\"afd-share__button\" data-action=\"share\/whatsapp\/share\" data-insights-category=\"share\" data-insights-label=\"whatsapp_sharing_options\" data-insights-value=\"1037603\" data-social=\"whatsapp\" href=\"whatsapp:\/\/send?text=Casa+para+Mar%C3%ADa+%2F+Metriq+Estudio+%7C+https%3A%2F%2Fwww.archdaily.cl%2Fcl%2F1037603%2Fcasa-para-maria-metriq-estudio%3Futm_source%3DWhatsapp%26utm_medium%3DIM%26utm_campaign%3Dshare-button\" rel=\"nofollow\"><\/a>\n<p>Whatsapp<\/p>\n<\/li>\n<\/ul>\n<p>O<\/p>\n<p>https:\/\/www.archdaily.cl\/cl\/1037603\/casa-para-maria-metriq-estudio<\/p>\n<p>  Portapapeles<\/p>\n<p>              \u00abCOPY\u00bb<\/p>\n<p>Copiar<\/p>\n<ul class=\"afd-char-list afd-specs__item-container js-char-list\">\n<li class=\"afd-specs__item\">\n<\/li>\n<li class=\"afd-specs__item\">\n  \u00c1rea<br \/>\n  \u00c1rea del proyecto de arquitectura <\/p>\n<p>\u00c1rea:\u00a0<br \/>\n        <a href=\"https:\/\/www.archdaily.cl\/search\/cl\/projects\/min_area\/29\/max_area\/44?ad_name=project-specs&amp;ad_medium=single\" rel=\"nofollow noopener\" target=\"_blank\">37<\/a> m\u00b2<\/li>\n<li class=\"afd-specs__item\">\n<p>  A\u00f1o<br \/>\n  A\u00f1o del Proyecto de arquitectura<\/p>\n<p>            A\u00f1o:\u00a0<\/p>\n<p>                    <a href=\"https:\/\/www.archdaily.cl\/search\/cl\/projects\/year\/2021?ad_name=project-specs&amp;ad_medium=single\" rel=\"nofollow noopener\" target=\"_blank\"><br \/>\n          2021<br \/>\n        <\/a><\/p>\n<\/li>\n<li class=\"afd-specs__item\">\n<p>  Proveedores<br \/>\n  Marcas y productos usados en este proyecto de arquitectura<\/p>\n<p>Proveedores: \u00a0Edimca<\/p>\n<\/li>\n<\/ul>\n<p><a class=\"js-image-size__link lazy-anchor\" href=\"https:\/\/www.archdaily.cl\/cl\/1037603\/casa-para-maria-metriq-estudio\/695f6a2660cb520001b8fd3b-casa-para-maria-metriq-estudio-foto\" rel=\"nofollow noopener\" target=\"_blank\"><img decoding=\"async\" alt=\"Casa para Mar\u00eda \/ Metriq Estudio - Imagen 3 de 22\" data-nr-picture-id=\"695f6a2660cb520001b8fd3b\" height=\"427\" itemprop=\"image\" loading=\"lazy\" longdesc=\"https:\/\/www.archdaily.cl\/cl\/1037603\/casa-para-maria-metriq-estudio\/695f6a2660cb520001b8fd3b-casa-para-maria-metriq-estudio-foto\" src=\"https:\/\/www.europesays.com\/es\/wp-content\/uploads\/2026\/01\/1767893770_977_Casa_para_Maria_9.jpg\" width=\"640\"\/><\/a><\/p>\n<p>Descripci\u00f3n enviada por el equipo del proyecto. Casa Para Mar\u00eda naci\u00f3 sin presupuesto, en un contexto adverso, pero con una idea clara. Ubicada en el barrio popular La Gatazo, al sur de <a href=\"https:\/\/www.archdaily.cl\/cl\/tag\/quito\" rel=\"nofollow noopener\" target=\"_blank\">Quito<\/a>, surge en el escenario<strong> posterior a la pandemia como respuesta a la situaci\u00f3n de abandono de una adulta mayor, cuya vivienda se encontraba al borde del colapso<\/strong>. El proyecto se concibi\u00f3 como un ejercicio de empat\u00eda, entendida no solo como dise\u00f1o, sino como acci\u00f3n, autogesti\u00f3n y compromiso social.<\/p>\n<p><a class=\"js-image-size__link lazy-anchor\" href=\"https:\/\/www.archdaily.cl\/cl\/1037603\/casa-para-maria-metriq-estudio\/695f6a2660cb520001b8fd3e-casa-para-maria-metriq-estudio-foto\" rel=\"nofollow noopener\" target=\"_blank\"><img decoding=\"async\" alt=\"Casa para Mar\u00eda \/ Metriq Estudio - Imagen 4 de 22\" data-nr-picture-id=\"695f6a2660cb520001b8fd3e\" height=\"427\" itemprop=\"image\" loading=\"lazy\" longdesc=\"https:\/\/www.archdaily.cl\/cl\/1037603\/casa-para-maria-metriq-estudio\/695f6a2660cb520001b8fd3e-casa-para-maria-metriq-estudio-foto\" src=\"https:\/\/www.europesays.com\/es\/wp-content\/uploads\/2026\/01\/1767893771_670_Casa_para_Maria_12.jpg\" width=\"640\"\/><\/a><a class=\"js-image-size__link lazy-anchor\" href=\"https:\/\/www.archdaily.cl\/cl\/1037603\/casa-para-maria-metriq-estudio\/695f6a2660cb520001b8fd3d-casa-para-maria-metriq-estudio-foto\" rel=\"nofollow noopener\" target=\"_blank\"><img decoding=\"async\" alt=\"Casa para Mar\u00eda \/ Metriq Estudio - Imagen 10 de 22\" data-nr-picture-id=\"695f6a2660cb520001b8fd3d\" height=\"427\" itemprop=\"image\" loading=\"lazy\" longdesc=\"https:\/\/www.archdaily.cl\/cl\/1037603\/casa-para-maria-metriq-estudio\/695f6a2660cb520001b8fd3d-casa-para-maria-metriq-estudio-foto\" src=\"https:\/\/www.europesays.com\/es\/wp-content\/uploads\/2026\/01\/Casa_para_Maria_11.jpg\" width=\"640\"\/><\/a><\/p>\n<p data-start=\"572\" data-end=\"1351\">Desarrollado sin fines de lucro y a\u00fan en etapa estudiantil, fue posible gracias a la articulaci\u00f3n entre profesionales, vecinos, instituciones y empresas, <strong>evidenciando el rol activo que la arquitectura puede asumir en contextos de vulnerabilidad. <\/strong>El proceso inici\u00f3 con recursos m\u00ednimos: una cimentaci\u00f3n preexistente, material donado y mano de obra voluntaria. Estas condiciones fueron puntos de partida que orientaron cada decisi\u00f3n proyectual. A trav\u00e9s de una campa\u00f1a de gesti\u00f3n de recursos, que incluy\u00f3 solicitudes a empresas, apoyo institucional y crowdfunding, se logr\u00f3 recaudar cerca del 90% del presupuesto necesario. Las donaciones, tanto materiales como econ\u00f3micas, no solo viabilizaron la obra, sino que incidieron directamente en su configuraci\u00f3n espacial y constructiva.<\/p>\n<p><a class=\"js-image-size__link lazy-anchor\" href=\"https:\/\/www.archdaily.cl\/cl\/1037603\/casa-para-maria-metriq-estudio\/695f6a2660cb520001b8fd46-casa-para-maria-metriq-estudio-corte-2\" rel=\"nofollow noopener\" target=\"_blank\"><img decoding=\"async\" alt=\"Casa para Mar\u00eda \/ Metriq Estudio - Imagen 17 de 22\" data-nr-picture-id=\"695f6a2660cb520001b8fd46\" height=\"427\" itemprop=\"image\" loading=\"lazy\" longdesc=\"https:\/\/www.archdaily.cl\/cl\/1037603\/casa-para-maria-metriq-estudio\/695f6a2660cb520001b8fd46-casa-para-maria-metriq-estudio-corte-2\" src=\"https:\/\/www.europesays.com\/es\/wp-content\/uploads\/2026\/01\/Casa_para_Maria_Corte_2.jpg\" width=\"640\"\/>Corte 2<\/a><a class=\"js-image-size__link lazy-anchor\" href=\"https:\/\/www.archdaily.cl\/cl\/1037603\/casa-para-maria-metriq-estudio\/695f6a2660cb520001b8fd49-casa-para-maria-metriq-estudio-planta-baja\" rel=\"nofollow noopener\" target=\"_blank\"><img decoding=\"async\" alt=\"Casa para Mar\u00eda \/ Metriq Estudio - Imagen 15 de 22\" data-nr-picture-id=\"695f6a2660cb520001b8fd49\" height=\"427\" itemprop=\"image\" loading=\"lazy\" longdesc=\"https:\/\/www.archdaily.cl\/cl\/1037603\/casa-para-maria-metriq-estudio\/695f6a2660cb520001b8fd49-casa-para-maria-metriq-estudio-planta-baja\" src=\"https:\/\/www.europesays.com\/es\/wp-content\/uploads\/2026\/01\/Casa_para_Maria_Planta_Baja.jpg\" width=\"640\"\/>Planta Baja<\/a><a class=\"js-image-size__link lazy-anchor\" href=\"https:\/\/www.archdaily.cl\/cl\/1037603\/casa-para-maria-metriq-estudio\/695f6a2660cb520001b8fd45-casa-para-maria-metriq-estudio-corte-1\" rel=\"nofollow noopener\" target=\"_blank\"><img decoding=\"async\" alt=\"Casa para Mar\u00eda \/ Metriq Estudio - Imagen 16 de 22\" data-nr-picture-id=\"695f6a2660cb520001b8fd45\" height=\"427\" itemprop=\"image\" loading=\"lazy\" longdesc=\"https:\/\/www.archdaily.cl\/cl\/1037603\/casa-para-maria-metriq-estudio\/695f6a2660cb520001b8fd45-casa-para-maria-metriq-estudio-corte-1\" src=\"https:\/\/www.europesays.com\/es\/wp-content\/uploads\/2026\/01\/Casa_para_Maria_Corte_1.jpg\" width=\"640\"\/>Corte 1<\/a><\/p>\n<p data-start=\"1353\" data-end=\"1846\">El programa y la distribuci\u00f3n se definieron a partir del entendimiento de la vida cotidiana de su usuaria, priorizando sus rutinas, necesidades y capacidades. La vivienda se organiza en tres bloques interconectados: descanso, servicios y un espacio mixto abierto al exterior. Este \u00faltimo, concebido como comedor-patio, se convierte en el coraz\u00f3n del proyecto, diluyendo el l\u00edmite entre interior y exterior y acogiendo tanto a Mar\u00eda, como al sol que la abriga y a los animales que la acompa\u00f1an.<\/p>\n<p><a class=\"js-image-size__link lazy-anchor\" href=\"https:\/\/www.archdaily.cl\/cl\/1037603\/casa-para-maria-metriq-estudio\/695f6a2660cb520001b8fd41-casa-para-maria-metriq-estudio-foto\" rel=\"nofollow noopener\" target=\"_blank\"><img decoding=\"async\" alt=\"Casa para Mar\u00eda \/ Metriq Estudio - Imagen 2 de 22\" data-nr-picture-id=\"695f6a2660cb520001b8fd41\" height=\"427\" itemprop=\"image\" loading=\"lazy\" longdesc=\"https:\/\/www.archdaily.cl\/cl\/1037603\/casa-para-maria-metriq-estudio\/695f6a2660cb520001b8fd41-casa-para-maria-metriq-estudio-foto\" src=\"https:\/\/www.europesays.com\/es\/wp-content\/uploads\/2026\/01\/1767893772_150_Casa_para_Maria_15.jpg\" width=\"640\"\/><\/a><a class=\"js-image-size__link lazy-anchor\" href=\"https:\/\/www.archdaily.cl\/cl\/1037603\/casa-para-maria-metriq-estudio\/695f6a2660cb520001b8fd44-casa-para-maria-metriq-estudio-foto\" rel=\"nofollow noopener\" target=\"_blank\"><img decoding=\"async\" alt=\"Casa para Mar\u00eda \/ Metriq Estudio - Fotograf\u00eda interior, Dormitorio, Madera, Fijaci\u00f3n Vigas\" data-nr-picture-id=\"695f6a2660cb520001b8fd44\" height=\"427\" itemprop=\"image\" loading=\"lazy\" longdesc=\"https:\/\/www.archdaily.cl\/cl\/1037603\/casa-para-maria-metriq-estudio\/695f6a2660cb520001b8fd44-casa-para-maria-metriq-estudio-foto\" src=\"https:\/\/www.europesays.com\/es\/wp-content\/uploads\/2026\/01\/1767893772_807_Casa_para_Maria_18.jpg\" width=\"640\"\/><\/a><a class=\"js-image-size__link lazy-anchor\" href=\"https:\/\/www.archdaily.cl\/cl\/1037603\/casa-para-maria-metriq-estudio\/695f6a2660cb520001b8fd43-casa-para-maria-metriq-estudio-foto\" rel=\"nofollow noopener\" target=\"_blank\"><img decoding=\"async\" alt=\"Casa para Mar\u00eda \/ Metriq Estudio - Imagen 6 de 22\" data-nr-picture-id=\"695f6a2660cb520001b8fd43\" height=\"427\" itemprop=\"image\" loading=\"lazy\" longdesc=\"https:\/\/www.archdaily.cl\/cl\/1037603\/casa-para-maria-metriq-estudio\/695f6a2660cb520001b8fd43-casa-para-maria-metriq-estudio-foto\" src=\"https:\/\/www.europesays.com\/es\/wp-content\/uploads\/2026\/01\/Casa_para_Maria_17.jpg\" width=\"640\"\/><\/a><\/p>\n<p data-start=\"1848\" data-end=\"2679\">El confort interno fue una premisa central. <strong>El bloque de cemento, material \u00edntegramente donado, se convirti\u00f3 en el principal recurso constructivo, no como una elecci\u00f3n formal, sino como una condici\u00f3n de partida.<\/strong> A partir de sus propiedades como mamposter\u00eda, se exploraron sus capacidades t\u00e9rmicas, estructurales y espaciales, utiliz\u00e1ndolo tanto en cerramientos portantes como en elementos permeables. La cubierta trasl\u00facida permite el ingreso controlado de luz y calor, mientras que la celos\u00eda construida con el mismo bloque regula la ventilaci\u00f3n, aporta privacidad y refuerza la seguridad. En coherencia con esta l\u00f3gica de aprovechamiento, se construy\u00f3 un cielo raso, se restauraron muebles existentes y se fabricaron nuevos con los materiales disponibles, evitando desperdicios y consolidando una estrategia de econom\u00eda circular.<\/p>\n<p><a class=\"js-image-size__link lazy-anchor\" href=\"https:\/\/www.archdaily.cl\/cl\/1037603\/casa-para-maria-metriq-estudio\/695f6a2660cb520001b8fd47-casa-para-maria-metriq-estudio-fachada\" rel=\"nofollow noopener\" target=\"_blank\"><img decoding=\"async\" alt=\"Casa para Mar\u00eda \/ Metriq Estudio - Imagen 18 de 22\" data-nr-picture-id=\"695f6a2660cb520001b8fd47\" height=\"427\" itemprop=\"image\" loading=\"lazy\" longdesc=\"https:\/\/www.archdaily.cl\/cl\/1037603\/casa-para-maria-metriq-estudio\/695f6a2660cb520001b8fd47-casa-para-maria-metriq-estudio-fachada\" src=\"https:\/\/www.europesays.com\/es\/wp-content\/uploads\/2026\/01\/Casa_para_Maria_Fachada.jpg\" width=\"640\"\/>Fachada<\/a><a class=\"js-image-size__link lazy-anchor\" href=\"https:\/\/www.archdaily.cl\/cl\/1037603\/casa-para-maria-metriq-estudio\/695f6a2660cb520001b8fd48-casa-para-maria-metriq-estudio-isometria-explotada\" rel=\"nofollow noopener\" target=\"_blank\"><img decoding=\"async\" alt=\"Casa para Mar\u00eda \/ Metriq Estudio - Imagen 19 de 22\" data-nr-picture-id=\"695f6a2660cb520001b8fd48\" height=\"427\" itemprop=\"image\" loading=\"lazy\" longdesc=\"https:\/\/www.archdaily.cl\/cl\/1037603\/casa-para-maria-metriq-estudio\/695f6a2660cb520001b8fd48-casa-para-maria-metriq-estudio-isometria-explotada\" src=\"https:\/\/www.europesays.com\/es\/wp-content\/uploads\/2026\/01\/Casa_para_Maria_Isometria_Explotada.jpg\" width=\"640\"\/>Isometr\u00eda Explotada<\/a><\/p>\n<p data-start=\"2681\" data-end=\"3486\">Construida en cuatro meses, Casa Para Mar\u00eda trasciende la escala dom\u00e9stica no por su capacidad de repetirse, sino por la manera en que se aproxima a un conjunto espec\u00edfico de condiciones. Lejos de proponer una soluci\u00f3n replicable, el proyecto asume la arquitectura como un ejercicio situado. La situaci\u00f3n de Mar\u00eda no es excepcional, sino representativa de una problem\u00e1tica extendida y persistente en contextos de vulnerabilidad, frecuentemente invisibilizada en una ciudad que avanza aceleradamente. En este sentido,<strong> el proyecto propone volver a mirar estas realidades, recordando la capacidad de la arquitectura para transformar espacios y vidas, pero evidenciando tambi\u00e9n sus l\u00edmites cuando las condiciones estructurales y las pol\u00edticas p\u00fablicas necesarias permanecen fuera del alcance de la disciplina.<\/strong><\/p>\n<p>      <script async src=\"https:\/\/platform.twitter.com\/widgets.js\" charset=\"utf-8\"><\/script><\/p>\n","protected":false},"excerpt":{"rendered":"+ 17 Compartir Compartir Facebook Twitter Mail Pinterest Whatsapp O https:\/\/www.archdaily.cl\/cl\/1037603\/casa-para-maria-metriq-estudio Portapapeles \u00abCOPY\u00bb Copiar \u00c1rea \u00c1rea del proyecto&hellip;\n","protected":false},"author":2,"featured_media":329999,"comment_status":"","ping_status":"","sticky":false,"template":"","format":"standard","meta":{"footnotes":""},"categories":[173],"tags":[801,802,229,233,231,230,3738,232,234,146,147,25,24,56646,23],"class_list":{"0":"post-329998","1":"post","2":"type-post","3":"status-publish","4":"format-standard","5":"has-post-thumbnail","7":"category-arte-y-diseno","8":"tag-arquitectura","9":"tag-arquitectura-residencial","10":"tag-arte","11":"tag-arte-y-diseno","12":"tag-arts","13":"tag-arts-and-design","14":"tag-casas","15":"tag-design","16":"tag-diseno","17":"tag-entertainment","18":"tag-entretenimiento","19":"tag-es","20":"tag-espana","21":"tag-quito","22":"tag-spain"},"share_on_mastodon":{"url":"https:\/\/pubeurope.com\/@es\/115860693850312978","error":""},"_links":{"self":[{"href":"https:\/\/www.europesays.com\/es\/wp-json\/wp\/v2\/posts\/329998","targetHints":{"allow":["GET"]}}],"collection":[{"href":"https:\/\/www.europesays.com\/es\/wp-json\/wp\/v2\/posts"}],"about":[{"href":"https:\/\/www.europesays.com\/es\/wp-json\/wp\/v2\/types\/post"}],"author":[{"embeddable":true,"href":"https:\/\/www.europesays.com\/es\/wp-json\/wp\/v2\/users\/2"}],"replies":[{"embeddable":true,"href":"https:\/\/www.europesays.com\/es\/wp-json\/wp\/v2\/comments?post=329998"}],"version-history":[{"count":0,"href":"https:\/\/www.europesays.com\/es\/wp-json\/wp\/v2\/posts\/329998\/revisions"}],"wp:featuredmedia":[{"embeddable":true,"href":"https:\/\/www.europesays.com\/es\/wp-json\/wp\/v2\/media\/329999"}],"wp:attachment":[{"href":"https:\/\/www.europesays.com\/es\/wp-json\/wp\/v2\/media?parent=329998"}],"wp:term":[{"taxonomy":"category","embeddable":true,"href":"https:\/\/www.europesays.com\/es\/wp-json\/wp\/v2\/categories?post=329998"},{"taxonomy":"post_tag","embeddable":true,"href":"https:\/\/www.europesays.com\/es\/wp-json\/wp\/v2\/tags?post=329998"}],"curies":[{"name":"wp","href":"https:\/\/api.w.org\/{rel}","templated":true}]}}