{"id":330026,"date":"2026-01-08T17:57:08","date_gmt":"2026-01-08T17:57:08","guid":{"rendered":"https:\/\/www.europesays.com\/es\/330026\/"},"modified":"2026-01-08T17:57:08","modified_gmt":"2026-01-08T17:57:08","slug":"copa-campeones-que-es-y-en-que-consiste-la-nueva-competicion","status":"publish","type":"post","link":"https:\/\/www.europesays.com\/es\/330026\/","title":{"rendered":"Copa Campeones. Qu\u00e9 es y en qu\u00e9 consiste la nueva competici\u00f3n"},"content":{"rendered":"<p>Este jueves ha tenido lugar la presentaci\u00f3n de la Copa Campeones, nueva competici\u00f3n para personas con discapacidad intelectual, que ser\u00e1 la primera liga nacional de baloncesto a nivel mundial.<\/p>\n<p>El pr\u00f3ximo mes de enero se dar\u00e1 el pistoletazo de salida a una nueva competici\u00f3n que nace con el objetivo de promocionar el deporte que busca la integraci\u00f3n de todos y de representar los verdaderos valores del baloncesto: superaci\u00f3n, diversi\u00f3n y compa\u00f1erismo.<\/p>\n<p>Qu\u00e9 es la nueva Copa Campeones<\/p>\n<p>Se trata de la <strong>Copa Campeones<\/strong>, una competici\u00f3n para personas con discapacidad intelectual que ha sido presentada este jueves en la Family Bankers Office del Banco Mediolanum en Madrid.<\/p>\n<p>El acto ha estado presentado por la periodista Alejandra Llamb\u00e9s y ella ha sido la encargada de dar a conocer este nuevo formato que tendr\u00e1 como participantes a chicos y chicas mayores de 16 a\u00f1os.<\/p>\n<p>El torneo, organizado bajo el auspicio de la Fundaci\u00f3n acb y con Mediolanum como principal patrocinador, <strong>contar\u00e1 con la participaci\u00f3n de 18 equipos, uno en representaci\u00f3n de cada uno de los clubes de la Liga Endesa<\/strong>. Estos disputar\u00e1n la competici\u00f3n en tres jornadas, con seis equipos en cada una de ellas. <strong>La primera tendr\u00e1 como sede L\u2019Alqueria del Basket <\/strong>en Valencia.<\/p>\n<p>La capital levantina acoger\u00e1 el debut del torneo los pr\u00f3ximos 17 y 18 de enero. <strong>Manresa<\/strong>, en el mes de marzo, y <strong>Bilbao<\/strong>, en mayo, ser\u00e1n las dos ciudades donde se disputar\u00e1n las siguientes dos jornadas.<\/p>\n<p>Tras esta introducci\u00f3n, han tomado la palabra Antonio Mart\u00edn (Presidente de acb) y Luca Bosisio (Consejero Delegado de Banco Mediolanum). El primero ha destacado que \u201cCopa Campeones est\u00e1 enmarcado dentro de las acciones de la Fundaci\u00f3n acb. Que este deporte sea tambi\u00e9n una herramienta social era una deuda que ten\u00eda la acb.<\/p>\n<p>\u201cLos 18 clubes reaccionaron inmediatamente y eso es de agradecer, porque les pedimos mucho y siempre responden. Les damos las gracias. Y tambi\u00e9n, agradecer a nuestros patrocinadores por el apoyo que siempre nos brindan. La ilusi\u00f3n de la acb es poder disfrutar de lo que nos da una propiedad que desarrolla el baloncesto y tiene un cierto eco social. Quer\u00edamos crear una estructura para que puedan todos competir y sobre todo, pasarlo bien\u201d, ha concluido Antonio Mart\u00edn.<\/p>\n<p>Por su parte, el CEO de Mediolanum ha se\u00f1alado que \u201ceste banco ha nacido para hacer un banco diferente, un banco para las personas. Esta cercan\u00eda y estar donde la gente necesita siempre ha sido la misi\u00f3n de este banco, por eso siempre hemos estado cerca del deporte, porque es una forma de estar juntos. Celebramos la Copa Campeones por las personas. Antes de buscar un deporte, intentamos encontrar personas que compart\u00edan el alma de nuestra organizaci\u00f3n. Cuando me hablaron de esta iniciativa nos encant\u00f3 poder estar ayudando\u201d.<\/p>\n<p>A continuaci\u00f3n, lleg\u00f3 el turno de los patrocinadores, aut\u00e9nticos valedores de esta nueva competici\u00f3n. Montse Prats, Responsable de Acci\u00f3n Social de Mediolanum, Ignacio Asensi, responsable de patrocinios de Endesa, Rebeca Guillen, Marketing and communication general manager de Toyota y Emma Ruiz de Azcarate, Directora de Marketing de Pelayo explicaron la importancia que para sus respectivas empresas supone apoyar la Copa Campeones.<\/p>\n<p>As\u00ed, todos ellos, destacaron que la Copa Campeones es mucho m\u00e1s que una competici\u00f3n. \u201cPara nosotros era impensable no estar al lado de ellos. Este es un gran evento para crear una sociedad m\u00e1s igualitaria y m\u00e1s justa\u201d, se\u00f1al\u00f3 Montse Prats, mientras que Ignacio Asensi afirm\u00f3 que \u201ca nosotros nos hace mucha ilusi\u00f3n. Llevamos desde 2016 apoyando proyectos sociales y creo que la sociedad actual requiere del apoyo de las grandes empresas para hacer mejor las cosas. El baloncesto nos ha dado much\u00edsimo y tenemos una gran herramienta para devolver a la sociedad lo que nos ha dado\u201d.<\/p>\n<p>Por su parte, Rebeca Guill\u00e9n asegur\u00f3 que \u201cesto no es una competici\u00f3n cualquiera. Es una forma de entender el deporte, la integraci\u00f3n y la superaci\u00f3n y eso es algo muy importante para la sociedad. La misi\u00f3n de nuestra compa\u00f1\u00eda es ofrecer felicidad y no hay progreso si no ayudamos a mejorar la vida de las personas. No pod\u00edamos no participar en un proyecto como este\u201d. Y Emma Ruiz de Azcarate cerr\u00f3 el turno de los patrocinadores explicando que \u201cparticipar de la fundaci\u00f3n y de la Copa Campeones es muy importante. Para Pelayo las personas son las importantes y apoyando esta competici\u00f3n logramos seguir ampliando la dimensi\u00f3n del patrocinio\u201d.<\/p>\n<p>Por \u00faltimo, los m\u00e1s importantes, los jugadores, han tenido tambi\u00e9n su tiempo en esta presentaci\u00f3n. En representaci\u00f3n de todos los que estar\u00e1n participando, Jes\u00fas G\u00f3mez (Joventut Badalona \u2013 Fedamar), Manuel Moreno (Valencia Basket Aderes), Miquel Delaurens (Atlas Lleida) y Jes\u00fas G\u00f3mez (Coviran Granada) explicaron sus sensaciones ante este nuevo reto que se les presenta.<\/p>\n<p>Junto a ellos tambi\u00e9n ha estado <strong>V\u00edctor Claver<\/strong>, leyenda acb, quien tras afirmar \u201ces un placer estar aqu\u00ed en esta presentaci\u00f3n\u201d, fue el encargado de charlar con los jugadores.<\/p>\n<p>\u201cRepresentar a mi equipo es muy importante\u201d, ha afirmado el representante del club verdinegro; \u201cSe compite m\u00e1s y a m\u00ed jugar me gusta mucho y disfruto mucho en la cancha, aunque se gane o se pierda\u201d, ha dicho el jugador taronja; \u201ces muy bonito jugar al baloncesto con mis compa\u00f1eros. Es igual ganar o perder\u201d, ha incidido el representante del Atlas Lleida. Para concluir, el jugador del cuadro nazar\u00ed ha se\u00f1alado que \u201cesta competici\u00f3n es muy importante para que todos vean que las personas con discapacidad tambi\u00e9n sabemos jugar al baloncesto\u201d.<\/p>\n<p>La foto de familia ha puesto el broche de oro a esta presentaci\u00f3n que ha dado el pistoletazo de salida a la Copa Campeones.<\/p>\n<p>\u00a1Siguiente parada, L\u2019Alqueria del Basket en Valencia!<\/p>\n","protected":false},"excerpt":{"rendered":"Este jueves ha tenido lugar la presentaci\u00f3n de la Copa Campeones, nueva competici\u00f3n para personas con discapacidad intelectual,&hellip;\n","protected":false},"author":2,"featured_media":330027,"comment_status":"","ping_status":"","sticky":false,"template":"","format":"standard","meta":{"footnotes":""},"categories":[268],"tags":[76092,168,25,24,280,282,281,23,167],"class_list":{"0":"post-330026","1":"post","2":"type-post","3":"status-publish","4":"format-standard","5":"has-post-thumbnail","7":"category-futbol","8":"tag-copa-campeones","9":"tag-deportes","10":"tag-es","11":"tag-espana","12":"tag-football","13":"tag-futbol","14":"tag-soccer","15":"tag-spain","16":"tag-sports"},"share_on_mastodon":{"url":"https:\/\/pubeurope.com\/@es\/115860776200471836","error":""},"_links":{"self":[{"href":"https:\/\/www.europesays.com\/es\/wp-json\/wp\/v2\/posts\/330026","targetHints":{"allow":["GET"]}}],"collection":[{"href":"https:\/\/www.europesays.com\/es\/wp-json\/wp\/v2\/posts"}],"about":[{"href":"https:\/\/www.europesays.com\/es\/wp-json\/wp\/v2\/types\/post"}],"author":[{"embeddable":true,"href":"https:\/\/www.europesays.com\/es\/wp-json\/wp\/v2\/users\/2"}],"replies":[{"embeddable":true,"href":"https:\/\/www.europesays.com\/es\/wp-json\/wp\/v2\/comments?post=330026"}],"version-history":[{"count":0,"href":"https:\/\/www.europesays.com\/es\/wp-json\/wp\/v2\/posts\/330026\/revisions"}],"wp:featuredmedia":[{"embeddable":true,"href":"https:\/\/www.europesays.com\/es\/wp-json\/wp\/v2\/media\/330027"}],"wp:attachment":[{"href":"https:\/\/www.europesays.com\/es\/wp-json\/wp\/v2\/media?parent=330026"}],"wp:term":[{"taxonomy":"category","embeddable":true,"href":"https:\/\/www.europesays.com\/es\/wp-json\/wp\/v2\/categories?post=330026"},{"taxonomy":"post_tag","embeddable":true,"href":"https:\/\/www.europesays.com\/es\/wp-json\/wp\/v2\/tags?post=330026"}],"curies":[{"name":"wp","href":"https:\/\/api.w.org\/{rel}","templated":true}]}}