{"id":330056,"date":"2026-01-08T18:17:11","date_gmt":"2026-01-08T18:17:11","guid":{"rendered":"https:\/\/www.europesays.com\/es\/330056\/"},"modified":"2026-01-08T18:17:11","modified_gmt":"2026-01-08T18:17:11","slug":"ciclobreves-espana-enero-2026-ciclo21-4","status":"publish","type":"post","link":"https:\/\/www.europesays.com\/es\/330056\/","title":{"rendered":"Ciclobreves Espa\u00f1a enero 2026 &#8211; Ciclo21"},"content":{"rendered":"<p><a href=\"https:\/\/www.ciclo21.com\/ciclobreves-espana-diciembre-2025-30d\/\" target=\"_blank\" rel=\"noopener nofollow\"><strong>Ciclobreves 2025<\/strong><\/a><\/p>\n<p style=\"text-align: justify;\"><strong>8\u00a0enero. Ainara Albert ya tiene equipo<\/strong> para esta pr\u00f3xima temporada. La valenciana de 22 a\u00f1os correr\u00e1 en carretera con <strong>el Roland Le D\u00e9vouly<\/strong>, equipo suizo que este a\u00f1o ha descendido de la categor\u00eda UCI WorldTeam a la <strong>UCI Continental<\/strong>. Aunque la noticia no ha sido confirmada a\u00fan ni por el equipo, ni por la corredora, el nombre de ambos aparece ya vinculado en la lista de participantes de las carreras UCI que se disputar\u00e1n este mes en El Salvador. Albert tiene previsto estrenarse con su nuevo equipo <strong>en el Tour de El Salvador<\/strong> (17 al 21 de enero) y en las <strong>cuatro carreras de un d\u00eda posteriores<\/strong>, el GP de San Salvador (24 de enero), el GP de El Salvador (25 de enero), el\u00a0 GP Longitudinal del Norte (27 de enero) y el GP de Oriente (28 de enero). La <strong>campeona de Europa de pista<\/strong> en puntuaci\u00f3n sub-23 en 2024 y medallista de plata en 2025, debut\u00f3 en carretera a nivel UCI con el Isolmant italiano. En 2024 regres\u00f3 a Espa\u00f1a con el Massi y corri\u00f3 <strong>con el Eneicat en 2025<\/strong>.<\/p>\n<p style=\"text-align: justify;\">Del mismo modo, las listas de participantes provisionales de estas carreras en El Salvador han confirmado que <strong>Marina Garau<\/strong> <strong>seguir\u00e1 corriendo en 2026 en el BePink \u2013 Imatra \u2013 Bongioanni<\/strong>. La ciclista de 23 a\u00f1os afrontar\u00e1 su segunda temporada en el equipo italiano de categor\u00eda UCI Continental, al que lleg\u00f3 en 2025 procedente del Cantabria Deporte \u2013 Rio Miera. En El Salvador correr\u00e1 tanto la vuelta por etapas, como las cuatro carreras de un d\u00eda. Esta pasada campa\u00f1a dispuso de un amplio calendario internacional, dispitando carreras de entidad como<strong> la Amstel Gold Race, la Strade Bianche o La Vuelta a Espa\u00f1a<\/strong>. A final de a\u00f1o firm\u00f3 su mejor actuaci\u00f3n en China, acabando <strong>novena en el Tour de Guangxi<\/strong>.<\/p>\n<p style=\"text-align: justify;\"><strong>7 enero. <\/strong>Con la mirada puesta en el inicio de la competici\u00f3n a finales de mes, el equipo <strong>Euskaltel-Euskadi se concentra desde hoy y hasta el pr\u00f3ximo 15 de enero en la localidad alicantina de Altea<\/strong>. La plantilla al completo, junto al staff t\u00e9cnico, se ha instalado en el Hotel Cap Negret para ultimar los detalles de una temporada 2026 que se presenta cargada de ambici\u00f3n y nuevos retos deportivos. Durante estos diez d\u00edas, los ciclistas se someter\u00e1n a un exhaustivo <strong>bloque de entrenamientos de fondo y test de rendimiento espec\u00edficos<\/strong>. Se trata de un periodo crucial para optimizar cada aspecto de la estructura y buscar la mejor versi\u00f3n competitiva en cada kil\u00f3metro. La agenda t\u00e9cnica se completa con un riguroso seguimiento de salud que incluye <strong>antropometr\u00edas, ecocardiogramas y espirometr\u00edas<\/strong>, adem\u00e1s de sesiones formativas lideradas por el equipo m\u00e9dico para asegurar que cada corredor afronte las primeras carreras en condiciones \u00f3ptimas.<\/p>\n<p style=\"text-align: justify;\">En el plano organizativo, este training camp funciona como eje para coordinar el grupo y fortalecer los valores de trabajo, esfuerzo y apuesta por la cantera que definen a la escuadra. La direcci\u00f3n deportiva llevar\u00e1 a cabo <strong>reuniones individuales y grupales<\/strong> para definir los roles, el funcionamiento del grupo y planificar los objetivos de la temporada. Paralelamente, las jornadas servir\u00e1n para <strong>validar el nuevo material t\u00e9cnico<\/strong>, atender los compromisos con los patrocinadores y producir las fotos oficiales y los contenidos audiovisuales de cara al lanzamiento de la temporada.<\/p>\n<p style=\"text-align: justify;\">La convivencia en Altea permitir\u00e1 integrar a las seis caras nuevas: Yago Agirre, Unai Aznar, Samuel Fern\u00e1ndez, Jonathan Lastra, Gari Ugarte y Axel van der Tuuk. Asimismo, el equipo refuerza su apuesta formativa con la <strong>presencia de cuatro corredores del filial de la Euskadi Fundazioa \u2014Asier Castilla, Aimar Gald\u00f3s, Aimar Mar\u00edn y Marco Mart\u00edn\u2014<\/strong>, quienes trabajar\u00e1n con el grupo profesional durante toda la semana. Esta concentraci\u00f3n servir\u00e1 como rampa de lanzamiento para el debut competitivo con tres pruebas de un d\u00eda: Classica Camp de Morvedre, el Gran Premio Castell\u00f3n-Ruta de la Cer\u00e1mica y la Cl\u00e0ssica Comunitat Valenciana-Gran Premi Val\u00e8ncia, los d\u00edas 23, 24 y 25 de enero, respectivamente (ver calendario). Antes de la competici\u00f3n, la formaci\u00f3n naranja vivir\u00e1 su <strong>puesta de largo oficial el pr\u00f3ximo 20 de enero en la sede de Euskaltel en Derio.<\/strong><\/p>\n<p style=\"text-align: justify;\"><strong>6 enero. Movistar<\/strong> ha confirmado la fecha de estrenode la<strong> quinta temporada de \u2018El d\u00eda menos pensado\u2019<\/strong>, la serie documental que muestra la temporada del equipo telef\u00f3nico desde dentro de la mano de los integrantes de la estructura. Tras dos a\u00f1os de par\u00f3n, la serie regresar\u00e1 <strong>el pr\u00f3ximo 19 de enero<\/strong> en la propia plataforma de Movistar Plus. Igualmente, ha presentado un segundo tr\u00e1iler de la misma, disponible a continuaci\u00f3n:<\/p>\n<blockquote class=\"twitter-tweet\" data-media-max-width=\"560\">\n<p dir=\"ltr\" lang=\"es\">\ud83c\udf81 Tenemos un \ud835\udc93\ud835\udc86\ud835\udc88\ud835\udc82\ud835\udc8d\ud835\udc90 para vosotros:<\/p>\n<p>\ud83d\uddd3\ufe0f 1\ufe0f\u20e39\ufe0f\u20e3 de enero.<\/p>\n<p>ESTRENO de <a href=\"https:\/\/twitter.com\/hashtag\/ElD%C3%ADaMenosPensado?src=hash&amp;ref_src=twsrc%5Etfw\" rel=\"nofollow noopener\" target=\"_blank\">#ElD\u00edaMenosPensado<\/a> en <a href=\"https:\/\/twitter.com\/MovistarPlus?ref_src=twsrc%5Etfw\" rel=\"nofollow noopener\" target=\"_blank\">@MovistarPlus<\/a>. <a href=\"https:\/\/twitter.com\/Movistar_Team?ref_src=twsrc%5Etfw\" rel=\"nofollow noopener\" target=\"_blank\">@Movistar_Team<\/a> <a href=\"https:\/\/t.co\/BhvWjIuxum\" rel=\"nofollow\">pic.twitter.com\/BhvWjIuxum<\/a><\/p>\n<p>\u2014 Movistar Plus+ Deportes (@MPlusDeportes) <a href=\"https:\/\/twitter.com\/MPlusDeportes\/status\/2008195392261996579?ref_src=twsrc%5Etfw\" rel=\"nofollow noopener\" target=\"_blank\">January 5, 2026<\/a><\/p>\n<\/blockquote>\n<p style=\"text-align: justify;\"><strong>5 enero.<\/strong> \u00a0<strong>El equipo Caja Rural anunci\u00f3 la incorporaci\u00f3n de \u00d3scar Pelegr\u00ed<\/strong> a su grupo de directores deportivos. Pelegr\u00ed, con siete temporadas como profesional, aporta experiencia y conocimiento acumulados tanto en el equipo filial como durante su etapa como stagiaire en la formaci\u00f3n profesional. El equipo navarro celebr\u00f3 esta incorporaci\u00f3n, confiando en que su trayectoria y visi\u00f3n estrat\u00e9gica fortalecer\u00e1n la direcci\u00f3n deportiva. <strong data-start=\"603\" data-end=\"733\">\u201cEstamos encantados de darle la bienvenida a \u00d3scar y seguros de que su contribuci\u00f3n ser\u00e1 clave para los retos de la temporada\u201d<\/strong>, se\u00f1alan desde Caja Rural.<\/p>\n<p style=\"text-align: justify;\"><strong>5 enero. Human Powered Health, el equipo de la espa\u00f1ola Yurani Blanco,<\/strong> competir\u00e1 en 2026 con un <strong data-start=\"46\" data-end=\"96\">nuevo maillot desarrollado junto a Verge Sport<\/strong>, centrado claramente en el <strong data-start=\"124\" data-end=\"149\">rendimiento deportivo<\/strong>. El dise\u00f1o incorpora la tecnolog\u00eda <strong data-start=\"185\" data-end=\"197\">Tailwind<\/strong>, probada en t\u00fanel de viento, pensada para mejorar la <strong data-start=\"251\" data-end=\"308\">aerodin\u00e1mica, la velocidad y la eficiencia en carrera<\/strong>, manteniendo al mismo tiempo la identidad visual del equipo. El equipamiento ha sido ajustado de forma individual a cada corredora durante concentraciones y sesiones de test en laboratorio, con el objetivo de <strong data-start=\"518\" data-end=\"573\">optimizar el ajuste y el rendimiento en competici\u00f3n<\/strong>, y debutar\u00e1 oficialmente en carrera en el <strong data-start=\"616\" data-end=\"642\">Santos Tour Down Under<\/strong>, dentro del calendario del Women\u2019s WorldTour.<\/p>\n<p><a href=\"https:\/\/www.europesays.com\/es\/wp-content\/uploads\/2026\/01\/G95fHtyWMAAQMRw.jpg\" target=\"_blank\" rel=\"noopener\"><img fetchpriority=\"high\" decoding=\"async\" aria-describedby=\"caption-attachment-455997\" class=\"wp-image-455997  lazy\" src=\"data:image\/svg+xml,%3Csvg%20xmlns=\" http:=\"\" data-src=\"https:\/\/www.europesays.com\/es\/wp-content\/uploads\/2026\/01\/G95fHtyWMAAQMRw.jpg\" alt=\"\" width=\"742\" height=\"495\" data- data-\/><\/a><\/p>\n<p id=\"caption-attachment-455997\" class=\"wp-caption-text\">Maillot del Human Powered Health<\/p>\n<p style=\"text-align: justify;\"><strong>4 enero<\/strong>. Tras no poder completar sus \u00faltimas siete apariciones <strong>Pelayo S\u00e1nchez cuenta en el canal de Youtube de Movistar todos los problemas que ha tenido durante el pasado 2025<\/strong> y cu\u00e1l es su situaci\u00f3n actual.\u00a0<\/p>\n<p style=\"text-align: justify;\"><strong>2 enero<\/strong>. El nuevo <strong>Movistar Team Academy<\/strong>, equipo filial del conjunto navarro que competir\u00e1 en la categor\u00eda UCI Continental, ha presentado su <strong>calendario de carreras para 2026,<\/strong> con un total de <strong>22 pruebas UCI<\/strong> confirmadas. De ellas, <strong>\u00fanicamente tres se desarrollar\u00e1n en Espa\u00f1a<\/strong>, ganando m\u00e1s peso las competiciones en Italia o Francia. Habr\u00e1 una mezcla de <strong>carreras sub-23 y citas profesionales .1 y .2<\/strong> en las que se enfrentar\u00e1n a equipos profesionales. En el caso de las pruebas .1, <strong>reemplazar\u00e1n al primer equipo<\/strong> de Movistar, como ocurrir\u00e1 por ejemplo en la <strong>Vuelta a Asturias<\/strong>. Sin embargo, la normativa s\u00ed permite que ciclistas del WorldTeam corran con el filial en dichas pruebas, al igual que a la inversa.<\/p>\n<p style=\"text-align: justify;\">El calendario de 2026 es el siguiente: <strong>Tour de Ruanda<\/strong> (2.1 \/ RUA \/ 22 febrero \u2013 1 marzo), <strong>GP Primavera de Ontur<\/strong> (1.2 \/ ESP \/ 22 marzo), <strong>Semana Coppi y Bartali<\/strong> (2.1 \/ ITA \/ 24 \u2013 28 marzo), <strong>GP Emilia<\/strong> (1.1 \/ ITA \/ 29 marzo), <strong>NXT Classic<\/strong> (1.1 \/ PBA \/ 4 abril), <strong>Cl\u00e1sica de Padr\u00f3n<\/strong> (1.2 \/ ESP\/ 12 abril), <strong>Par\u00eds-Roubaix sub-23<\/strong> (1.2U \/ FRA \/ 12 abril), <strong>Lieja-Basto\u00f1a-Lieja sub-23<\/strong> (1.2U \/ BEL \/ 18 abril), <strong>Vuelta a Asturias<\/strong> (2.1 \/ ESP\/ 23 \u2013 26 abril), <strong>Gante-Wevelgem<\/strong> <strong>sub-23<\/strong> (1.2U \/ BEL \/ 10 mayo), <strong>Ronde de l\u2019Isard<\/strong> (2.2U \/ FRA \/ 20 \u2013 24 abril), <strong>Giro de Italia sub-23<\/strong> (2.2U \/ ITA \/ 14 \u2013 21 junio), <strong>Lyon-Tur\u00edn<\/strong> (2.1 \/ FRA \u2013 ITA \/ 1 \u2013 3 julio), <strong>Giro del Valle de Aosta<\/strong> (2.2U \/ ITA \/ 15-19 julio), <strong>Tour del Porvenir<\/strong> (2.2U \/ FRA \/ 19-27 agosto), <strong>GP de Plouay<\/strong> (1.2U \/ FRA \/ 30 agosto), <strong>Giro de la Regi\u00f3n Friuli Venecia Giulia<\/strong> (2.2 \/ ITA \/ 3-6 septiembre), <strong>GP del Lazio<\/strong> (1.1 \/ ITA \/ 19 septiembre), <strong>Giro de la Romagna<\/strong> (1.1 \/ ITA \/ 20 septiembre), <strong>Il Lombard\u00eda sub-23<\/strong> (1.1U \/ ITA \/ 3 octubre), <strong>Copa Ciudad de San Daniele<\/strong> (1.2 \/ ITA \/ 6 octubre) y <strong>Trofeo Tessile &amp; Moda<\/strong> (1.1 \/ ITA \/ 11 octubre).<\/p>\n<p><a href=\"https:\/\/www.europesays.com\/es\/wp-content\/uploads\/2026\/01\/G9kmiSKW8AAiTpm.jpg\" target=\"_blank\" rel=\"noopener\"><img loading=\"lazy\" decoding=\"async\" aria-describedby=\"caption-attachment-455790\" class=\"wp-image-455790 lazy\" src=\"data:image\/svg+xml,%3Csvg%20xmlns=\" http:=\"\" data-src=\"https:\/\/www.europesays.com\/es\/wp-content\/uploads\/2026\/01\/G9kmiSKW8AAiTpm.jpg\" alt=\"\" width=\"751\" height=\"501\" data- data-\/><\/a><\/p>\n<p id=\"caption-attachment-455790\" class=\"wp-caption-text\">Plantilla del Movistar Team Acamdey para 2026<\/p>\n<p>  <script async src=\"https:\/\/platform.twitter.com\/widgets.js\" charset=\"utf-8\"><\/script><\/p>\n","protected":false},"excerpt":{"rendered":"Ciclobreves 2025 8\u00a0enero. Ainara Albert ya tiene equipo para esta pr\u00f3xima temporada. La valenciana de 22 a\u00f1os correr\u00e1&hellip;\n","protected":false},"author":2,"featured_media":330057,"comment_status":"","ping_status":"","sticky":false,"template":"","format":"standard","meta":{"footnotes":""},"categories":[273],"tags":[313,11935,5736,312,168,25,24,23,167],"class_list":{"0":"post-330056","1":"post","2":"type-post","3":"status-publish","4":"format-standard","5":"has-post-thumbnail","7":"category-ciclismo","8":"tag-ciclismo","9":"tag-ciclobreves","10":"tag-ciclobreves-espana","11":"tag-cycling","12":"tag-deportes","13":"tag-es","14":"tag-espana","15":"tag-spain","16":"tag-sports"},"share_on_mastodon":{"url":"https:\/\/pubeurope.com\/@es\/115860854717498732","error":""},"_links":{"self":[{"href":"https:\/\/www.europesays.com\/es\/wp-json\/wp\/v2\/posts\/330056","targetHints":{"allow":["GET"]}}],"collection":[{"href":"https:\/\/www.europesays.com\/es\/wp-json\/wp\/v2\/posts"}],"about":[{"href":"https:\/\/www.europesays.com\/es\/wp-json\/wp\/v2\/types\/post"}],"author":[{"embeddable":true,"href":"https:\/\/www.europesays.com\/es\/wp-json\/wp\/v2\/users\/2"}],"replies":[{"embeddable":true,"href":"https:\/\/www.europesays.com\/es\/wp-json\/wp\/v2\/comments?post=330056"}],"version-history":[{"count":0,"href":"https:\/\/www.europesays.com\/es\/wp-json\/wp\/v2\/posts\/330056\/revisions"}],"wp:featuredmedia":[{"embeddable":true,"href":"https:\/\/www.europesays.com\/es\/wp-json\/wp\/v2\/media\/330057"}],"wp:attachment":[{"href":"https:\/\/www.europesays.com\/es\/wp-json\/wp\/v2\/media?parent=330056"}],"wp:term":[{"taxonomy":"category","embeddable":true,"href":"https:\/\/www.europesays.com\/es\/wp-json\/wp\/v2\/categories?post=330056"},{"taxonomy":"post_tag","embeddable":true,"href":"https:\/\/www.europesays.com\/es\/wp-json\/wp\/v2\/tags?post=330056"}],"curies":[{"name":"wp","href":"https:\/\/api.w.org\/{rel}","templated":true}]}}