{"id":330060,"date":"2026-01-08T18:20:12","date_gmt":"2026-01-08T18:20:12","guid":{"rendered":"https:\/\/www.europesays.com\/es\/330060\/"},"modified":"2026-01-08T18:20:12","modified_gmt":"2026-01-08T18:20:12","slug":"el-seleccionador-de-marruecos-walid-regragui-confirma-la-lesion-de-sofyan-amrabat-pero-no-descarta-forzarle-tiene-problemas-en-el-tobillo","status":"publish","type":"post","link":"https:\/\/www.europesays.com\/es\/330060\/","title":{"rendered":"El seleccionador de Marruecos, Walid Regragui, confirma la lesi\u00f3n de Sofyan Amrabat pero no descarta forzarle: \u00abTiene problemas en el tobillo\u00bb"},"content":{"rendered":"<p>El t\u00e9cnico asegura que el pivote sigue sin librarse del dolor tras aquel desafortunado golpe con Isco Alarc\u00f3n y reconoce que le aline\u00f3 en 172 de los 180 primeros minutos de la Copa de \u00c1frica pese a no estar en \u00f3ptimas condiciones. Tras pagar el esfuerzo cay\u00e9ndose en las dos \u00faltimas citas, podr\u00eda arriesgar de nuevo este viernes contra Camer\u00fan, en los cuartos de final<\/p>\n<p class=\"parrafo\">El seleccionador nacional de Marruecos, Walid Regragui, ha anunciado este jueves dos noticias muy preocupantes para el Real Betis referentes al estado f\u00edsico de Sofyan Amrabat: por un lado, ha confirmado lo que se pod\u00eda intuir despu\u00e9s de verle participar en los dos primeros partidos de la Copa de \u00c1frica y quedarse sin minutos en los dos siguientes; por otro, el t\u00e9cnico de los &#8216;Leones del Atlas&#8217; no ha asegurado que no le da por perdido para el encuentro de cuartos de final de ma\u00f1ana viernes ante Camer\u00fan. O lo que es lo mismo, que el pivote podr\u00eda forzar para no perderse la lucha por las semifinales a pesar de que est\u00e1 muy lejos de encontrarse en \u00f3ptimas condiciones. <\/p>\n<p>Amrabat est\u00e1 lesionado pero el seleccionador de Marruecos no descarta forzarle ante Camer\u00fan <\/p>\n<p class=\"parrafo\">\u00ab<strong>Sofyan Amrabat sigue con problemas de tobillo. Nosotros<\/strong> <strong>pens\u00e1bamos que podr\u00eda volver a jugar tras la lesi\u00f3n que sufri\u00f3 jugando con el Betis, pero todav\u00eda no est\u00e1 al cien por cien<\/strong><strong>.<\/strong> <strong>Sigue teniendo dolor, a pesar de que estamos haciendo todo lo posible para que est\u00e9 al cien por cien\u00bb. <\/strong><\/p>\n<p class=\"parrafo\"><strong>\u00abYa veremos si, al final, puede jugar o no el partido contra Camer\u00fan<\/strong>\u00ab, ha expuesto Regragui tras ser preguntado por el estado del mediocentro verdiblanco en la rueda de prensa previa al choque de cuartos de final de la Copa de \u00c1frica que Marruecos afrontar\u00e1 como anfitri\u00f3n y en el que <strong>los heliopolitanos tambi\u00e9n estar\u00e1n representados<\/strong> por <strong>Ez Abde<\/strong>. El extremo jug\u00f3 las dos primeras citas como suplente, pero fue titular tanto en la \u00faltima jornada de la Fase de Grupos como en el duelo de octavos de final contra Tanzania. <\/p>\n<p class=\"parrafo\">Amrabat no volvi\u00f3 a jugar con el Betis desde aquel <a href=\"https:\/\/www.estadiodeportivo.com\/futbol\/betis\/surrealista-amrabat-isco-lesionan-mutuamente-nada-mas-empezar-peligran-para-derbi-20251127-521846.html\" target=\"_blank\" class=\"intext-link\" rel=\"nofollow noopener\">desafortunado suceso en el que tambi\u00e9n se lesion\u00f3 Isco Alarc\u00f3n<\/a>. Eso fue el 27 de noviembre ante el FC Utrecht. Luego no estuvo ante Sevilla, Torrent, Bar\u00e7a, ni Dinamo de Zagreb y a mediados de diciembre se march\u00f3 cojeando a la concentraci\u00f3n del combinado marroqu\u00ed para la Copa de \u00c1frica; motivo por el que tambi\u00e9n se ha perdido duelos frente a Rayo, Murcia, Getafe y Real Madrid m\u00e1s el del s\u00e1bado ante el Oviedo. <\/p>\n<p><img decoding=\"async\" src=\"https:\/\/www.europesays.com\/es\/wp-content\/uploads\/2026\/01\/6d5dbe84-463c-467d-ac35-e1ebba4c098d_800x1000.jpeg\" loading=\"lazy\"\/><\/p>\n<p class=\"parrafo\">Tras pasarse toda la semana previa al debut ejercit\u00e1ndose al margen, <strong>Regragui le forz\u00f3 en los 90 minutos del estreno ante Comoras y tambi\u00e9n en 82&#8242; de la segunda cita frente a Mal\u00ed (82&#8242;), a pesar de que entre medias no pudo entrenarse con sus compa\u00f1eros. A partir de ah\u00ed, no le ha podido alinear contra Zambia ni en octavos ante Tanzania y es seria duda para la cita con Camer\u00fan<\/strong>. <\/p>\n<p><a class=\"elementos-rel-t2\" href=\"https:\/\/www.estadiodeportivo.com\/futbol\/betis\/verdadero-estado-amrabat-quien-fenerbahce-busco-sustituto-aunque-mendilibar-quiere-20260107-525907.html\" title=\"El verdadero estado de Amrabat, a quien el Fenerbah\u00e7e ya busc\u00f3 sustituto, aunque Mendilibar lo quiere\" rel=\"nofollow noopener\" target=\"_blank\"><\/p>\n<p class=\"titular titulo-4\">El verdadero estado de Amrabat, a quien el Fenerbah\u00e7e ya busc\u00f3 sustituto, aunque Mendilibar lo quiere<\/p>\n<p><img decoding=\"async\" src=\"https:\/\/www.europesays.com\/es\/wp-content\/uploads\/2026\/01\/15160b29-559c-4e53-a65b-19e4890dfdbd_320x180.jpeg\" alt=\"El verdadero estado de Amrabat, a quien el Fenerbah\u00e7e ya busc\u00f3 sustituto, aunque Mendilibar lo quiere\"\/><\/a><a class=\"elementos-rel-t2\" href=\"https:\/\/www.estadiodeportivo.com\/futbol\/betis\/doctor-ripoll-pone-plazos-lesion-isco-alarcon-dos-tres-meses-vuelve-entrenar-sera-pronostico-excelente-20251230-525180.html\" title=\"El doctor Ripoll pone plazos a la lesi\u00f3n de Isco Alarc\u00f3n: &quot;Si en dos o tres meses vuelve a entrenar ser\u00e1 un pron\u00f3stico excelente&quot; \" rel=\"nofollow noopener\" target=\"_blank\"><\/p>\n<p class=\"titular titulo-4\">El doctor Ripoll pone plazos a la lesi\u00f3n de Isco Alarc\u00f3n: \u00abSi en dos o tres meses vuelve a entrenar ser\u00e1 un pron\u00f3stico excelente\u00bb <\/p>\n<p><img decoding=\"async\" src=\"https:\/\/www.europesays.com\/es\/wp-content\/uploads\/2026\/01\/70ec731a-375c-4309-ace3-f1469623a168_320x180.jpeg\" alt=\"El doctor Ripoll pone plazos a la lesi\u00f3n de Isco Alarc\u00f3n: &quot;Si en dos o tres meses vuelve a entrenar ser\u00e1 un pron\u00f3stico excelente&quot; \"\/><\/a>Las cuentas de Pellegrini con Abde y Amrabat: no estar\u00e1n en Oviedo y puede que tampoco ante Elche y Villarreal<\/p>\n<p class=\"parrafo\">En caso de lograr superar a Camer\u00fan este pr\u00f3ximo viernes (20:00 horas) y conseguir la clasificaci\u00f3n para las semifinales de la Copa de \u00c1frica, Abde y Amrabat se perder\u00e1n tambi\u00e9n con seguridad el duelo de los octavos de final de la Copa del Rey ante el Elche CF (mi\u00e9rcoles 14 a las 21:00) y el liguero ante el Villarreal (s\u00e1bado 17 a las 21), ambos en La Cartuja, y no llegar\u00edan hasta el encuentro de la UEFA Europa League ante el PAOK de Sal\u00f3nica griego fijado para el d\u00eda 22 de enero (18:45 h). <\/p>\n<p><img decoding=\"async\" src=\"https:\/\/www.europesays.com\/es\/wp-content\/uploads\/2026\/01\/1fff056a-166e-49ef-ac93-b991f994a74c_800x1000.jpeg\" loading=\"lazy\"\/><\/p>\n<p class=\"parrafo\">Si por el contrario, Marruecos cae eliminada en cuartos, s\u00ed podr\u00edan llegar a tiempo para estar en ambas citas, aunque el concurso del pivote estar\u00eda igualmente en el aire debido a la <a href=\"https:\/\/www.estadiodeportivo.com\/futbol\/betis\/sofyan-amrabat-una-preocupacion-que-cesa-betis-20260106-525754.html\" target=\"_blank\" class=\"intext-link\" rel=\"nofollow noopener\">inquietud por su estado f\u00edsico y el temor de que vuelva a\u00fan peor<\/a> de lo que se fue. En el resto de escenarios: los dos choques de semifinales se juegan en la tarde-noche del 14-E, el partido por el tercer puesto ser\u00e1 el 17-E y la gran final de la Copa de \u00c1frica se juega el s\u00e1bado 18.   <\/p>\n","protected":false},"excerpt":{"rendered":"El t\u00e9cnico asegura que el pivote sigue sin librarse del dolor tras aquel desafortunado golpe con Isco Alarc\u00f3n&hellip;\n","protected":false},"author":2,"featured_media":330061,"comment_status":"","ping_status":"","sticky":false,"template":"","format":"standard","meta":{"footnotes":""},"categories":[268],"tags":[67860,168,25,24,284,280,282,286,281,23,167],"class_list":{"0":"post-330060","1":"post","2":"type-post","3":"status-publish","4":"format-standard","5":"has-post-thumbnail","7":"category-futbol","8":"tag-copa-africa","9":"tag-deportes","10":"tag-es","11":"tag-espana","12":"tag-estadio-deportivo","13":"tag-football","14":"tag-futbol","15":"tag-real-betis-balompie","16":"tag-soccer","17":"tag-spain","18":"tag-sports"},"share_on_mastodon":{"url":"https:\/\/pubeurope.com\/@es\/115860866738741352","error":""},"_links":{"self":[{"href":"https:\/\/www.europesays.com\/es\/wp-json\/wp\/v2\/posts\/330060","targetHints":{"allow":["GET"]}}],"collection":[{"href":"https:\/\/www.europesays.com\/es\/wp-json\/wp\/v2\/posts"}],"about":[{"href":"https:\/\/www.europesays.com\/es\/wp-json\/wp\/v2\/types\/post"}],"author":[{"embeddable":true,"href":"https:\/\/www.europesays.com\/es\/wp-json\/wp\/v2\/users\/2"}],"replies":[{"embeddable":true,"href":"https:\/\/www.europesays.com\/es\/wp-json\/wp\/v2\/comments?post=330060"}],"version-history":[{"count":0,"href":"https:\/\/www.europesays.com\/es\/wp-json\/wp\/v2\/posts\/330060\/revisions"}],"wp:featuredmedia":[{"embeddable":true,"href":"https:\/\/www.europesays.com\/es\/wp-json\/wp\/v2\/media\/330061"}],"wp:attachment":[{"href":"https:\/\/www.europesays.com\/es\/wp-json\/wp\/v2\/media?parent=330060"}],"wp:term":[{"taxonomy":"category","embeddable":true,"href":"https:\/\/www.europesays.com\/es\/wp-json\/wp\/v2\/categories?post=330060"},{"taxonomy":"post_tag","embeddable":true,"href":"https:\/\/www.europesays.com\/es\/wp-json\/wp\/v2\/tags?post=330060"}],"curies":[{"name":"wp","href":"https:\/\/api.w.org\/{rel}","templated":true}]}}