{"id":330209,"date":"2026-01-08T20:06:16","date_gmt":"2026-01-08T20:06:16","guid":{"rendered":"https:\/\/www.europesays.com\/es\/330209\/"},"modified":"2026-01-08T20:06:16","modified_gmt":"2026-01-08T20:06:16","slug":"jerarca-de-la-onu-dice-que-trump-comete-enorme-error-al-retirar-a-eeuu-de-tratado-climatico","status":"publish","type":"post","link":"https:\/\/www.europesays.com\/es\/330209\/","title":{"rendered":"Jerarca de la ONU dice que Trump comete \u00abenorme error\u00bb al retirar a EEUU de tratado clim\u00e1tico"},"content":{"rendered":"<p>    <img src=\"https:\/\/www.europesays.com\/es\/wp-content\/uploads\/2026\/01\/2026-01-08T103A383A45Z-90742847.jpg\" width=\"1024\" height=\"682\" alt=\"\" loading=\"eager\" decoding=\"sync\" fetchpriority=\"high\"\/><\/p>\n<p>            afp_tickers        <\/p>\n<p>        Este contenido fue publicado en    <\/p>\n<p>        08 enero 2026 &#8211; 19:13\n<\/p>\n<p>El jefe de la ONU para el clima encabez\u00f3 el jueves una ola de cr\u00edticas contra la decisi\u00f3n del presidente Donald Trump de retirar a Estados Unidos de un tratado clim\u00e1tico fundamental, calific\u00e1ndola de un \u00abenorme error\u00bb que perjudicar\u00e1 a su pa\u00eds.\u00a0<\/p>\n<p>Trump emiti\u00f3 un memorando presidencial el mi\u00e9rcoles ordenando la retirada de su pa\u00eds de 66 organizaciones y tratados internacionales \u2014aproximadamente la mitad afiliadas a las Naciones Unidas\u2014 por ser \u00abcontrarias a los intereses de Estados Unidos\u00bb.<\/p>\n<p>El secretario general de Naciones Unidas, Antonio Guterres, \u00ablament\u00f3\u00bb esa decisi\u00f3n.\u00a0<\/p>\n<p>Entre ellos destaca la Convenci\u00f3n Marco de las Naciones Unidas sobre el Cambio Clim\u00e1tico (CMNUCC), que sustenta los principales acuerdos internacionales sobre el clima.\u00a0<\/p>\n<p>El retiro estadounidense de esta instancia se est\u00e1 haciendo efectivo un a\u00f1o despu\u00e9s de su notificaci\u00f3n oficial, todav\u00eda no recibida por Naciones Unidas.<\/p>\n<p>El secretario ejecutivo de la CMNUCC, Simon Stiell, afirm\u00f3 que la decisi\u00f3n de Trump \u00absolo perjudicar\u00e1 la econom\u00eda, el empleo y el nivel de vida de Estados Unidos\u00bb. \u00abEs un enorme error que dejar\u00e1 a Estados Unidos menos seguro y menos pr\u00f3spero\u00bb, afirm\u00f3 en un comunicado.\u00a0<\/p>\n<p>Cr\u00edticos de Trump advirtieron que la medida aislar\u00e1 a\u00fan m\u00e1s a Washingron en el escenario global al convertirlo en el \u00fanico miembro de la ONU que no forma parte del tratado.\u00a0<\/p>\n<p>\u00abEs un error estrat\u00e9gico que dilapida la ventaja estadounidense sin obtener nada a cambio\u00bb, afirm\u00f3 David Widawsky, director del centro de estudios World Resources Institute.\u00a0<\/p>\n<p>\u00abEl acuerdo, de 30 a\u00f1os de antig\u00fcedad, es la base de la cooperaci\u00f3n internacional en materia clim\u00e1tica. Abandonarlo no solo margina a Estados Unidos sino que lo excluye por completo del \u00e1mbito internacional\u00bb, sostuvo.\u00a0<\/p>\n<p>La medida gener\u00f3 duras cr\u00edticas en la UE. Su vicepresidenta ejecutiva para una Transici\u00f3n Limpia, Justa y Competitiva, Teresa Ribera, reclam\u00f3 que \u00aba la Casa Blanca no le importa el medio ambiente, la salud o el sufrimiento de las personas\u00bb.<\/p>\n<p>\u00abLa paz, la justicia, la cooperaci\u00f3n o la prosperidad no figuran entre sus prioridades\u00bb, agreg\u00f3.<\/p>\n<p>Igualmente, el responsable de pol\u00edticas clim\u00e1ticas del bloque, Wopke Hoekstra, sostuvo que la CMNUCC \u00absustenta la acci\u00f3n clim\u00e1tica global\u00bb y re\u00fane a las naciones en la lucha colectiva contra la crisis.<\/p>\n<p>\u00abLa decisi\u00f3n de la mayor econom\u00eda del mundo y segundo mayor emisor de apartarse de ella es lamentable y desafortunada\u00bb, se\u00f1al\u00f3 Hoekstra en una publicaci\u00f3n en LinkedIn.<\/p>\n<p>Agreg\u00f3 que \u00abseguiremos apoyando inequ\u00edvocamente la investigaci\u00f3n clim\u00e1tica internacional como base de nuestra comprensi\u00f3n y nuestro trabajo. Tambi\u00e9n continuaremos trabajando en la cooperaci\u00f3n clim\u00e1tica internacional\u00bb.<\/p>\n<p>\u2013 \u00abRegalo a China\u00bb-<\/p>\n<p>El gobernador de California, Gavin Newsom, un cr\u00edtico abierto de Trump y considerado ampliamente como probable candidato a la presidencia por los dem\u00f3cratas, declar\u00f3: \u00abNuestro descerebrado presidente est\u00e1 cediendo el liderazgo de Estados Unidos en el escenario mundial y debilitando nuestra capacidad para competir en la econom\u00eda del futuro, creando un vac\u00edo de liderazgo que China ya est\u00e1 explotando\u00bb.\u00a0<\/p>\n<p>China es el mayor contaminante del mundo, pero tambi\u00e9n se ha convertido en el l\u00edder mundial en energ\u00edas renovables.\u00a0<\/p>\n<p>El memorando de Trump tambi\u00e9n ordena que Estados Unidos se retire del Panel Intergubernamental sobre Cambio Clim\u00e1tico, el organismo de la ONU responsable de evaluar la ciencia del clima junto con otras organizaciones como la Agencia Internacional de Energ\u00edas Renovables, ONU Oc\u00e9anos y ONU Agua.<\/p>\n<p>Tras su retorno a la Casa Blanca hace casi un a\u00f1o, el republicano est\u00e1 implementando su visi\u00f3n de \u00abEstados Unidos primero\u00bb, que trasciende el tema clim\u00e1tico.\u00a0<\/p>\n<p>Trump dio tambi\u00e9n un portazo a la Organizaci\u00f3n Mundial de la Salud y recort\u00f3 la ayuda estadounidense en el extranjero, lo cual golpe\u00f3 los presupuestos de numerosas organizaciones de la ONU que se vieron obligadas a reducir sus actividades sobre el terreno, como la Oficina del Alto Comisionado para los Refugiados (ACNUR) o el Programa Mundial de Alimentos (PMA).<\/p>\n<p>\u00abYa sea sobre el clima, la protecci\u00f3n de los ni\u00f1os contra la violencia o las cuestiones de g\u00e9nero, seguimos trabajando con determinaci\u00f3n\u00bb, afirm\u00f3 el jueves el portavoz de la ONU, St\u00e9phane Dujarric.<\/p>\n<p>El Departamento del Tesoro de Estados Unidos anunci\u00f3 a su vez este jueves su retirada del Fondo Verde para el Clima de la ONU, el mayor fondo multilateral para el clima del mundo.\u00a0<\/p>\n<p>\u00abNuestra naci\u00f3n ya no financiar\u00e1 organizaciones radicales como el Fondo Verde para el Clima, cuyos objetivos son contrarios al hecho de que la energ\u00eda asequible y fiable es fundamental para el crecimiento econ\u00f3mico y la reducci\u00f3n de la pobreza\u00bb, declar\u00f3 el secretario del Tesoro, Scott Bessent.<\/p>\n<p>np-lt\/st\/dg\/nn<\/p>\n","protected":false},"excerpt":{"rendered":"afp_tickers Este contenido fue publicado en 08 enero 2026 &#8211; 19:13 El jefe de la ONU para el&hellip;\n","protected":false},"author":2,"featured_media":330210,"comment_status":"","ping_status":"","sticky":false,"template":"","format":"standard","meta":{"footnotes":""},"categories":[42],"tags":[17,18,83,756,13,14,15535,11,61,62,63,14688,86,64,19,20,9,10,15,16,88,90,12,21,22,15537,65,66,67],"class_list":{"0":"post-330209","1":"post","2":"type-post","3":"status-publish","4":"format-standard","5":"has-post-thumbnail","7":"category-internacional","8":"tag-breaking-news","9":"tag-breakingnews","10":"tag-diplomacy","11":"tag-environment","12":"tag-featured-news","13":"tag-featurednews","14":"tag-global-change","15":"tag-headlines","16":"tag-internacional","17":"tag-international","18":"tag-international-news","19":"tag-international-organisation","20":"tag-international-relations","21":"tag-internationalnews","22":"tag-latest-news","23":"tag-latestnews","24":"tag-news","25":"tag-noticias","26":"tag-noticias-destacadas","27":"tag-noticiasdestacadas","28":"tag-politics","29":"tag-ticker","30":"tag-titulares","31":"tag-ultimas-noticias","32":"tag-ultimasnoticias","33":"tag-weather","34":"tag-world","35":"tag-world-news","36":"tag-worldnews"},"share_on_mastodon":{"url":"","error":"Validation failed: Text character limit of 500 exceeded"},"_links":{"self":[{"href":"https:\/\/www.europesays.com\/es\/wp-json\/wp\/v2\/posts\/330209","targetHints":{"allow":["GET"]}}],"collection":[{"href":"https:\/\/www.europesays.com\/es\/wp-json\/wp\/v2\/posts"}],"about":[{"href":"https:\/\/www.europesays.com\/es\/wp-json\/wp\/v2\/types\/post"}],"author":[{"embeddable":true,"href":"https:\/\/www.europesays.com\/es\/wp-json\/wp\/v2\/users\/2"}],"replies":[{"embeddable":true,"href":"https:\/\/www.europesays.com\/es\/wp-json\/wp\/v2\/comments?post=330209"}],"version-history":[{"count":0,"href":"https:\/\/www.europesays.com\/es\/wp-json\/wp\/v2\/posts\/330209\/revisions"}],"wp:featuredmedia":[{"embeddable":true,"href":"https:\/\/www.europesays.com\/es\/wp-json\/wp\/v2\/media\/330210"}],"wp:attachment":[{"href":"https:\/\/www.europesays.com\/es\/wp-json\/wp\/v2\/media?parent=330209"}],"wp:term":[{"taxonomy":"category","embeddable":true,"href":"https:\/\/www.europesays.com\/es\/wp-json\/wp\/v2\/categories?post=330209"},{"taxonomy":"post_tag","embeddable":true,"href":"https:\/\/www.europesays.com\/es\/wp-json\/wp\/v2\/tags?post=330209"}],"curies":[{"name":"wp","href":"https:\/\/api.w.org\/{rel}","templated":true}]}}