{"id":330238,"date":"2026-01-08T20:29:14","date_gmt":"2026-01-08T20:29:14","guid":{"rendered":"https:\/\/www.europesays.com\/es\/330238\/"},"modified":"2026-01-08T20:29:14","modified_gmt":"2026-01-08T20:29:14","slug":"lula-rememora-intento-golpista-y-llama-a-la-defensa-de-la-democracia","status":"publish","type":"post","link":"https:\/\/www.europesays.com\/es\/330238\/","title":{"rendered":"Lula rememora intento golpista y llama a la defensa de la democracia"},"content":{"rendered":"<p>Al rememorar los tres a\u00f1os desde el intento de golpe de Estado en enero de 2023, el presidente Luiz In\u00e1cio Lula da Silva dijo este jueves (8), durante un acto oficial en el Palacio de Planalto, que aquellos disturbios son un recordatorio de que la democracia no es un logro inquebrantable.<img decoding=\"async\" src=\"https:\/\/www.europesays.com\/es\/wp-content\/uploads\/2026\/01\/1767904152_759_ebc.png\" style=\"width:1px; height:1px; display:inline;\"\/><img decoding=\"async\" src=\"https:\/\/www.europesays.com\/es\/wp-content\/uploads\/2026\/01\/1767904153_854_ebc.gif\" style=\"width:1px; height:1px; display:inline;\"\/><\/p>\n<p>\u00ab[La democracia] siempre ser\u00e1 un trabajo en progreso, constantemente amenazada por aspirantes a dictadores, tanto antiguos como nuevos. Por eso, debe ser valorada y defendida con determinaci\u00f3n d\u00eda tras d\u00eda\u00bb, declar\u00f3 Lula.<\/p>\n<p>El mandatario resalt\u00f3 que la democracia es \u00abm\u00e1s que una palabra elegante del diccionario\u00bb, y subray\u00f3 que significa trabajar por un pa\u00eds m\u00e1s justo y menos desigual, \u00abcon m\u00e1s derechos y menos privilegios\u00bb.<\/p>\n<p>\u00abEs algo m\u00e1s que el deseo y el derecho de votar en las elecciones y luego guardar la tarjeta electoral durante los siguientes cuatro a\u00f1os. La democracia exige la participaci\u00f3n activa de la sociedad en las decisiones de gobierno,\u00bb dijo.<\/p>\n<p>\u00abQuiz\u00e1s la prueba m\u00e1s convincente de la solidez de la democracia brasile\u00f1a sea el juicio de los golpistas por el supremo [tribunal federal]\u00bb, concluy\u00f3.<\/p>\n<p>            <img decoding=\"async\" src=\"https:\/\/www.europesays.com\/es\/wp-content\/uploads\/2025\/12\/loading_v2.gif\" data-echo=\"https:\/\/imagens.ebc.com.br\/10nMKFE0rlbGFd0mMXqnjtRrW1s=\/754x0\/smart\/https:\/\/agenciabrasil.ebc.com.br\/sites\/default\/files\/thumbnails\/image\/2026\/01\/08\/_mg_6522.jpg?itok=cKkoCE7l\" alt=\"Bras\u00edlia (DF), 08\/01\/2026 - O presidente Luiz In\u00e1cio Lula da Silva, ap\u00f3s participar da cerim\u00f4nia relativa aos atos antidemocr\u00e1ticos de 8 de janeiro e assinatura do veto integral ao PL da Dosimetria, no Pal\u00e1cio do Planalto. Foto: Bruno Peres\/Ag\u00eancia Brasil\" title=\"Bruno Peres\/Ag\u00eancia Brasil\"\/><\/p>\n<p>La democracia exige la participaci\u00f3n activa de la sociedad en las decisiones de gobierno,\u00bb dijo Lula &#8211; <strong>Bruno Peres\/Ag\u00eancia Brasil<\/strong><\/p>\n<p>Sin reducci\u00f3n de condena<\/p>\n<p>Anteriormente, Lula vet\u00f3 el proyecto de ley 2.162 de 2023, aprobado por el Congreso en diciembre. Este proyecto, conocido como PL de la dosimetr\u00eda, propon\u00eda reducir las penas de los condenados por los disturbios antidemocr\u00e1ticos del 8 de enero y el intento de golpe de Estado.<\/p>\n<p>\u00abTuvieron pleno derecho a la defensa, fueron juzgados con transparencia e imparcialidad, y al finalizar el juicio, fueron condenados bas\u00e1ndose en pruebas s\u00f3lidas\u00bb, se\u00f1al\u00f3.<\/p>\n","protected":false},"excerpt":{"rendered":"Al rememorar los tres a\u00f1os desde el intento de golpe de Estado en enero de 2023, el presidente&hellip;\n","protected":false},"author":2,"featured_media":330239,"comment_status":"","ping_status":"","sticky":false,"template":"","format":"standard","meta":{"footnotes":""},"categories":[42],"tags":[17,18,13,14,11,61,62,63,64,19,20,9,10,15,16,12,21,22,65,66,67],"class_list":{"0":"post-330238","1":"post","2":"type-post","3":"status-publish","4":"format-standard","5":"has-post-thumbnail","7":"category-internacional","8":"tag-breaking-news","9":"tag-breakingnews","10":"tag-featured-news","11":"tag-featurednews","12":"tag-headlines","13":"tag-internacional","14":"tag-international","15":"tag-international-news","16":"tag-internationalnews","17":"tag-latest-news","18":"tag-latestnews","19":"tag-news","20":"tag-noticias","21":"tag-noticias-destacadas","22":"tag-noticiasdestacadas","23":"tag-titulares","24":"tag-ultimas-noticias","25":"tag-ultimasnoticias","26":"tag-world","27":"tag-world-news","28":"tag-worldnews"},"share_on_mastodon":{"url":"https:\/\/pubeurope.com\/@es\/115861374087350050","error":""},"_links":{"self":[{"href":"https:\/\/www.europesays.com\/es\/wp-json\/wp\/v2\/posts\/330238","targetHints":{"allow":["GET"]}}],"collection":[{"href":"https:\/\/www.europesays.com\/es\/wp-json\/wp\/v2\/posts"}],"about":[{"href":"https:\/\/www.europesays.com\/es\/wp-json\/wp\/v2\/types\/post"}],"author":[{"embeddable":true,"href":"https:\/\/www.europesays.com\/es\/wp-json\/wp\/v2\/users\/2"}],"replies":[{"embeddable":true,"href":"https:\/\/www.europesays.com\/es\/wp-json\/wp\/v2\/comments?post=330238"}],"version-history":[{"count":0,"href":"https:\/\/www.europesays.com\/es\/wp-json\/wp\/v2\/posts\/330238\/revisions"}],"wp:featuredmedia":[{"embeddable":true,"href":"https:\/\/www.europesays.com\/es\/wp-json\/wp\/v2\/media\/330239"}],"wp:attachment":[{"href":"https:\/\/www.europesays.com\/es\/wp-json\/wp\/v2\/media?parent=330238"}],"wp:term":[{"taxonomy":"category","embeddable":true,"href":"https:\/\/www.europesays.com\/es\/wp-json\/wp\/v2\/categories?post=330238"},{"taxonomy":"post_tag","embeddable":true,"href":"https:\/\/www.europesays.com\/es\/wp-json\/wp\/v2\/tags?post=330238"}],"curies":[{"name":"wp","href":"https:\/\/api.w.org\/{rel}","templated":true}]}}