{"id":330241,"date":"2026-01-08T20:31:09","date_gmt":"2026-01-08T20:31:09","guid":{"rendered":"https:\/\/www.europesays.com\/es\/330241\/"},"modified":"2026-01-08T20:31:09","modified_gmt":"2026-01-08T20:31:09","slug":"ultimas-noticias-de-venezuela-en-vivo-captura-de-nicolas-maduro-presion-de-donald-trump-y-reaccion-internacional-mundo","status":"publish","type":"post","link":"https:\/\/www.europesays.com\/es\/330241\/","title":{"rendered":"\u00daltimas noticias de Venezuela EN VIVO: captura de Nicol\u00e1s Maduro, presi\u00f3n de Donald Trump y reacci\u00f3n internacional | Mundo"},"content":{"rendered":"<p><a href=\"https:\/\/larepublica.pe\/mundo\" rel=\"nofollow noopener\" target=\"_blank\">Mundo<\/a><\/p>\n<p>08 Ene 2026 | 15:30 h<\/p>\n<ul class=\"Interlinking_main__interlinking__568Vh\">\n<li class=\"Interlinking_interlinking__item__EpQlI\"><a href=\"https:\/\/larepublica.pe\/mundo\/2026\/01\/07\/trump-afirma-que-venezuela-comprara-solo-productos-de-eeuu-con-el-dinero-del-nuevo-acuerdo-petrolero-una-decision-acertada-551355\" class=\"Interlinking_interlinking__link__p7QlK\" rel=\"nofollow noopener\" target=\"_blank\">Trump afirma que Venezuela comprar\u00e1 solo productos de EE.UU. con el dinero del nuevo acuerdo petrolero<\/a><\/li>\n<li class=\"Interlinking_interlinking__item__EpQlI\"><a href=\"https:\/\/larepublica.pe\/mundo\/2026\/01\/07\/donald-trump-exige-a-delcy-rodriguez-romper-relaciones-con-china-rusia-iran-y-cuba-para-que-venezuela-vuelva-a-extraer-y-vender-petroleo-504210\" class=\"Interlinking_interlinking__link__p7QlK\" rel=\"nofollow noopener\" target=\"_blank\">Trump exige a Delcy Rodr\u00edguez romper relaciones con China, Rusia, Ir\u00e1n y Cuba para que Venezuela vuelva a extraer y vender petr\u00f3leo<\/a><\/li>\n<\/ul>\n<p> El conflicto entre <a href=\"https:\/\/larepublica.pe\/mundo\/2026\/01\/07\/trump-afirma-que-venezuela-comprara-solo-productos-de-eeuu-con-el-dinero-del-nuevo-acuerdo-petrolero-una-decision-acertada-551355\" rel=\"nofollow noopener\" target=\"_blank\">Estados Unidos y Venezuela<\/a> contin\u00faa tenso. El presidente Donald Trump volvi\u00f3 a emitir declaraciones sobre la soberan\u00eda del pa\u00eds caribe\u00f1o tras la captura de<strong> Nicol\u00e1s Maduro<\/strong> efectuada durante la intervenci\u00f3n estadounidense en Caracas. Seg\u00fan indic\u00f3 para The New York Times, el control sobre el territorio venezolano por parte de Washington ser\u00e1 &#8216;mucho m\u00e1s&#8217; que solo meses o un a\u00f1o.   <\/p>\n<p> El <strong>inter\u00e9s de Trump por el petr\u00f3leo venezolano<\/strong> no ha sido un tab\u00fa de su parte, siempre siendo un punto importante en las declaraciones que viene dando para distintos medios o en diversas conferencias que ha dado tras la captura de Maduro. Bajo esta escalada, el 7 de enero, <a href=\"https:\/\/larepublica.pe\/mundo\/2026\/01\/07\/estados-unidos-confirmo-la-captura-de-buque-petrolero-con-la-bandera-de-rusia-antes-de-tocar-puerto-en-venezuela-605101\" rel=\"nofollow noopener\" target=\"_blank\">Estados Unidos confirm\u00f3 la captura de dos nuevos buques petroleros vinculados a Venezuela<\/a>: la Bella 1 en el Atl\u00e1ntico Norte y el M\/T Sophia en el Caribe.   <\/p>\n<p>TE RECOMENDAMOS<\/p>\n<p>KEIKO FUJIMORI NO LLEGAR\u00cdA A SEGUNDA VUELTA | LA VERDAD A FONDO CON PEDRO SALINAS <\/p>\n<p> \u00daltimas noticias de Venezuela: Estados Unidos continua la presi\u00f3n por el petr\u00f3leoDem\u00f3cratas piden inmediato bloqueo de acci\u00f3n militar en Venezuela<\/p>\n<p>Los principales dem\u00f3cratas\u00a0en el Senado intensificaron la presi\u00f3n para que esa c\u00e1mara apruebe con rapidez, la pr\u00f3xima semana, una resoluci\u00f3n que frene una eventual <strong>acci\u00f3n militar en Venezuela<\/strong>, luego del avance logrado este jueves.<\/p>\n<p>La iniciativa super\u00f3 un paso importante cuando el Senado decidi\u00f3 llevarla al pleno por 52 votos a favor y 47 en contra, con el respaldo de cinco legisladores republicanos que se sumaron a la bancada dem\u00f3crata.<\/p>\n<p>\u201cEstoy muy agradecido con los republicanos que nos acompa\u00f1aron. No fue un acto partidista. Fue constitucional. Obligamos a los republicanos a afrontar lo obvio\u201d, coment\u00f3 el l\u00edder de la minor\u00eda del Senado, Chuck Schumer.<\/p>\n<p>DEA publica imagen sobre captura de Maduro<\/p>\n<p>La Administraci\u00f3n para el Control de Drogas (<strong>DEA<\/strong>) de Estados Unidos publicado una imagen de Nicol\u00e1s Maduro con el sello de \u00abCapturado\u00bb. \u00abLa\u00a0justicia sigue adelante\u00bb, se\u00f1alaron a trav\u00e9s de su cuenta de X.<\/p>\n<p><img alt=\"\" src=\"https:\/\/www.europesays.com\/es\/wp-content\/uploads\/2026\/01\/lg_695ff8b207d7e03e3d05dc0a.jpg\" loading=\"lazy\" decoding=\"async\"\/>F\u00a0 \u00a0 \u00a0 \u00a0 \u00a0 \u00a0 \u00a0 \u00a0 \u00a0 \u00a0 \u00a0 \u00a0 \u00a0 \u00a0 \u00a0 \u00a0 \u00a0 \u00a0 \u00a0 \u00a0 \u00a0 \u00a0 \u00a0 \u00a0 \u00a0 \u00a0 \u00a0 \u00a0 \u00a0 \u00a0 \u00a0 \u00a0 \u00a0 \u00a0 \u00a0 \u00a0 \u00a0 \u00a0 \u00a0 \u00a0 \u00a0 \u00a0 \u00a0Foto: DEA<\/p>\n<p>Trump critica a senadores republicanos<\/p>\n<p>Donald Trump critic\u00f3 diramente a un reducido grupo de senadores republicanos que respaldaron una resoluci\u00f3n que frena cualquier futura acci\u00f3n militar de Estados Unidos en Venezuela sin el aval del Congreso, y pidi\u00f3 a los electores que \u201cNUNCA\u201d los vuelvan a elegir.<\/p>\n<p>\u201cLos republicanos deber\u00edan avergonzarse de los senadores que acaban de votar con los dem\u00f3cratas para intentar quitarnos el poder de luchar y defender a Estados Unidos de Am\u00e9rica\u201d, se\u00f1al\u00f3 Trump en Truth\u00a0Social. Mencion\u00f3 a los senadores Susan Collins, Lisa Murkowski, Rand Paul, Josh Hawley y Todd Young, y agreg\u00f3 que \u201cnunca deber\u00edan volver a ser elegidos\u201d.<\/p>\n<p>\u00a0<\/p>\n<p>Venezuela libera \u00abn\u00famero importante\u00bb de presos pol\u00edticos<\/p>\n<p>Venezuela anunci\u00f3 el\u00a0proceso de excarcelaci\u00f3n de un n\u00famero importante de presos pol\u00edticos:\u00a0\u00abPara afianza nuestra decisi\u00f3n inquebrantable de de consolidar la paz en la Rep\u00fablica y la convivencia pac\u00edfica entre todos\u00bb, indic\u00f3 Jorge Rodr\u00edguez, presidente de la Asamblea Nacional.<\/p>\n<p>Foto: captura VTV.<\/p>\n<p><img alt=\"\" src=\"https:\/\/www.europesays.com\/es\/wp-content\/uploads\/2026\/01\/lg_695fe38d07d7e03e3d05dc05.jpg\" style=\"width: 500px; height: 272px;\" loading=\"lazy\" decoding=\"async\"\/><\/p>\n<p>Senadora republicana Susan Collins vota a favor de avanzar la resoluci\u00f3n<\/p>\n<p>\u00abSi bien apoyo la operaci\u00f3n para capturar a Nicol\u00e1s Maduro, que fue extraordinaria en su precisi\u00f3n y complejidad, no apoyo el compromiso de fuerzas estadounidenses adicionales ni el inicio de cualquier intervenci\u00f3n militar a largo plazo en Venezuela o Groenlandia sin autorizaci\u00f3n espec\u00edfica del Congreso\u00bb, indic\u00f3 la senadora republicana.<\/p>\n<p>El Senado vota sobre la resoluci\u00f3n sobre poderes de guerra<\/p>\n<p>El Senado est\u00e1 votando por tercera vez sobre una resoluci\u00f3n de poderes que limitar\u00eda la capacidad del presidente Trump para atacar\u00a0\u00a0a Venezuela\u00a0, mientras el presidente contin\u00faa tomando medidas unilaterales contra el pa\u00eds sudamericano.\u00a0<\/p>\n<p>Juntas militares africanas condenan la captura de Maduro<\/p>\n<p>Las juntas militares que gobiernan Burkina Faso, Mal\u00ed y N\u00edger condenaron el jueves el derrocamiento del presidente venezolano Nicol\u00e1s Maduro y calificaron la acci\u00f3n como un \u00abacto de agresi\u00f3n\u00bb contra el pa\u00eds sudamericano, con el que mantienen estrechos v\u00ednculos.<\/p>\n<p>Fuerzas especiales estadounidenses capturaron a Maduro y su esposa Cilia Flores el s\u00e1bado pasado en una operaci\u00f3n rel\u00e1mpago en Caracas y los trasladaron a Nueva York para ser juzgados por narcotr\u00e1fico.<\/p>\n<p>Maduro se declar\u00f3 no culpable en una audiencia judicial el lunes y afirm\u00f3 que hab\u00eda sido \u00absecuestrado\u00bb.<\/p>\n<p>Senadores buscan bloquear nuevas acciones militares de Trump en Venezuela<\/p>\n<p>El Senado de Estados Unidos votar\u00e1 la pr\u00f3xima semana una resoluci\u00f3n bipartidista bajo la Ley de Poderes de Guerra para intentar impedir que el presidente Donald Trump ordene m\u00e1s acciones militares contra Venezuela sin la aprobaci\u00f3n del Congreso, en medio de la controversia por la reciente operaci\u00f3n militar estadounidense que atac\u00f3 Venezuela.<\/p>\n<p>\u00bfQu\u00e9 son los barcos fantasmas y como funcionan?<\/p>\n<p>Los barcos fantasmas son embarcaciones abandonadas o no registradas que navegan sin tripulaci\u00f3n y, en muchos casos, sin se\u00f1alizaci\u00f3n, lo que les permite operar fuera del control de las autoridades mar\u00edtimas. Estos barcos pueden ser a la deriva debido a desastres, aver\u00edas o abandono, pero tambi\u00e9n se utilizan para actividades ilegales como el contrabando de drogas o armas, especialmente cuando est\u00e1n registrados bajo nombres falsos para evitar ser rastreados.<\/p>\n<p>Debido a que no emiten se\u00f1ales o est\u00e1n fuera del radar, son dif\u00edciles de detectar y representan un peligro tanto para la seguridad mar\u00edtima como para el medio ambiente, ya que a menudo contienen sustancias t\u00f3xicas o combustibles que, si se hunden o encallan, pueden contaminar los oc\u00e9anos.\u00a0<\/p>\n<p>Foto: AFP<\/p>\n<p><img alt=\"\" src=\"https:\/\/www.europesays.com\/es\/wp-content\/uploads\/2026\/01\/lg_695fc6218e521dc2b7044af4.jpg\" style=\"width: 500px; height: 333px;\" loading=\"lazy\" decoding=\"async\"\/><\/p>\n<p>\u00abGrave violaci\u00f3n del derecho internacional\u00bb, denuncia China<\/p>\n<p>China conden\u00f3 la incautaci\u00f3n de un petrolero de bandera rusa en el Atl\u00e1ntico por parte de Estados Unidos, calific\u00e1ndola como una \u00abgrave violaci\u00f3n del derecho internacional\u00bb. La portavoz de la Canciller\u00eda china, Mao Ning, afirm\u00f3 que esta acci\u00f3n de Washington refleja un abuso de poder que no tiene justificaci\u00f3n legal bajo las normas internacionales, ya que no cuenta con la autorizaci\u00f3n del Consejo de Seguridad de la ONU.<\/p>\n<p>Pek\u00edn reiter\u00f3 su postura en contra de las sanciones unilaterales impuestas por Estados Unidos y otros pa\u00edses, se\u00f1alando que tales medidas carecen de fundamento en el derecho internacional.<\/p>\n<p>Edmundo Gonz\u00e1lez fortalece relaciones con Per\u00fa<\/p>\n<p>Edmundo Gonz\u00e1lez Urrutia afirm\u00f3 que \u201cnuestra regi\u00f3n requiere de uni\u00f3n\u201d y explic\u00f3 que sostuvo una conversaci\u00f3n con el Gobierno del Per\u00fa para abordar la situaci\u00f3n en Venezuela y la importancia de fortalecer una coordinaci\u00f3n regional que acompa\u00f1e la transici\u00f3n democr\u00e1tica, se\u00f1alando que una transici\u00f3n duradera exige el respeto al voto expresado el 28 de julio de 2024.<\/p>\n<blockquote class=\"twitter-tweet\">\n<p dir=\"ltr\" lang=\"es\">Nuestra regi\u00f3n requiere de uni\u00f3n. Y en ese sentido, sostuve una conversaci\u00f3n con el Gobierno del Per\u00fa para abordar la situaci\u00f3n de Venezuela y la importancia de fortalecer una coordinaci\u00f3n regional que acompa\u00f1e la transici\u00f3n democr\u00e1tica.<br \/>Una transici\u00f3n duradera exige respeto al\u2026 <a href=\"https:\/\/t.co\/bymwSAOs1M\" rel=\"nofollow\">https:\/\/t.co\/bymwSAOs1M<\/a><\/p>\n<p>\u2014 Edmundo Gonz\u00e1lez (@EdmundoGU) <a href=\"https:\/\/twitter.com\/EdmundoGU\/status\/2009194155239493796?ref_src=twsrc%5Etfw\" rel=\"nofollow noopener\" target=\"_blank\">January 8, 2026<\/a><\/p><\/blockquote>\n<p>Emmanuel Macron acusa a EE. UU de desentenderse \u00abde las reglas internacionales\u00bb<\/p>\n<p>El presidente franc\u00e9s, Emmanuel Macron, expres\u00f3 que Estados Unidos \u00abse desentiende de las reglas internacionales\u00bb y \u00abse est\u00e1 alejando progresivamente\u00bb de algunos de sus aliados, en un contexto de creciente \u00abagresividad neocolonial\u00bb.<\/p>\n<p>Estas declaraciones fueron realizadas durante su discurso anual ante los embajadores franceses, celebrado este a\u00f1o tras el ataque de Estados Unidos y la captura de Nicol\u00e1s Maduro en Venezuela, as\u00ed como sus amenazas de anexionar Groenlandia.<\/p>\n<p>Rusia acusa a EE. UU. de avivar tensiones con la incautaci\u00f3n de petrolero<\/p>\n<p>La diplomacia rusa acus\u00f3 el jueves a Estados Unidos de avivar \u00abtensiones militares y pol\u00edticas\u00bb tras la incautaci\u00f3n de un petrolero vinculado a Mosc\u00fa en el Atl\u00e1ntico Norte, en el marco del bloqueo de Washington a las exportaciones de petr\u00f3leo venezolano.<\/p>\n<p>\u00abEl hecho de que Washington est\u00e9 dispuesto a provocar graves crisis internacionales es lamentable y alarmante\u00bb, se\u00f1al\u00f3 en un comunicado el Ministerio de Relaciones Exteriores.<\/p>\n<p>Con informaci\u00f3n de AFP<\/p>\n<p>Maduro y su esposa resultaron heridos en operaci\u00f3n de EE. UU.<\/p>\n<p>El depuesto presidente de Venezuela, Nicol\u00e1s Maduro, y su esposa, Cilia Flores, resultaron heridos durante la incursi\u00f3n militar de Estados Unidos la madrugada del 3 de enero para capturarlos, dijo el ministro del Interior el mi\u00e9rcoles.<\/p>\n<p>\u00abEse momento Cilia fue herida en la cabeza y en un golpe en el cuerpo, (y) el hermano Nicol\u00e1s fue herido en una pierna. Afortunadamente est\u00e1n mejorando de esa dolencia, pero ah\u00ed est\u00e1n las consecuencias de un ataque artero, 100 personas\u00bb fallecidas, inform\u00f3 el ministro Diosdado Cabello en su programa semanal de televisi\u00f3n.<\/p>\n<p>Con informaci\u00f3n y foto de AFP<\/p>\n<p><img alt=\"\" src=\"https:\/\/www.europesays.com\/es\/wp-content\/uploads\/2026\/01\/lg_695fa3daa55411af900a7335.jpg\" style=\"width: 500px; height: 341px;\" loading=\"lazy\" decoding=\"async\"\/><\/p>\n<p>Trump afirma que EE. UU. podr\u00eda controlar Venezuela durante a\u00f1os<\/p>\n<p>El presidente Donald Trump afirm\u00f3 el mi\u00e9rcoles que Estados Unidos podr\u00eda controlar Venezuela y explotar sus reservas de petr\u00f3leo durante a\u00f1os, tras la captura del presidente Nicol\u00e1s Maduro.<\/p>\n<p>En declaraciones al New York Times, el mandatario republicano dijo &#8211; respecto a cu\u00e1nto tiempo cree que Washington mantendr\u00e1 un control directo sobre el pa\u00eds sudamericano &#8211; que \u00absolo el tiempo lo dir\u00e1\u00bb.<\/p>\n<p>Y cuando le preguntaron si hablaba de tres meses, seis meses o un a\u00f1o, Trump respondi\u00f3: \u00abDir\u00eda que mucho m\u00e1s\u00bb.<\/p>\n<p>Con informaci\u00f3n de AFP<\/p>\n<p><script async src=\"https:\/\/platform.twitter.com\/widgets.js\" charset=\"utf-8\"><\/script><\/p>\n","protected":false},"excerpt":{"rendered":"Mundo 08 Ene 2026 | 15:30 h Trump afirma que Venezuela comprar\u00e1 solo productos de EE.UU. con el&hellip;\n","protected":false},"author":2,"featured_media":330242,"comment_status":"","ping_status":"","sticky":false,"template":"","format":"standard","meta":{"footnotes":""},"categories":[5],"tags":[17,18,25,24,13,14,11,76124,19,20,20574,76126,9,76125,10,15,16,23,12,21,22],"class_list":{"0":"post-330241","1":"post","2":"type-post","3":"status-publish","4":"format-standard","5":"has-post-thumbnail","7":"category-titulares","8":"tag-breaking-news","9":"tag-breakingnews","10":"tag-es","11":"tag-espana","12":"tag-featured-news","13":"tag-featurednews","14":"tag-headlines","15":"tag-julgamento-de-maduro","16":"tag-latest-news","17":"tag-latestnews","18":"tag-lula","19":"tag-lula-e-maduro","20":"tag-news","21":"tag-nicolasito-maduro","22":"tag-noticias","23":"tag-noticias-destacadas","24":"tag-noticiasdestacadas","25":"tag-spain","26":"tag-titulares","27":"tag-ultimas-noticias","28":"tag-ultimasnoticias"},"share_on_mastodon":{"url":"https:\/\/pubeurope.com\/@es\/115861381689826333","error":""},"_links":{"self":[{"href":"https:\/\/www.europesays.com\/es\/wp-json\/wp\/v2\/posts\/330241","targetHints":{"allow":["GET"]}}],"collection":[{"href":"https:\/\/www.europesays.com\/es\/wp-json\/wp\/v2\/posts"}],"about":[{"href":"https:\/\/www.europesays.com\/es\/wp-json\/wp\/v2\/types\/post"}],"author":[{"embeddable":true,"href":"https:\/\/www.europesays.com\/es\/wp-json\/wp\/v2\/users\/2"}],"replies":[{"embeddable":true,"href":"https:\/\/www.europesays.com\/es\/wp-json\/wp\/v2\/comments?post=330241"}],"version-history":[{"count":0,"href":"https:\/\/www.europesays.com\/es\/wp-json\/wp\/v2\/posts\/330241\/revisions"}],"wp:featuredmedia":[{"embeddable":true,"href":"https:\/\/www.europesays.com\/es\/wp-json\/wp\/v2\/media\/330242"}],"wp:attachment":[{"href":"https:\/\/www.europesays.com\/es\/wp-json\/wp\/v2\/media?parent=330241"}],"wp:term":[{"taxonomy":"category","embeddable":true,"href":"https:\/\/www.europesays.com\/es\/wp-json\/wp\/v2\/categories?post=330241"},{"taxonomy":"post_tag","embeddable":true,"href":"https:\/\/www.europesays.com\/es\/wp-json\/wp\/v2\/tags?post=330241"}],"curies":[{"name":"wp","href":"https:\/\/api.w.org\/{rel}","templated":true}]}}