{"id":330245,"date":"2026-01-08T20:37:07","date_gmt":"2026-01-08T20:37:07","guid":{"rendered":"https:\/\/www.europesays.com\/es\/330245\/"},"modified":"2026-01-08T20:37:07","modified_gmt":"2026-01-08T20:37:07","slug":"eli-iserbyt-pone-fin-a-su-carrera-deportiva-por-recomendacion-medica","status":"publish","type":"post","link":"https:\/\/www.europesays.com\/es\/330245\/","title":{"rendered":"Eli Iserbyt pone fin a su carrera deportiva por recomendaci\u00f3n m\u00e9dica"},"content":{"rendered":"<blockquote class=\"quote-card lateral\">\n<p>Iserbyt se ve obligado a abandonar el ciclismo por motivos m\u00e9dicos con solo 28 a\u00f1os<\/p>\n<\/blockquote>\n<p>Eli Iserbyt ha anunciado el final de su carrera deportiva como corredor de ciclocross tras recibir un claro consejo m\u00e9dico que desaconseja cualquier pr\u00e1ctica de ciclismo, tanto recreativa como de alto nivel. El belga, de 28 a\u00f1os, lo ha comunicado a trav\u00e9s de un mensaje en v\u00eddeo publicado en sus redes sociales, poniendo punto final a una de las trayectorias m\u00e1s exitosas del ciclocross moderno.<\/p>\n<p>\t Contin\u00faa tras los patrocinadores<\/p>\n<blockquote class=\"quote-card lateral\">\n<p>Tres operaciones en la arteria il\u00edaca sin el resultado esperado<\/p>\n<\/blockquote>\n<p>El propio corredor explic\u00f3 que, tras consultar a varios especialistas en las \u00faltimas semanas, la conclusi\u00f3n ha sido un\u00e1nime. \u201cEn las \u00faltimas semanas varios m\u00e9dicos me han comunicado que, desde el punto de vista m\u00e9dico, ya no es responsable que siga practicando ciclismo, ni de forma recreativa ni a nivel deportivo de alto nivel\u201d, se\u00f1al\u00f3 visiblemente emocionado. \u201cSiempre he compartido con vosotros los momentos bonitos, pero ahora tambi\u00e9n quer\u00eda compartir que, por desgracia, ya no es posible continuar con mi carrera\u201d .<\/p>\n<p>La causa de esta decisi\u00f3n est\u00e1 en una grave y persistente lesi\u00f3n en la arteria il\u00edaca. Iserbyt ha pasado por hasta tres intervenciones quir\u00fargicas para tratar el estrechamiento de la arteria, sin que ninguna de ellas haya ofrecido el resultado esperado. Esta situaci\u00f3n le impidi\u00f3 iniciar la temporada de ciclocross el pasado 11 de noviembre, fecha prevista para su regreso a la competici\u00f3n.<\/p>\n<p>Tras ese intento fallido de vuelta, el equipo m\u00e9dico opt\u00f3 por un periodo de cuatro semanas de reposo absoluto, seguido de nuevas pruebas diagn\u00f3sticas. Los resultados confirmaron que continuar con su carrera supon\u00eda un riesgo inasumible para su salud, lo que ha llevado a la recomendaci\u00f3n definitiva de abandonar el ciclismo competitivo.<\/p>\n<p>Una carrera repleta de \u00e9xitos<\/p>\n<blockquote class=\"quote-card lateral\">\n<p>Una retirada prematura para uno de los grandes dominadores del ciclocross<\/p>\n<\/blockquote>\n<p>El adi\u00f3s de Iserbyt supone la retirada prematura de uno de los corredores m\u00e1s dominantes del ciclocross en la \u00faltima d\u00e9cada. Su palmar\u00e9s es especialmente brillante desde las categor\u00edas de formaci\u00f3n, donde logr\u00f3 m\u00faltiples t\u00edtulos nacionales e internacionales, incluyendo dos campeonatos del mundo, dos campeonatos de Europa y cuatro campeonatos de B\u00e9lgica en categor\u00edas inferiores.<\/p>\n<p>En categor\u00eda \u00e9lite, Iserbyt conquist\u00f3 el Campeonato de Europa en 2020 y el Campeonato de B\u00e9lgica en 2024, adem\u00e1s de subir en dos ocasiones al podio del Campeonato del Mundo, con sendos terceros puestos en 2022 y 2023. A lo largo de su carrera profesional sum\u00f3 un total de 54 victorias, una cifra que refleja su regularidad y capacidad competitiva al m\u00e1ximo nivel.<\/p>\n<p>A ello se a\u00f1ade un dominio notable en las grandes competiciones de la disciplina, con dos t\u00edtulos de la Copa del Mundo, dos generales de la Superprestige y cuatro victorias en la X2O Badkamers Trofee, consolidando su nombre entre los grandes referentes del ciclocross contempor\u00e1neo.<\/p>\n<p>El anuncio cierra de forma abrupta una carrera a\u00fan en plena madurez deportiva, pero marcada por una lesi\u00f3n que, finalmente, ha pesado m\u00e1s que cualquier ambici\u00f3n competitiva.<\/p>\n","protected":false},"excerpt":{"rendered":"Iserbyt se ve obligado a abandonar el ciclismo por motivos m\u00e9dicos con solo 28 a\u00f1os Eli Iserbyt ha&hellip;\n","protected":false},"author":2,"featured_media":330246,"comment_status":"","ping_status":"","sticky":false,"template":"","format":"standard","meta":{"footnotes":""},"categories":[273],"tags":[313,44324,312,168,45345,25,24,23,167],"class_list":{"0":"post-330245","1":"post","2":"type-post","3":"status-publish","4":"format-standard","5":"has-post-thumbnail","7":"category-ciclismo","8":"tag-ciclismo","9":"tag-ciclocross","10":"tag-cycling","11":"tag-deportes","12":"tag-eli-iserbyt","13":"tag-es","14":"tag-espana","15":"tag-spain","16":"tag-sports"},"share_on_mastodon":{"url":"https:\/\/pubeurope.com\/@es\/115861405206344949","error":""},"_links":{"self":[{"href":"https:\/\/www.europesays.com\/es\/wp-json\/wp\/v2\/posts\/330245","targetHints":{"allow":["GET"]}}],"collection":[{"href":"https:\/\/www.europesays.com\/es\/wp-json\/wp\/v2\/posts"}],"about":[{"href":"https:\/\/www.europesays.com\/es\/wp-json\/wp\/v2\/types\/post"}],"author":[{"embeddable":true,"href":"https:\/\/www.europesays.com\/es\/wp-json\/wp\/v2\/users\/2"}],"replies":[{"embeddable":true,"href":"https:\/\/www.europesays.com\/es\/wp-json\/wp\/v2\/comments?post=330245"}],"version-history":[{"count":0,"href":"https:\/\/www.europesays.com\/es\/wp-json\/wp\/v2\/posts\/330245\/revisions"}],"wp:featuredmedia":[{"embeddable":true,"href":"https:\/\/www.europesays.com\/es\/wp-json\/wp\/v2\/media\/330246"}],"wp:attachment":[{"href":"https:\/\/www.europesays.com\/es\/wp-json\/wp\/v2\/media?parent=330245"}],"wp:term":[{"taxonomy":"category","embeddable":true,"href":"https:\/\/www.europesays.com\/es\/wp-json\/wp\/v2\/categories?post=330245"},{"taxonomy":"post_tag","embeddable":true,"href":"https:\/\/www.europesays.com\/es\/wp-json\/wp\/v2\/tags?post=330245"}],"curies":[{"name":"wp","href":"https:\/\/api.w.org\/{rel}","templated":true}]}}