{"id":330251,"date":"2026-01-08T20:41:10","date_gmt":"2026-01-08T20:41:10","guid":{"rendered":"https:\/\/www.europesays.com\/es\/330251\/"},"modified":"2026-01-08T20:41:10","modified_gmt":"2026-01-08T20:41:10","slug":"me-dicen-que-estoy-genial","status":"publish","type":"post","link":"https:\/\/www.europesays.com\/es\/330251\/","title":{"rendered":"Me dicen que estoy genial"},"content":{"rendered":"<p><b>Bradley Cooper <\/b>dirigi\u00f3, escribi\u00f3 y protagoniz\u00f3 en 2023 el biopic de Leonard Bernstein <b>Maestro<\/b>. La cinta, que le vali\u00f3 su nominaci\u00f3n a los Oscar, contaba la historia real de este emblem\u00e1tico director de orquesta y, para encarnarlo, <b><a title=\"Bradley apareci\u00f3 pr\u00e1cticamente irreconocible\" href=\"https:\/\/www.antena3.com\/objetivotv\/cine\/bradley-cooper-irreconocible-junto-gigi-hadid-foto-donde-todos-preguntan-que-les-pasa-cara_2024111167323f7739a16c0001abad6a.html\" target=\"_blank\" rel=\"nofollow noopener\">Bradley apareci\u00f3 pr\u00e1cticamente irreconocible<\/a><\/b> frente a las c\u00e1maras.<\/p>\n<p>Desde entonces, sus papeles en la gran pantalla (as\u00ed como en televisi\u00f3n) se han visto notoriamente reducidos. Y es que si bien no ha dejado de trabajar, sus proyectos m\u00e1s recientes son cameos o, en el caso de su \u00faltimo estreno Sin conexi\u00f3n, que tambi\u00e9n dirige, papeles secundarios.<\/p>\n<p>Esto, sumado a una de sus \u00faltimas apariciones p\u00fablicas y el constante debate que se produce en redes sociales sobre cualquier tema, ha generado el rumor de que <b>el actor se hab\u00eda sometido a cirug\u00eda pl\u00e1stica<\/b>. Una hip\u00f3tesis que por fin tiene su respuesta.<\/p>\n<p><img loading=\"lazy\" decoding=\"async\" title=\"Bradley Cooper y Gigi Hadid\" alt=\"Bradley Cooper y Gigi Hadid\" width=\"480\" height=\"270\" src=\"https:\/\/www.europesays.com\/es\/wp-content\/uploads\/2026\/01\/bradley-cooper-gigi-hadid_70.jpg\"\/> Bradley Cooper y Gigi Hadid | Getty <\/p>\n<p>Bradley ha visitado el podcast <b><a title=\"Smartless\" href=\"https:\/\/podcasts.apple.com\/us\/podcast\/ricky-gervais\/id1521578868?i=1000742483441\" target=\"_blank\" rel=\"nofollow noopener\">Smartless<\/a><\/b>, presentado por el protagonista de su \u00faltima pel\u00edcula, <b>Will Arnett, junto a Jason Bateman y Sean Hayes<\/b>. All\u00ed, Arnett ha revelado la realidad sobre las supuestas intervenciones de Braldey.<\/p>\n<p>Arnett coment\u00f3 que no hace mucho le hab\u00edan pedido que <b>contara algo sobre Bradley Cooper que no se supiera<\/b>. A lo el actor respondi\u00f3: \u00abBueno, hay muchas cosas\u00bb.<\/p>\n<p><b>\u00abLuego iba a decir, porque no paramos de leerlo, que todo el mundo piensa que Bradley se hizo cirug\u00eda pl\u00e1stica\u00bb<\/b>, contin\u00faa antes de sentenciar: <b>\u00abYo digo que lo que la gente no sabe es que no lo ha hecho. Claro que no lo ha hecho\u00bb<\/b>.<\/p>\n<p><img loading=\"lazy\" decoding=\"async\" title=\"Bradley Cooper\" alt=\"Bradley Cooper\" width=\"480\" height=\"270\" src=\"https:\/\/www.europesays.com\/es\/wp-content\/uploads\/2026\/01\/bradley-cooper_70.jpg\"\/> Bradley Cooper | Gtres <\/p>\n<p>Bradley, en tono c\u00f3mico, a\u00f1ade:<b> \u00abLa gente se me acerca desde hace un par de semanas y me dice que estoy genial\u00bb<\/b>.<\/p>\n<p>Bateman, en su tono c\u00f3mico habitual, afirma en el programa que <b>las cirug\u00edas pl\u00e1sticas \u00ablo destrozaron\u00bb<\/b>, pero que<b> \u00abvale la pena\u00bb<\/b>; mientras muestra su rostro a los compa\u00f1eros.<\/p>\n<p>As\u00ed pues, <b>Bradley Cooper no se habr\u00eda sometido a cirug\u00eds pl\u00e1stica<\/b> y ya tiene una nueva superproducci\u00f3n en desarrollo: la secuela de Heat, con Leonardo Dicaprio y Christian Bale.<\/p>\n<p>   <img decoding=\"async\" title=\"Rob Reiner y su hijo Nick Reiner\" alt=\"Rob Reiner y su hijo Nick Reiner\" width=\"480\" height=\"270\" src=\"https:\/\/www.europesays.com\/es\/wp-content\/uploads\/2026\/01\/rob-reiner-hijo-nick-reiner_70.jpg\" loading=\"lazy\" class=\"lazy\"\/><\/p>\n","protected":false},"excerpt":{"rendered":"Bradley Cooper dirigi\u00f3, escribi\u00f3 y protagoniz\u00f3 en 2023 el biopic de Leonard Bernstein Maestro. La cinta, que le&hellip;\n","protected":false},"author":2,"featured_media":330252,"comment_status":"","ping_status":"","sticky":false,"template":"","format":"standard","meta":{"footnotes":""},"categories":[174],"tags":[255,146,147,25,24,256,23],"class_list":{"0":"post-330251","1":"post","2":"type-post","3":"status-publish","4":"format-standard","5":"has-post-thumbnail","7":"category-famosos","8":"tag-celebrities","9":"tag-entertainment","10":"tag-entretenimiento","11":"tag-es","12":"tag-espana","13":"tag-famosos","14":"tag-spain"},"share_on_mastodon":{"url":"https:\/\/pubeurope.com\/@es\/115861421006714322","error":""},"_links":{"self":[{"href":"https:\/\/www.europesays.com\/es\/wp-json\/wp\/v2\/posts\/330251","targetHints":{"allow":["GET"]}}],"collection":[{"href":"https:\/\/www.europesays.com\/es\/wp-json\/wp\/v2\/posts"}],"about":[{"href":"https:\/\/www.europesays.com\/es\/wp-json\/wp\/v2\/types\/post"}],"author":[{"embeddable":true,"href":"https:\/\/www.europesays.com\/es\/wp-json\/wp\/v2\/users\/2"}],"replies":[{"embeddable":true,"href":"https:\/\/www.europesays.com\/es\/wp-json\/wp\/v2\/comments?post=330251"}],"version-history":[{"count":0,"href":"https:\/\/www.europesays.com\/es\/wp-json\/wp\/v2\/posts\/330251\/revisions"}],"wp:featuredmedia":[{"embeddable":true,"href":"https:\/\/www.europesays.com\/es\/wp-json\/wp\/v2\/media\/330252"}],"wp:attachment":[{"href":"https:\/\/www.europesays.com\/es\/wp-json\/wp\/v2\/media?parent=330251"}],"wp:term":[{"taxonomy":"category","embeddable":true,"href":"https:\/\/www.europesays.com\/es\/wp-json\/wp\/v2\/categories?post=330251"},{"taxonomy":"post_tag","embeddable":true,"href":"https:\/\/www.europesays.com\/es\/wp-json\/wp\/v2\/tags?post=330251"}],"curies":[{"name":"wp","href":"https:\/\/api.w.org\/{rel}","templated":true}]}}