{"id":330301,"date":"2026-01-08T21:16:18","date_gmt":"2026-01-08T21:16:18","guid":{"rendered":"https:\/\/www.europesays.com\/es\/330301\/"},"modified":"2026-01-08T21:16:18","modified_gmt":"2026-01-08T21:16:18","slug":"zaragoza-celebra-el-dia-de-la-cultura-gitana-con-tres-jornadas-de-programacion-cultural-noticia-ayuntamiento-de-zaragoza","status":"publish","type":"post","link":"https:\/\/www.europesays.com\/es\/330301\/","title":{"rendered":"Zaragoza celebra el D\u00eda de la Cultura Gitana con tres jornadas de programaci\u00f3n cultural. Noticia. Ayuntamiento de Zaragoza"},"content":{"rendered":"<p>      Cuerpo de la noticia<\/p>\n<p>El Ayuntamiento de Zaragoza celebra el D\u00eda de la Cultura Gitana con una programaci\u00f3n cultural dise\u00f1ada por la Casa de las Culturas junto a las asociaciones gitanas de la ciudad, con el objetivo de mostrar y poner en valor su cultura y sus costumbres, as\u00ed como su evoluci\u00f3n a trav\u00e9s de los a\u00f1os y su situaci\u00f3n en la actualidad.\u00a0<\/p>\n<p>Este a\u00f1o, la conmemoraci\u00f3n se iniciar\u00e1 el <strong>viernes 9 de enero<\/strong> en el Centro C\u00edvico Estaci\u00f3n del Norte, a las 17.30 horas, en una jornada cultural que incluir\u00e1 la proyecci\u00f3n del <strong>documental &#8216;Gran Redada Gitana. Historia de un genocidio&#8217;<\/strong>, dirigido por Pilar T\u00e1vora, que obtuvo tres nominaciones a los Premios Goya 2025.\u00a0\u00a0<\/p>\n<p>Este documental rescata del silencio la m\u00e1s cruel y mayor persecuci\u00f3n contra el pueblo gitano en Espa\u00f1a: la Gran Redada de 1749. Tres siglos despu\u00e9s, la obra abre una grieta en el silencio hist\u00f3rico y desvela la otra cara de la historia honrando a quienes sufrieron aquel intento de genocidio. La pel\u00edcula combina entrevistas a fuentes documentales con recreaciones f\u00edlmicas y material de archivo para visibilizar este cap\u00edtulo silenciado de la historia y sus consecuencias en el presente.<\/p>\n<p>A continuaci\u00f3n, se proyectar\u00e1 el <strong>v\u00eddeo &#8216;\u00bfPor qu\u00e9 merece la pena estudiar?&#8217;<\/strong>, que pone en valor, con testimonios reales, la importancia de la formaci\u00f3n educativa. La jornada se cerrar\u00e1 con el concierto de flamenco fusi\u00f3n del grupo Amuleto, compuesto por tres voces, teclado, bajo, saxo, trompeta, tromb\u00f3n, percusi\u00f3n, pailas y bater\u00eda.<\/p>\n<p>ACTO INSTITUCIONAL EN LA CASA DE LOS MORLANES<\/p>\n<p>La conmemoraci\u00f3n de este D\u00eda de la Cultura Gitana tendr\u00e1 su continuidad el lunes 12 de enero a las 12.30 horas en la Casa de los Morlanes, con un acto institucional presidido por la consejera de Pol\u00edticas Sociales, <strong>Marian<\/strong> <strong>Or\u00f3s<\/strong>, y la participaci\u00f3n de las entidades representativas de la poblaci\u00f3n gitana en Zaragoza.<\/p>\n<p>Durante este evento se divulgar\u00e1n im\u00e1genes de los actos realizados en 2025 con motivo de la celebraci\u00f3n del 600 aniversario de la llegada del pueblo gitano a la Pen\u00ednsula Ib\u00e9rica, a trav\u00e9s de Arag\u00f3n.<\/p>\n<p>Por \u00faltimo, el mi\u00e9rcoles 14 de enero, en la <strong>Filmoteca de Zaragoza<\/strong> (Plaza de San Carlos, 4), a las 18.00 horas se proyectar\u00e1 el <strong>documental &#8216;Chaplin: esp\u00edritu gitano&#8217;<\/strong>, dirigido por Carmen Chaplin. Esta obra de 2024 contiene entrevistas exclusivas y un acceso sin precedentes al legado de Chaplin, en una exploraci\u00f3n reveladora de su herencia roman\u00ed, construida a partir de entrevistas, extractos de filmes, pel\u00edculas caseras y contribuciones de renombrados artistas roman\u00edes contempor\u00e1neos. Cuenta con la presencia de Johnny Depp, Emir Kusturica, Tony Gaflit y Lita Cabellut.<\/p>\n<p>Del 9 al 12 de enero las <strong>fuentes ornamentales de la ciudad<\/strong> se iluminar\u00e1n con los colores de la bandera gitana.<\/p>\n","protected":false},"excerpt":{"rendered":"Cuerpo de la noticia El Ayuntamiento de Zaragoza celebra el D\u00eda de la Cultura Gitana con una programaci\u00f3n&hellip;\n","protected":false},"author":2,"featured_media":330302,"comment_status":"","ping_status":"","sticky":false,"template":"","format":"standard","meta":{"footnotes":""},"categories":[8],"tags":[17,18,25,24,13,14,11,19,20,9,10,15,16,23,12,21,22],"class_list":{"0":"post-330301","1":"post","2":"type-post","3":"status-publish","4":"format-standard","5":"has-post-thumbnail","7":"category-espana","8":"tag-breaking-news","9":"tag-breakingnews","10":"tag-es","11":"tag-espana","12":"tag-featured-news","13":"tag-featurednews","14":"tag-headlines","15":"tag-latest-news","16":"tag-latestnews","17":"tag-news","18":"tag-noticias","19":"tag-noticias-destacadas","20":"tag-noticiasdestacadas","21":"tag-spain","22":"tag-titulares","23":"tag-ultimas-noticias","24":"tag-ultimasnoticias"},"share_on_mastodon":{"url":"https:\/\/pubeurope.com\/@es\/115861558676932783","error":""},"_links":{"self":[{"href":"https:\/\/www.europesays.com\/es\/wp-json\/wp\/v2\/posts\/330301","targetHints":{"allow":["GET"]}}],"collection":[{"href":"https:\/\/www.europesays.com\/es\/wp-json\/wp\/v2\/posts"}],"about":[{"href":"https:\/\/www.europesays.com\/es\/wp-json\/wp\/v2\/types\/post"}],"author":[{"embeddable":true,"href":"https:\/\/www.europesays.com\/es\/wp-json\/wp\/v2\/users\/2"}],"replies":[{"embeddable":true,"href":"https:\/\/www.europesays.com\/es\/wp-json\/wp\/v2\/comments?post=330301"}],"version-history":[{"count":0,"href":"https:\/\/www.europesays.com\/es\/wp-json\/wp\/v2\/posts\/330301\/revisions"}],"wp:featuredmedia":[{"embeddable":true,"href":"https:\/\/www.europesays.com\/es\/wp-json\/wp\/v2\/media\/330302"}],"wp:attachment":[{"href":"https:\/\/www.europesays.com\/es\/wp-json\/wp\/v2\/media?parent=330301"}],"wp:term":[{"taxonomy":"category","embeddable":true,"href":"https:\/\/www.europesays.com\/es\/wp-json\/wp\/v2\/categories?post=330301"},{"taxonomy":"post_tag","embeddable":true,"href":"https:\/\/www.europesays.com\/es\/wp-json\/wp\/v2\/tags?post=330301"}],"curies":[{"name":"wp","href":"https:\/\/api.w.org\/{rel}","templated":true}]}}