{"id":330313,"date":"2026-01-08T21:27:08","date_gmt":"2026-01-08T21:27:08","guid":{"rendered":"https:\/\/www.europesays.com\/es\/330313\/"},"modified":"2026-01-08T21:27:08","modified_gmt":"2026-01-08T21:27:08","slug":"quien-es-sonia-madoc-concursante-de-gh-duo-4-de-su-gran-hit-internacional-a-su-polemica-separacion","status":"publish","type":"post","link":"https:\/\/www.europesays.com\/es\/330313\/","title":{"rendered":"\u00bfQui\u00e9n es Sonia Madoc, concursante de &#8216;GH D\u00fao 4&#8217;? De su gran hit internacional a su pol\u00e9mica separaci\u00f3n"},"content":{"rendered":"\n<p> Sonia Madoc es, sin duda, uno de los fichajes m\u00e1s llamativos y con historia de GH D\u00fao 4. La cantante y figura medi\u00e1tica llega a la casa de Tres Cantos con un perfil distinto al habitual en los reality shows: <strong>conocida por su \u00e9xito en la m\u00fasica pop y con una carrera vinculada a la imagen y la televisi\u00f3n, Madoc combina nostalgia y actualidad <\/strong>en un mismo paquete para los espectadores. <\/p>\n<p> Nacida como <strong>Sonia Basseda C\u00e1rdenas, la artista se hizo mundialmente popular en 2001 gracias al hit <\/strong><strong>Yo quiero bailar<\/strong>, grabado junto a su compa\u00f1era Selena. El tema no solo se convirti\u00f3 en un fen\u00f3meno en Espa\u00f1a, sino que se extendi\u00f3 internacionalmente, llegando a grabarse en ingl\u00e9s e italiano. Su \u00e9xito le permiti\u00f3 emprender proyectos paralelos: fund\u00f3 una marca de moda y financi\u00f3 sus estudios universitarios, antes de regresar a la m\u00fasica con singles como Bailemos en el sol o Todos a la bah\u00eda en 2006. Su trayectoria musical combina pop comercial con una imagen fresca y rompedora que marc\u00f3 a toda una generaci\u00f3n. <\/p>\n<p> M\u00e1s all\u00e1 de la m\u00fasica, Sonia Madoc ha desarrollado una carrera en el mundo de la imagen y la publicidad. Ha sido rostro de campa\u00f1as y ha aparecido en revistas como Pronto y Lecturas. Su primera aparici\u00f3n televisiva surgi\u00f3 tras superar un exigente casting que la convirti\u00f3 en <strong>doble espa\u00f1ola de Pamela Anderson, lo que le abri\u00f3 las puertas a programas de entretenimiento, debates y tertulias.<\/strong> Posteriormente trabaj\u00f3 con Jordi Gonz\u00e1lez y particip\u00f3 como bailarina en el programa de Pepe Navarro, La V\u00eda Navarro, consolidando un perfil polifac\u00e9tico en televisi\u00f3n. <\/p>\n<p> <strong>Su participaci\u00f3n en<\/strong><strong> GH D\u00fao<\/strong><strong> llega en un momento medi\u00e1tico delicado. Hace apenas meses, se confirm\u00f3 la segunda y definitiva ruptura del d\u00fao Sonia y Selena<\/strong>, tras un regreso en el Benidorm Fest 2025. La separaci\u00f3n, cargada de pol\u00e9mica y comunicados cruzados, devolvi\u00f3 a Sonia al foco medi\u00e1tico, convirti\u00e9ndola en un personaje seguido por los medios de entretenimiento. Ahora, a trav\u00e9s del reality, buscar\u00e1 mostrar otra faceta de su personalidad: la convivencia diaria, la estrategia y la interacci\u00f3n sin guion, lejos de la m\u00fasica y los flashes. <\/p>\n<p>                Sonia Madoc, concursante de &#8216;GH D\u00fao 4&#8217;. (Telecinco)            <\/p>\n<p> En su v\u00eddeo de presentaci\u00f3n, Sonia deja clara su actitud frente al reality: \u201c\u00a1Yo quiero bailar toda la noche en GH D\u00fao!\u201d, retomando el himno que la convirti\u00f3 en un fen\u00f3meno cultural<strong>. Su entrada supone, adem\u00e1s, un gui\u00f1o a la nostalgia de los espectadores que crecieron con su m\u00fasica <\/strong>y un soplo de frescura para la edici\u00f3n, enfrent\u00e1ndose a perfiles muy variados como Carmen Borrego, Antonio Canales, Anita Williams o Cristina Piaget. <\/p>\n<p> El desaf\u00edo para Sonia Madoc ser\u00e1 adaptarse al formato de convivencia, gestionar la presi\u00f3n medi\u00e1tica y mostrar su personalidad m\u00e1s aut\u00e9ntica frente a c\u00e1maras, un terreno in\u00e9dito para alguien acostumbrada a interpretar un rol art\u00edstico. <strong>Su experiencia, tanto en escenarios como en plat\u00f3s, le da ventaja en t\u00e9rminos de presencia y comunicaci\u00f3n, pero la exposici\u00f3n 24 horas al d\u00eda pondr\u00e1 a prueba su resiliencia<\/strong> y capacidad de adaptaci\u00f3n. <\/p>\n<p>              <img decoding=\"async\" class=\"inTextNews__img\" alt=\"Foto: Cristina Piaget, concursante de 'GH D\u00fao 4'. (Telecinco)\" src=\"https:\/\/www.europesays.com\/es\/wp-content\/uploads\/2026\/01\/f.elconfidencial.com\/original\/3ed\/c34\/5d6\/3edc345d6351dd3404f4458301205d9c.jpg\"  \/>     <\/p>\n<p>TE PUEDE INTERESAR<\/p>\n<p>      <a class=\"inTextNews__title\" href=\"https:\/\/www.elconfidencial.com\/television\/programas-tv\/2026-01-08\/gh-duo-quien-es-cristina-piaget-concursante-telecinco_4279692\/\" onclick=\"window.ECCO.emit(&#039;amplitude&#039;, { dataEventName: &#039;click_related_article_module&#039;, data: { related_article_url: &#039;https:\/\/www.elconfidencial.com\/television\/programas-tv\/2026-01-08\/gh-duo-quien-es-cristina-piaget-concursante-telecinco_4279692\/&#039;, related_article_author: &#039;Nay\u00edn Costas&#039;, related_article_section: &#039;programas-tv&#039; } })\" rel=\"nofollow noopener\" target=\"_blank\"> \u00bfQui\u00e9n es Cristina Piaget, concursante de &#8216;GH D\u00fao 4&#8217;? La profesora de yoga que hizo historia con una portada de revista <\/a>   <\/p>\n<p>    Nay\u00edn Costas   <\/p>\n<p> Con su fichaje, GH D\u00fao 4 refuerza la mezcla de nostalgia, talento musical y perfil televisivo, ofreciendo a los espectadores la posibilidad de ver a una artista reconocida por su hit ic\u00f3nico reconvertida en concursante de reality. <strong>Sonia Madoc no solo traer\u00e1 ritmo y m\u00fasica a la casa, sino tambi\u00e9n historia, pol\u00e9mica y un personaje cargado de curiosidad<\/strong> para la audiencia que sigue el regreso del formato&#8230; sobre todo si se confirman los rumores y se ve las caras con Selena como pareja de concurso. <\/p>\n<p> Sonia Madoc es, sin duda, uno de los fichajes m\u00e1s llamativos y con historia de GH D\u00fao 4. La cantante y figura medi\u00e1tica llega a la casa de Tres Cantos con un perfil distinto al habitual en los reality shows: <strong>conocida por su \u00e9xito en la m\u00fasica pop y con una carrera vinculada a la imagen y la televisi\u00f3n, Madoc combina nostalgia y actualidad <\/strong>en un mismo paquete para los espectadores. <\/p>\n","protected":false},"excerpt":{"rendered":"Sonia Madoc es, sin duda, uno de los fichajes m\u00e1s llamativos y con historia de GH D\u00fao 4.&hellip;\n","protected":false},"author":2,"featured_media":330314,"comment_status":"","ping_status":"","sticky":false,"template":"","format":"standard","meta":{"footnotes":""},"categories":[174],"tags":[255,146,147,25,24,256,23],"class_list":{"0":"post-330313","1":"post","2":"type-post","3":"status-publish","4":"format-standard","5":"has-post-thumbnail","7":"category-famosos","8":"tag-celebrities","9":"tag-entertainment","10":"tag-entretenimiento","11":"tag-es","12":"tag-espana","13":"tag-famosos","14":"tag-spain"},"share_on_mastodon":{"url":"https:\/\/pubeurope.com\/@es\/115861601857171933","error":""},"_links":{"self":[{"href":"https:\/\/www.europesays.com\/es\/wp-json\/wp\/v2\/posts\/330313","targetHints":{"allow":["GET"]}}],"collection":[{"href":"https:\/\/www.europesays.com\/es\/wp-json\/wp\/v2\/posts"}],"about":[{"href":"https:\/\/www.europesays.com\/es\/wp-json\/wp\/v2\/types\/post"}],"author":[{"embeddable":true,"href":"https:\/\/www.europesays.com\/es\/wp-json\/wp\/v2\/users\/2"}],"replies":[{"embeddable":true,"href":"https:\/\/www.europesays.com\/es\/wp-json\/wp\/v2\/comments?post=330313"}],"version-history":[{"count":0,"href":"https:\/\/www.europesays.com\/es\/wp-json\/wp\/v2\/posts\/330313\/revisions"}],"wp:featuredmedia":[{"embeddable":true,"href":"https:\/\/www.europesays.com\/es\/wp-json\/wp\/v2\/media\/330314"}],"wp:attachment":[{"href":"https:\/\/www.europesays.com\/es\/wp-json\/wp\/v2\/media?parent=330313"}],"wp:term":[{"taxonomy":"category","embeddable":true,"href":"https:\/\/www.europesays.com\/es\/wp-json\/wp\/v2\/categories?post=330313"},{"taxonomy":"post_tag","embeddable":true,"href":"https:\/\/www.europesays.com\/es\/wp-json\/wp\/v2\/tags?post=330313"}],"curies":[{"name":"wp","href":"https:\/\/api.w.org\/{rel}","templated":true}]}}