{"id":330315,"date":"2026-01-08T21:30:07","date_gmt":"2026-01-08T21:30:07","guid":{"rendered":"https:\/\/www.europesays.com\/es\/330315\/"},"modified":"2026-01-08T21:30:07","modified_gmt":"2026-01-08T21:30:07","slug":"la-revuelta-con-david-broncano-en-directo-hoy-8-de-enero","status":"publish","type":"post","link":"https:\/\/www.europesays.com\/es\/330315\/","title":{"rendered":"La Revuelta con David Broncano, en directo hoy 8 de enero"},"content":{"rendered":"<p>2025 lleg\u00f3 a su fin casi sin darnos cuenta y <strong>2026 ha arrancado de la mejor manera posible<\/strong>, de la mano de La Revuelta. Este jueves 8 de enero puedes disfrutar del segundo programa del a\u00f1o con David Broncano y todo el equipo, a partir de las <strong>21:40 en La 1 y RTVE Play<\/strong>, donde tambi\u00e9n puedes volver a recuperar todas las entrevistas, actuaciones, secciones y programas completos de La Revuelta bajo demanda.<\/p>\n<p>Los artistas agradecen el espacio para la m\u00fasica en directo<\/p>\n<p style=\"text-align:justify;\">Una de las se\u00f1as de identidad de La Revuelta en su andadura en RTVE ha sido, desde el primer momento, el espacio concedido a los invitados para que presenten su <strong>m\u00fasica en directo ante el p\u00fablico<\/strong>. Y han sido innumerables los artistas que han agradecido a <strong>David Broncano<\/strong> y al resto del equipo esa posibilidad de poder actuar en vivo en prime time y en un <strong>programa de m\u00e1xima audiencia<\/strong>. Solo en los primeros meses de la segunda temporada hemos podido disfrutar de artistas tan diversos como <strong>Bel\u00e9n Aguilera, Loquillo, Vera GRV, Chanel, Gregory Porter o The Hives<\/strong>, que pusieron patas arriba el teatro con su rock en\u00e9rgico.<\/p>\n<p>\t\tLa Revuelta | The Hives &#8211; \u00abEnough is enough\u00bb\t<\/p>\n<p style=\"text-align:justify;\">La variedad musical no tiene fin en La Revuelta, donde se <strong>ha apostado por la \u00f3pera con voces como las de Nerea Berraondo o el coro de <\/strong><strong>ARIA<\/strong>, locos por la \u00f3pera, que interpret\u00f3 \u201cBerghain\u201d de Rosal\u00eda. Pasando por el <a href=\"https:\/\/www.rtve.es\/television\/20251016\/angelus-apatrida-confiesa-revuelta-gustos-musicales-inesperados\/16774283.shtml\" target=\"_blank\" rel=\"nofollow noopener\">thrash metal de los albacete\u00f1os Angelus Apatrida<\/a> o el pop electr\u00f3nico del navarro <strong>Zetak, que traslad\u00f3 al teatro del programa el mundo de la mitolog\u00eda vasca<\/strong>, inund\u00e1ndolo de s\u00edmbolos y personajes con \u201cAralarko Dama\u201d y su apuesta por el euskera. <\/p>\n<p style=\"text-align:justify;\">Y, por supuesto, no pod\u00eda faltar la m\u00fasica que todo el mundo conoce, los \u00e9xitos m\u00e1s populares y que m\u00e1s suenan en todo el planeta, como el <strong>\u201cPorque te vas\u201d de Jeanette, el \u201cAh\u00ed est\u00e1s t\u00fa\u201d de la Mari de Chambao, o \u201cSe prepar\u00f3\u201d, de Ozuna<\/strong>, que todos hemos bailado en alguna ocasi\u00f3n.<\/p>\n<p>\t\tLa Revuelta | Ozuna &#8211; \u00abSe prepar\u00f3\u00bb\t<\/p>\n","protected":false},"excerpt":{"rendered":"2025 lleg\u00f3 a su fin casi sin darnos cuenta y 2026 ha arrancado de la mejor manera posible,&hellip;\n","protected":false},"author":2,"featured_media":330316,"comment_status":"","ping_status":"","sticky":false,"template":"","format":"standard","meta":{"footnotes":""},"categories":[171],"tags":[146,147,25,24,23,214],"class_list":{"0":"post-330315","1":"post","2":"type-post","3":"status-publish","4":"format-standard","5":"has-post-thumbnail","7":"category-tv","8":"tag-entertainment","9":"tag-entretenimiento","10":"tag-es","11":"tag-espana","12":"tag-spain","13":"tag-tv"},"share_on_mastodon":{"url":"https:\/\/pubeurope.com\/@es\/115861613681852964","error":""},"_links":{"self":[{"href":"https:\/\/www.europesays.com\/es\/wp-json\/wp\/v2\/posts\/330315","targetHints":{"allow":["GET"]}}],"collection":[{"href":"https:\/\/www.europesays.com\/es\/wp-json\/wp\/v2\/posts"}],"about":[{"href":"https:\/\/www.europesays.com\/es\/wp-json\/wp\/v2\/types\/post"}],"author":[{"embeddable":true,"href":"https:\/\/www.europesays.com\/es\/wp-json\/wp\/v2\/users\/2"}],"replies":[{"embeddable":true,"href":"https:\/\/www.europesays.com\/es\/wp-json\/wp\/v2\/comments?post=330315"}],"version-history":[{"count":0,"href":"https:\/\/www.europesays.com\/es\/wp-json\/wp\/v2\/posts\/330315\/revisions"}],"wp:featuredmedia":[{"embeddable":true,"href":"https:\/\/www.europesays.com\/es\/wp-json\/wp\/v2\/media\/330316"}],"wp:attachment":[{"href":"https:\/\/www.europesays.com\/es\/wp-json\/wp\/v2\/media?parent=330315"}],"wp:term":[{"taxonomy":"category","embeddable":true,"href":"https:\/\/www.europesays.com\/es\/wp-json\/wp\/v2\/categories?post=330315"},{"taxonomy":"post_tag","embeddable":true,"href":"https:\/\/www.europesays.com\/es\/wp-json\/wp\/v2\/tags?post=330315"}],"curies":[{"name":"wp","href":"https:\/\/api.w.org\/{rel}","templated":true}]}}