{"id":330317,"date":"2026-01-08T21:32:16","date_gmt":"2026-01-08T21:32:16","guid":{"rendered":"https:\/\/www.europesays.com\/es\/330317\/"},"modified":"2026-01-08T21:32:16","modified_gmt":"2026-01-08T21:32:16","slug":"el-cine-que-se-viene-en-2026-superheroes-secuelas-y-the-odyssey","status":"publish","type":"post","link":"https:\/\/www.europesays.com\/es\/330317\/","title":{"rendered":"El cine que se viene en 2026: superh\u00e9roes, secuelas y \u00abThe Odyssey\u00bb"},"content":{"rendered":"<p>      CNN<br \/>\n        \u00a0\u2014\u00a0<\/p>\n<p class=\"paragraph inline-placeholder vossi-paragraph\" data-uri=\"es.cms.cnn.com\/_components\/paragraph\/instances\/cmk3x8nmt001s27qn5xzsd2to@published\" data-editable=\"text\" data-component-name=\"paragraph\" data-article-gutter=\"true\">\n            El <a href=\"https:\/\/www.cnn.com\/2024\/09\/21\/business\/amc-regal-cinemark-movie-theater-makeover-plan\" rel=\"nofollow noopener\" target=\"_blank\">siempre amenazado cine<\/a> est\u00e1 haciendo otro fuerte intento por atraer la asistencia a las salas de los espectadores en 2026.\n    <\/p>\n<p class=\"paragraph inline-placeholder vossi-paragraph\" data-uri=\"es.cms.cnn.com\/_components\/paragraph\/instances\/cmk49rv2q0004356py2y8hl1q@published\" data-editable=\"text\" data-component-name=\"paragraph\" data-article-gutter=\"true\">\n            Muchas de las pel\u00edculas m\u00e1s esperadas del a\u00f1o son, como era de esperarse, secuelas o actualizaciones de material previamente querido, aunque tambi\u00e9n hay algunas propuestas frescas para equilibrar la oferta.\n    <\/p>\n<p class=\"paragraph inline-placeholder vossi-paragraph\" data-uri=\"es.cms.cnn.com\/_components\/paragraph\/instances\/cmk49rzws0007356py8rw6i4w@published\" data-editable=\"text\" data-component-name=\"paragraph\" data-article-gutter=\"true\">\n            Aqu\u00ed tienes un adelanto de lo que nos depara el futuro cinematogr\u00e1fico colectivo:\n    <\/p>\n<p>       <img decoding=\"async\" src=\"https:\/\/www.europesays.com\/es\/wp-content\/uploads\/2026\/01\/28-years-later-bone-temple.jpg\" alt=\"Ralph Fiennes en \" years=\"\" later:=\"\" the=\"\" bone=\"\" temple=\"\" class=\"image_expandable__dam-img image_expandable__dam-img--loading\" onload=\"this.classList.remove('image_expandable__dam-img--loading')\" onerror=\"imageLoadError(this)\" height=\"1912\" width=\"3400\" loading=\"lazy\"\/><\/p>\n<p class=\"paragraph inline-placeholder vossi-paragraph\" data-uri=\"es.cms.cnn.com\/_components\/paragraph\/instances\/cmk49q8la0000356pwlpn6j1h@published\" data-editable=\"text\" data-component-name=\"paragraph\" data-article-gutter=\"true\">\n            El sorprendentemente afable doctor posapocal\u00edptico de Ralph Fiennes regresa en esta cuarta entrega de \u201c28 Days Later\u201d, que posiblemente retoma la historia poco despu\u00e9s del final bastante loco de \u201c28 Years Later\u201d del a\u00f1o pasado. Espera ver m\u00e1s zombis desnudos.\n    <\/p>\n<p>       <img decoding=\"async\" src=\"https:\/\/www.europesays.com\/es\/wp-content\/uploads\/2026\/01\/the-moment-2026.jpg\" alt=\"\" the=\"\" moment=\"\" class=\"image__dam-img image__dam-img--loading\" onload=\"this.classList.remove('image__dam-img--loading')\" onerror=\"imageLoadError(this)\" height=\"1440\" width=\"2560\" loading=\"lazy\"\/><\/p>\n<p class=\"paragraph inline-placeholder vossi-paragraph\" data-uri=\"es.cms.cnn.com\/_components\/paragraph\/instances\/cmk4a8nt0001p356pab0fhte3@published\" data-editable=\"text\" data-component-name=\"paragraph\" data-article-gutter=\"true\">\n            Si las luces estrobosc\u00f3picas excesivas del tr\u00e1iler no te han desanimado, este (<a href=\"https:\/\/www.cnn.com\/2025\/11\/21\/entertainment\/charli-xcx-brat-movie\" rel=\"nofollow noopener\" target=\"_blank\">creemos<\/a>) falso documental de concierto sobre la gira \u201cbrat\u201d de Charli XCX podr\u00eda ser finalmente la pel\u00edcula digna de seguir los pasos de \u201cTruth or Dare\u201d de Madonna.\n    <\/p>\n<p>       <img decoding=\"async\" src=\"https:\/\/www.europesays.com\/es\/wp-content\/uploads\/2026\/01\/wuthering-heights.jpg\" alt=\"Jacob Elordi y Margot Robbie en \" wuthering=\"\" heights=\"\" class=\"image__dam-img image__dam-img--loading\" onload=\"this.classList.remove('image__dam-img--loading')\" onerror=\"imageLoadError(this)\" height=\"756\" width=\"1344\" loading=\"lazy\"\/><\/p>\n<p class=\"paragraph inline-placeholder vossi-paragraph\" data-uri=\"es.cms.cnn.com\/_components\/paragraph\/instances\/cmk4a37jy000k356p27zjaywe@published\" data-editable=\"text\" data-component-name=\"paragraph\" data-article-gutter=\"true\">\n            De Emerald Fennell, la directora de \u201cPromising Young Woman\u201d, esta adaptaci\u00f3n de Emily Bront\u00eb llega justo a tiempo para San Valent\u00edn y ya en el tr\u00e1iler desborda pasi\u00f3n, con miradas ardientes y escandalosas entre Margot Robbie y Jacob Elordi.\n    <\/p>\n<p>       <img decoding=\"async\" src=\"https:\/\/www.europesays.com\/es\/wp-content\/uploads\/2026\/01\/goat-2026.jpg\" alt=\"\" goat=\"\" class=\"image_expandable__dam-img image_expandable__dam-img--loading\" onload=\"this.classList.remove('image_expandable__dam-img--loading')\" onerror=\"imageLoadError(this)\" height=\"880\" width=\"2057\" loading=\"lazy\"\/><\/p>\n<p class=\"paragraph inline-placeholder vossi-paragraph\" data-uri=\"es.cms.cnn.com\/_components\/paragraph\/instances\/cmk4a37jy000l356petu0o97s@published\" data-editable=\"text\" data-component-name=\"paragraph\" data-article-gutter=\"true\">\n            Coproducida por la leyenda del baloncesto Stephen Curry, esta pel\u00edcula animada sobre un desvalido nos presenta a Will Harris (con la voz de <a href=\"https:\/\/www.cnn.com\/2026\/01\/01\/entertainment\/stranger-things-series-finale-recap\" rel=\"nofollow noopener\" target=\"_blank\">Caleb McLaughlin, de \u201cStranger Things\u201d<\/a>), una cabra que sue\u00f1a con convertirse en el GOAT (siglas que significan en ingl\u00e9s \u201cGreatest of All Time\u201d) en el ficticio deporte del roarball.\n    <\/p>\n<p>       <img decoding=\"async\" src=\"https:\/\/www.europesays.com\/es\/wp-content\/uploads\/2026\/01\/good-luck-have-fun.jpg\" alt=\"Sam Rockwell en \" good=\"\" luck=\"\" have=\"\" fun=\"\" don=\"\" die=\"\" class=\"image__dam-img image__dam-img--loading\" onload=\"this.classList.remove('image__dam-img--loading')\" onerror=\"imageLoadError(this)\" height=\"675\" width=\"1200\" loading=\"lazy\"\/><\/p>\n<p class=\"paragraph inline-placeholder vossi-paragraph\" data-uri=\"es.cms.cnn.com\/_components\/paragraph\/instances\/cmk4a37jy000m356ppc6rogbf@published\" data-editable=\"text\" data-component-name=\"paragraph\" data-article-gutter=\"true\">\n            Sam Rockwell, <a href=\"https:\/\/www.cnn.com\/2025\/03\/17\/entertainment\/white-lotus-recap-episode-5-ratliff-brothers\" rel=\"nofollow noopener\" target=\"_blank\">\u201cjugador m\u00e1s valioso\u201d de la tercera temporada de \u201cWhite Lotus\u201d<\/a>, nos lleva en un viaje alocado hacia un futuro aterrador que aparentemente comienza en la famosa cadena de restaurantes Norms de Los \u00c1ngeles, donde busca personas que lo ayuden a salvar el mundo. Entre los coprotagonistas est\u00e1n Haley Lu Richardson (tambi\u00e9n de \u201cWhite Lotus\u201d) y Zazie Beetz.\n    <\/p>\n<p>       <img decoding=\"async\" src=\"https:\/\/www.europesays.com\/es\/wp-content\/uploads\/2026\/01\/the-bride-2026.jpg\" alt=\"Christian Bale y Jessie Buckley en \" the=\"\" bride=\"\" class=\"image__dam-img image__dam-img--loading\" onload=\"this.classList.remove('image__dam-img--loading')\" onerror=\"imageLoadError(this)\" height=\"659\" width=\"1220\" loading=\"lazy\"\/><\/p>\n<p class=\"paragraph inline-placeholder vossi-paragraph\" data-uri=\"es.cms.cnn.com\/_components\/paragraph\/instances\/cmk4a37jy000n356pdp7rboxv@published\" data-editable=\"text\" data-component-name=\"paragraph\" data-article-gutter=\"true\">\n            Maggie Gyllenhaal dirige a Jessie Buckley (\u201cHamnet\u201d) como la Novia de Frankenstein y a Christian Bale como el monstruo de Frankenstein en una pel\u00edcula que parece estar lo m\u00e1s alejada posible de los cl\u00e1sicos de monstruos de Universal. Busca a Jake Gyllenhaal, hermano de Maggie y coprotagonista en \u201cDonnie Darko\u201d, en un papel a\u00fan no especificado.\n    <\/p>\n<p>       <img decoding=\"async\" src=\"https:\/\/www.europesays.com\/es\/wp-content\/uploads\/2026\/01\/reminders-of-him-2026.jpg\" alt=\"Maika Monroe y Tyriq Withers en \" reminders=\"\" of=\"\" him=\"\" class=\"image_expandable__dam-img image_expandable__dam-img--loading\" onload=\"this.classList.remove('image_expandable__dam-img--loading')\" onerror=\"imageLoadError(this)\" height=\"1159\" width=\"2060\" loading=\"lazy\"\/><\/p>\n<p class=\"paragraph inline-placeholder vossi-paragraph\" data-uri=\"es.cms.cnn.com\/_components\/paragraph\/instances\/cmk4a37jy000o356pblvhitlt@published\" data-editable=\"text\" data-component-name=\"paragraph\" data-article-gutter=\"true\">\n            Tras el comentado estreno de \u201c<a href=\"https:\/\/www.cnn.com\/2025\/03\/13\/entertainment\/blake-lively-justin-baldoni-protective-order\" rel=\"nofollow noopener\" target=\"_blank\">It Ends with Us<\/a>\u201d el a\u00f1o pasado, la siguiente novela de Colleen Hoover en ser adaptada al cine cuenta la historia de una mujer (Maika Monroe, de \u201cIt Follows\u201d) en busca de redenci\u00f3n tras una condena en prisi\u00f3n. Lauren Graham (\u201cGilmore Girls\u201d), Bradley Whitford (\u201cThe Handmaid\u2019s Tale\u201d) y Tyriq Withers (\u201cHim\u201d) tambi\u00e9n participan.\n    <\/p>\n<p>       <img decoding=\"async\" src=\"https:\/\/www.europesays.com\/es\/wp-content\/uploads\/2026\/01\/project-hail-mary-20260108172622530.jpg\" alt=\"Ryan Gosling en \" project=\"\" hail=\"\" mary=\"\" class=\"image_expandable__dam-img image_expandable__dam-img--loading\" onload=\"this.classList.remove('image_expandable__dam-img--loading')\" onerror=\"imageLoadError(this)\" height=\"573\" width=\"860\" loading=\"lazy\"\/><\/p>\n<p class=\"paragraph inline-placeholder vossi-paragraph\" data-uri=\"es.cms.cnn.com\/_components\/paragraph\/instances\/cmk4a37jy000p356pd3pgnjsu@published\" data-editable=\"text\" data-component-name=\"paragraph\" data-article-gutter=\"true\">\n            Del autor de \u201cThe Martian\u201d, Andy Weir, llega una nueva epopeya de ciencia ficci\u00f3n basada en su novela de 2021 sobre un profesor de ciencias (Ryan Gosling) que despierta en una nave espacial y se encuentra en una situaci\u00f3n incre\u00edble.\n    <\/p>\n<p>       <img decoding=\"async\" src=\"https:\/\/www.europesays.com\/es\/wp-content\/uploads\/2026\/01\/the-drama-movie.jpg\" alt=\"Robert Pattinson y Zendaya en \" the=\"\" drama=\"\" class=\"image__dam-img image__dam-img--loading\" onload=\"this.classList.remove('image__dam-img--loading')\" onerror=\"imageLoadError(this)\" height=\"675\" width=\"1200\" loading=\"lazy\"\/><\/p>\n<p class=\"paragraph inline-placeholder vossi-paragraph\" data-uri=\"es.cms.cnn.com\/_components\/paragraph\/instances\/cmk4a37jz000q356p849aorsi@published\" data-editable=\"text\" data-component-name=\"paragraph\" data-article-gutter=\"true\">\n            Zendaya y Robert Pattinson protagonizan como una pareja a punto de casarse que se enfrenta a grandes dosis del tema titular en esta comedia rom\u00e1ntica diferente.\n    <\/p>\n<p>       <img decoding=\"async\" src=\"https:\/\/www.europesays.com\/es\/wp-content\/uploads\/2026\/01\/super-mario-bros-galaxy.jpg\" alt=\"\" the=\"\" super=\"\" mario=\"\" galaxy=\"\" movie=\"\" class=\"image__dam-img image__dam-img--loading\" onload=\"this.classList.remove('image__dam-img--loading')\" onerror=\"imageLoadError(this)\" height=\"811\" width=\"1442\" loading=\"lazy\"\/><\/p>\n<p class=\"paragraph inline-placeholder vossi-paragraph\" data-uri=\"es.cms.cnn.com\/_components\/paragraph\/instances\/cmk4a37jz000r356ph1tj17ym@published\" data-editable=\"text\" data-component-name=\"paragraph\" data-article-gutter=\"true\">\n            Tras el gran \u00e9xito de la primera pel\u00edcula en 2023, Chris Pratt regresa como Mario para una nueva aventura junto a Anya Taylor-Joy como la Princesa Peach, Charlie Day como Luigi, Jack Black como Bowser y m\u00e1s, incluyendo a Brie Larson como la voz de Rosalina. \u00a1Vamos all\u00e1!\n    <\/p>\n<p>        \u201cYou, Me &amp; Tuscany\u201d (10 de abril)<\/p>\n<p>       <img decoding=\"async\" src=\"https:\/\/www.europesays.com\/es\/wp-content\/uploads\/2026\/01\/you-me-tuscany.jpg\" alt=\"Halle Bailey y Reg\u00e9-Jean Page en \" you=\"\" me=\"\" tuscany=\"\" class=\"image__dam-img image__dam-img--loading\" onload=\"this.classList.remove('image__dam-img--loading')\" onerror=\"imageLoadError(this)\" height=\"720\" width=\"1280\" loading=\"lazy\"\/><\/p>\n<p class=\"paragraph inline-placeholder vossi-paragraph\" data-uri=\"es.cms.cnn.com\/_components\/paragraph\/instances\/cmk4a37jz000s356pm36ow6f2@published\" data-editable=\"text\" data-component-name=\"paragraph\" data-article-gutter=\"true\">\n            Halle Bailey (\u201cThe Little Mermaid\u201d) y Reg\u00e9-Jean Page (\u201cBridgerton\u201d) se unen en esta comedia rom\u00e1ntica de aspecto picante que parece una \u201cUnder the Tuscan Sun\u201d para las nuevas generaciones.\n    <\/p>\n<p>       <img decoding=\"async\" src=\"https:\/\/www.europesays.com\/es\/wp-content\/uploads\/2026\/01\/jaafar-jackson-michael.jpg\" alt=\"Jaafar Jackson como Michael Jackson en \" michael=\"\" class=\"image_expandable__dam-img image_expandable__dam-img--loading\" onload=\"this.classList.remove('image_expandable__dam-img--loading')\" onerror=\"imageLoadError(this)\" height=\"573\" width=\"860\" loading=\"lazy\"\/><\/p>\n<p class=\"paragraph inline-placeholder vossi-paragraph\" data-uri=\"es.cms.cnn.com\/_components\/paragraph\/instances\/cmk4a37jz000t356preyf3m7p@published\" data-editable=\"text\" data-component-name=\"paragraph\" data-article-gutter=\"true\">\n            La biograf\u00eda de Michael Jackson dirigida por Antoine Fuqua (\u201cTraining Day\u201d) narra el ascenso del Rey del Pop y est\u00e1 protagonizada por su sobrino Jaafar Jackson en el papel principal. Esta pel\u00edcula seguramente dar\u00e1 mucho de qu\u00e9 hablar, entre otras cosas porque la producci\u00f3n <a href=\"https:\/\/puck.news\/michael-jackson-movie-imperiled-by-a-dark-secret\/\" target=\"_blank\" rel=\"nofollow noopener\">enfrent\u00f3 un gran obst\u00e1culo<\/a> con el guion que retras\u00f3 su estreno.\n    <\/p>\n<p>       <img decoding=\"async\" src=\"https:\/\/www.europesays.com\/es\/wp-content\/uploads\/2026\/01\/devil-wears-prada-2.jpg\" alt=\"Cartel de \" the=\"\" devil=\"\" wears=\"\" prada=\"\" class=\"image_expandable__dam-img image_expandable__dam-img--loading\" onload=\"this.classList.remove('image_expandable__dam-img--loading')\" onerror=\"imageLoadError(this)\" height=\"1273\" width=\"860\" loading=\"lazy\"\/><\/p>\n<p class=\"paragraph inline-placeholder vossi-paragraph\" data-uri=\"es.cms.cnn.com\/_components\/paragraph\/instances\/cmk4a37jz000u356p1ax9igod@published\" data-editable=\"text\" data-component-name=\"paragraph\" data-article-gutter=\"true\">\n            El tiempo avanza a paso de tortuga para los fans de la pel\u00edcula de 2006 que esperan esta secuela: \u201c<a href=\"https:\/\/cnnespanol.cnn.com\/2025\/08\/01\/entretenimiento\/diablo-viste-prada-2-moda-hollywood-pasado-orix\" rel=\"nofollow noopener\" target=\"_blank\">The Devil Wears Prada 2<\/a>\u201d. El elenco original, incluyendo a Meryl Streep, Anne Hathaway, Emily Blunt y Stanley Tucci, se une a los nuevos miembros Justin Theroux, Kenneth Branagh y Lady Gaga.\n    <\/p>\n<p>        \u201cThe Mandalorian and Grogu\u201d (22 de mayo)<\/p>\n<p>       <img decoding=\"async\" src=\"https:\/\/www.europesays.com\/es\/wp-content\/uploads\/2026\/01\/grogu-00-00-01-28-still001.jpg\" alt=\"\" the=\"\" mandalorian=\"\" and=\"\" grogu=\"\" class=\"image__dam-img image__dam-img--loading\" onload=\"this.classList.remove('image__dam-img--loading')\" onerror=\"imageLoadError(this)\" height=\"1080\" width=\"1920\" loading=\"lazy\"\/><\/p>\n<p class=\"paragraph inline-placeholder vossi-paragraph\" data-uri=\"es.cms.cnn.com\/_components\/paragraph\/instances\/cmk4a37jz000v356pcv6vtqnj@published\" data-editable=\"text\" data-component-name=\"paragraph\" data-article-gutter=\"true\">\n            Esta nueva entrega del universo de Star Wars da la bienvenida a la reina de la ciencia ficci\u00f3n Sigourney Weaver, quien interpreta a una coronel que env\u00eda al mandaloriano Din Djarin (Pedro Pascal) y a Grogu \u2014antes conocido como el Ni\u00f1o o <a href=\"https:\/\/www.cnn.com\/2019\/11\/20\/entertainment\/baby-yoda-jedi-master-disney-trnd\" rel=\"nofollow noopener\" target=\"_blank\">Baby Yoda<\/a>\u2014 a una nueva misi\u00f3n en el Borde Exterior.\n    <\/p>\n<p>       <img decoding=\"async\" src=\"https:\/\/www.europesays.com\/es\/wp-content\/uploads\/2026\/01\/disclosure-day.jpg\" alt=\"Emily Blunt en \" disclosure=\"\" day=\"\" class=\"image_expandable__dam-img image_expandable__dam-img--loading\" onload=\"this.classList.remove('image_expandable__dam-img--loading')\" onerror=\"imageLoadError(this)\" height=\"799\" width=\"1200\" loading=\"lazy\"\/><\/p>\n<p class=\"paragraph inline-placeholder vossi-paragraph\" data-uri=\"es.cms.cnn.com\/_components\/paragraph\/instances\/cmk4a357b000h356p84mjfn5z@published\" data-editable=\"text\" data-component-name=\"paragraph\" data-article-gutter=\"true\">\n            \u00bfUn espect\u00e1culo alien\u00edgena de Steven Spielberg estrenado en verano? \u00a1Que alguien me pellizque! Esta pel\u00edcula, protagonizada por Emily Blunt, es el primer largometraje de Spielberg desde \u201cThe Fabelmans\u201d en 2022 y su primera cinta de ciencia ficci\u00f3n desde \u201cReady Player One\u201d en 2018.\n    <\/p>\n<p>       <img decoding=\"async\" src=\"https:\/\/www.europesays.com\/es\/wp-content\/uploads\/2026\/01\/toy-story-5-20260108175735833.jpg\" alt=\"\" toy=\"\" story=\"\" class=\"image_expandable__dam-img image_expandable__dam-img--loading\" onload=\"this.classList.remove('image_expandable__dam-img--loading')\" onerror=\"imageLoadError(this)\" height=\"746\" width=\"1326\" loading=\"lazy\"\/><\/p>\n<p class=\"paragraph inline-placeholder vossi-paragraph\" data-uri=\"es.cms.cnn.com\/_components\/paragraph\/instances\/cmk4a4i2r0010356pmv9cby0v@published\" data-editable=\"text\" data-component-name=\"paragraph\" data-article-gutter=\"true\">\n            \u00bfRealmente ha terminado la era de los juguetes? Esa es la <a href=\"https:\/\/www.cnn.com\/2025\/11\/11\/entertainment\/toy-story-5-teaser-watch-now\" rel=\"nofollow noopener\" target=\"_blank\">pregunta crucial<\/a> que plantea esta nueva entrega de Pixar, que retoma el conocido dilema de la crianza sobre el tiempo frente a las pantallas, cuando Woody, Buzz y el grupo se encuentran con un nuevo artilugio en la sala de juegos: una tableta.\n    <\/p>\n<p>       <img decoding=\"async\" src=\"https:\/\/www.europesays.com\/es\/wp-content\/uploads\/2026\/01\/milly-alcock-supergirl.jpg\" alt=\"Milly Alcock en \" supergirl=\"\" class=\"image__dam-img image__dam-img--loading\" onload=\"this.classList.remove('image__dam-img--loading')\" onerror=\"imageLoadError(this)\" height=\"900\" width=\"1600\" loading=\"lazy\"\/><\/p>\n<p class=\"paragraph inline-placeholder vossi-paragraph\" data-uri=\"es.cms.cnn.com\/_components\/paragraph\/instances\/cmk4a4i2r0011356pkiqcvro2@published\" data-editable=\"text\" data-component-name=\"paragraph\" data-article-gutter=\"true\">\n            Milly Alcock interpreta a la prima del Hombre de Acero, una indomable renegada intergal\u00e1ctica (y verdadera due\u00f1a de Krypto el Superperro, como se vio en su <a href=\"https:\/\/www.cnn.com\/2025\/07\/11\/entertainment\/cameos-in-superman-bradley-cooper\" rel=\"nofollow noopener\" target=\"_blank\">cameo en \u201cSuperman\u201d<\/a>).\n    <\/p>\n<p>       <img decoding=\"async\" src=\"https:\/\/www.europesays.com\/es\/wp-content\/uploads\/2026\/01\/the-odyssey-2026.jpg\" alt=\"Benny Safdie y Matt Damon en \" the=\"\" odyssey=\"\" class=\"image_expandable__dam-img image_expandable__dam-img--loading\" onload=\"this.classList.remove('image_expandable__dam-img--loading')\" onerror=\"imageLoadError(this)\" height=\"543\" width=\"1300\" loading=\"lazy\"\/><\/p>\n<p class=\"paragraph inline-placeholder vossi-paragraph\" data-uri=\"es.cms.cnn.com\/_components\/paragraph\/instances\/cmk4a4i2r0012356pgv1ecceq@published\" data-editable=\"text\" data-component-name=\"paragraph\" data-article-gutter=\"true\">\n            Dirigida por Christopher Nolan, esta \u00e9pica basada en el monumental poema de Homero es una de las pel\u00edculas m\u00e1s esperadas del a\u00f1o, con un elenco verdaderamente m\u00edtico: Matt Damon, Anne Hathaway, Charlize Theron, Tom Holland, Zendaya, Robert Pattinson, Elliot Page y Lupita Nyong\u2019o.\n    <\/p>\n<p>        \u201cSpider-Man: Brand New Day\u201d (31 de julio)<\/p>\n<p>       <img loading=\"lazy\" decoding=\"async\" src=\"https:\/\/www.europesays.com\/es\/wp-content\/uploads\/2026\/01\/showbiz-67.jpg\" alt=\"Showbiz (67).jpg\" class=\"image__dam-img image__dam-img--loading\" onload=\"this.classList.remove('image__dam-img--loading')\" onerror=\"imageLoadError(this)\" height=\"1080\" width=\"1920\"\/><\/p>\n<p>As\u00ed han cambiado los trajes de Spider-Man en las pel\u00edculas protagonizadas por Tom Holland\n                <\/p>\n<p>As\u00ed han cambiado los trajes de Spider-Man en las pel\u00edculas protagonizadas por Tom Holland<\/p>\n<p>02:01         <\/p>\n<p class=\"paragraph inline-placeholder vossi-paragraph\" data-uri=\"es.cms.cnn.com\/_components\/paragraph\/instances\/cmk4a4i2r0013356pwcl51ttu@published\" data-editable=\"text\" data-component-name=\"paragraph\" data-article-gutter=\"true\">\n            Hablando de Tom Holland y Zendaya, dos semanas despu\u00e9s de embarcarse en su odisea, regresan para una cuarta entrega en la franquicia de Spider-Man de Marvel, que aparentemente prepara el escenario para \u201cDoomsday\u201d, que se estrenar\u00e1 m\u00e1s adelante este a\u00f1o.\n    <\/p>\n<p>       <img decoding=\"async\" src=\"https:\/\/www.europesays.com\/es\/wp-content\/uploads\/2026\/01\/practical-magic.jpg\" alt=\"Sandra Bullock y Nicole Kidman en \" practical=\"\" magic=\"\" de=\"\" regresan=\"\" para=\"\" m=\"\" diversi=\"\" en=\"\" la=\"\" secuela=\"\" este=\"\" a=\"\" class=\"image_expandable__dam-img image_expandable__dam-img--loading\" onload=\"this.classList.remove('image_expandable__dam-img--loading')\" onerror=\"imageLoadError(this)\" height=\"960\" width=\"1440\" loading=\"lazy\"\/><\/p>\n<p class=\"paragraph inline-placeholder vossi-paragraph\" data-uri=\"es.cms.cnn.com\/_components\/paragraph\/instances\/cmk4a4i2r0014356pdwuy685q@published\" data-editable=\"text\" data-component-name=\"paragraph\" data-article-gutter=\"true\">\n            Que contin\u00fae la fiesta de secuelas con esta <a href=\"https:\/\/www.cnn.com\/2025\/05\/07\/entertainment\/practical-magic-2-sandra-bullock-nicole-kidman\" rel=\"nofollow noopener\" target=\"_blank\">actualizaci\u00f3n<\/a> de la querida pel\u00edcula de brujas de 1998, protagonizada por Sandra Bullock y Nicole Kidman como hermanas que abordan sus dones familiares de maneras muy diferentes. Dianne West y Stockard Channing regresan como sus entrometidas t\u00edas Jet y Franny, respectivamente, y se suman Lee Pace y Maisie Williams, de \u201cGame of Thrones\u201d.\n    <\/p>\n<p>       <img decoding=\"async\" src=\"https:\/\/www.europesays.com\/es\/wp-content\/uploads\/2026\/01\/digger-poster.jpg\" alt=\"Cartel de la pel\u00edcula \" digger=\"\" class=\"image_expandable__dam-img image_expandable__dam-img--loading\" onload=\"this.classList.remove('image_expandable__dam-img--loading')\" onerror=\"imageLoadError(this)\" height=\"1274\" width=\"860\" loading=\"lazy\"\/><\/p>\n<p class=\"paragraph inline-placeholder vossi-paragraph\" data-uri=\"es.cms.cnn.com\/_components\/paragraph\/instances\/cmk4a4i2r0015356pu4jdarf2@published\" data-editable=\"text\" data-component-name=\"paragraph\" data-article-gutter=\"true\">\n            Tom Cruise se une al director de \u201cThe Revenant\u201d y \u201cBirdman\u201d, Alejandro Gonz\u00e1lez I\u00f1\u00e1rritu, para esta comedia negra sobre el hombre m\u00e1s poderoso del mundo, que tiene algunos trucos realmente destructivos bajo la manga.\n    <\/p>\n<p>       <img decoding=\"async\" src=\"https:\/\/www.europesays.com\/es\/wp-content\/uploads\/2026\/01\/the-social-network.jpg\" alt=\"Jesse Eisenberg interpret\u00f3 a Mark Zuckerberg en \" the=\"\" social=\"\" network=\"\" de=\"\" jeremy=\"\" strong=\"\" asumir=\"\" el=\"\" papel=\"\" en=\"\" una=\"\" nueva=\"\" pel=\"\" sobre=\"\" zuckerberg=\"\" del=\"\" director=\"\" aaron=\"\" sorkin.=\"\" class=\"image_expandable__dam-img image_expandable__dam-img--loading\" onload=\"this.classList.remove('image_expandable__dam-img--loading')\" onerror=\"imageLoadError(this)\" height=\"618\" width=\"860\" loading=\"lazy\"\/><\/p>\n<p class=\"paragraph inline-placeholder vossi-paragraph\" data-uri=\"es.cms.cnn.com\/_components\/paragraph\/instances\/cmk4a4i2r0016356p4b0odzqq@published\" data-editable=\"text\" data-component-name=\"paragraph\" data-article-gutter=\"true\">\n            Dirigida por Aaron Sorkin \u2014quien escribi\u00f3 y gan\u00f3 un Oscar por el guion de la innovadora \u201cThe Social Network\u201d de David Fincher en 2010\u2014, esta secuela vuelve a analizar la plataforma de redes sociales que ha moldeado a la sociedad, esta vez con Jeremy Strong (\u201cSuccession\u201d, \u201cThe Apprentice\u201d) en el papel de Mark Zuckerberg. Tambi\u00e9n act\u00faa <a href=\"https:\/\/www.cnn.com\/2025\/02\/07\/Tv\/video\/amanpour-mikey-madison-anora\" rel=\"nofollow noopener\" target=\"_blank\">Mikey Madison<\/a>, ganadora del Oscar a mejor actriz el a\u00f1o pasado.\n    <\/p>\n<p>       <img decoding=\"async\" src=\"https:\/\/www.europesays.com\/es\/wp-content\/uploads\/2026\/01\/the-hunger-games-sunrise-on-the-reaping.jpg\" alt=\"Whitney Peak y Joseph Zada en \" the=\"\" hunger=\"\" games:=\"\" sunrise=\"\" on=\"\" reaping=\"\" class=\"image_expandable__dam-img image_expandable__dam-img--loading\" onload=\"this.classList.remove('image_expandable__dam-img--loading')\" onerror=\"imageLoadError(this)\" height=\"1000\" width=\"1500\" loading=\"lazy\"\/><\/p>\n<p class=\"paragraph inline-placeholder vossi-paragraph\" data-uri=\"es.cms.cnn.com\/_components\/paragraph\/instances\/cmk4a4i2r0017356pkhbi03am@published\" data-editable=\"text\" data-component-name=\"paragraph\" data-article-gutter=\"true\">\n            Esta <a href=\"https:\/\/www.cnn.com\/2025\/11\/20\/entertainment\/hunger-games-sunrise-first-look\" rel=\"nofollow noopener\" target=\"_blank\">nueva entrega<\/a> de la franquicia basada en la exitosa serie de libros juveniles de Suzanne Collins vuelve a los or\u00edgenes, esta vez explorando la historia de Haymitch Abernathy. Haymitch, interpretado como adulto de mediana edad en las pel\u00edculas anteriores por Woody Harrelson, ser\u00e1 interpretado en esta precuela por el debutante Joseph Zada. Se espera que Jennifer Lawrence retome (al menos brevemente) su papel de Katniss Everdeen.\n    <\/p>\n<p>       <img decoding=\"async\" src=\"https:\/\/www.europesays.com\/es\/wp-content\/uploads\/2026\/01\/meet-the-parents.jpg\" alt=\"Robert De Niro y Ben Stiller \u2014vistos aqu\u00ed en \" meet=\"\" the=\"\" parents=\"\" de=\"\" regresar=\"\" para=\"\" la=\"\" nueva=\"\" entrega=\"\" franquicia=\"\" in-law=\"\" class=\"image_expandable__dam-img image_expandable__dam-img--loading\" onload=\"this.classList.remove('image_expandable__dam-img--loading')\" onerror=\"imageLoadError(this)\" height=\"560\" width=\"860\" loading=\"lazy\"\/><\/p>\n<p class=\"paragraph inline-placeholder vossi-paragraph\" data-uri=\"es.cms.cnn.com\/_components\/paragraph\/instances\/cmk4a78lo001d356pmgwgtwcx@published\" data-editable=\"text\" data-component-name=\"paragraph\" data-article-gutter=\"true\">\n            Justo a tiempo para el D\u00eda de Acci\u00f3n de Gracias, m\u00e1s situaciones familiares inc\u00f3modas surgir\u00e1n cuando el hijo (Skyler Gisondo) de Greg (Ben Stiller) y Pam Focker (Teri Polo) lleve a casa a su prometida (Ariana Grande) para, bueno, que conozca a los padres.\n    <\/p>\n<p>       <img decoding=\"async\" src=\"https:\/\/www.europesays.com\/es\/wp-content\/uploads\/2026\/01\/violent-night.jpg\" alt=\"David Harbour, a la derecha, en \" violent=\"\" night=\"\" regresar=\"\" para=\"\" la=\"\" secuela.=\"\" class=\"image__dam-img image__dam-img--loading\" onload=\"this.classList.remove('image__dam-img--loading')\" onerror=\"imageLoadError(this)\" height=\"580\" width=\"860\" loading=\"lazy\"\/><\/p>\n<p class=\"paragraph inline-placeholder vossi-paragraph\" data-uri=\"es.cms.cnn.com\/_components\/paragraph\/instances\/cmk4a8ps4001r356pi2pxpbxx@published\" data-editable=\"text\" data-component-name=\"paragraph\" data-article-gutter=\"true\">\n            Santa (David Harbour, actor de \u201cStranger Things\u201d) regresa para m\u00e1s sangrienta diversi\u00f3n navide\u00f1a en \u201cViolent Night 2\u201d, la secuela de la original de 2022.\n    <\/p>\n<p>       <img decoding=\"async\" src=\"https:\/\/www.europesays.com\/es\/wp-content\/uploads\/2026\/01\/avengers-doomsday.jpg\" alt=\"\" avengers:=\"\" doomsday=\"\" class=\"image__dam-img image__dam-img--loading\" onload=\"this.classList.remove('image__dam-img--loading')\" onerror=\"imageLoadError(this)\" height=\"357\" width=\"860\" loading=\"lazy\"\/><\/p>\n<p class=\"paragraph inline-placeholder vossi-paragraph\" data-uri=\"es.cms.cnn.com\/_components\/paragraph\/instances\/cmk4a8ps4001s356pp2d277qv@published\" data-editable=\"text\" data-component-name=\"paragraph\" data-article-gutter=\"true\">\n            Si el <a href=\"https:\/\/www.cnn.com\/2025\/03\/26\/entertainment\/avengers-doomsday-cast-chris-hemsworth-paul-rudd\" rel=\"nofollow noopener\" target=\"_blank\">elenco repleto de estrellas<\/a> de este cruce del MCU entre los X-Men y los Avengers no parec\u00eda lo suficientemente impresionante, <a href=\"https:\/\/variety.com\/2025\/film\/news\/chris-evans-avengers-doomsday-teaser-captain-america-1236609054\/\" target=\"_blank\" rel=\"nofollow noopener\">Disney revel\u00f3 recientemente<\/a> en un nuevo avance que la pel\u00edcula tambi\u00e9n contar\u00e1 con el regreso de Chris Evans como el Capit\u00e1n Am\u00e9rica.\n    <\/p>\n<p>       <img decoding=\"async\" src=\"https:\/\/www.europesays.com\/es\/wp-content\/uploads\/2026\/01\/dune-part-two.jpg\" alt=\"Timoth\u00e9e Chalamet en \" dune:=\"\" part=\"\" two=\"\" class=\"image_expandable__dam-img image_expandable__dam-img--loading\" onload=\"this.classList.remove('image_expandable__dam-img--loading')\" onerror=\"imageLoadError(this)\" height=\"573\" width=\"860\" loading=\"lazy\"\/><\/p>\n<p class=\"paragraph inline-placeholder vossi-paragraph\" data-uri=\"es.cms.cnn.com\/_components\/paragraph\/instances\/cmk4a8ps4001t356p7ubpkud0@published\" data-editable=\"text\" data-component-name=\"paragraph\" data-article-gutter=\"true\">\n            Timoth\u00e9e Chalamet y Zendaya (quien est\u00e1 especialmente ocupada este a\u00f1o, como se ve arriba) regresan para la siguiente entrega de esta \u00e9pica franquicia de ciencia ficci\u00f3n, dirigida por Denis Villeneuve y basada en la serie de libros de Frank Herbert.\n    <\/p>\n<p class=\"paragraph inline-placeholder vossi-paragraph\" data-uri=\"es.cms.cnn.com\/_components\/paragraph\/instances\/cmk4a8ps4001u356pwiheocez@published\" data-editable=\"text\" data-component-name=\"paragraph\" data-article-gutter=\"true\">\n            Al igual que \u201cNosferatu\u201d de 2024, el director Robert Eggers nos traer\u00e1 un peculiar regalo navide\u00f1o con su nueva versi\u00f3n de la cl\u00e1sica historia del hombre lobo. Tambi\u00e9n act\u00faan Aaron Taylor-Johnson, Willem Dafoe y Lily-Rose Depp, estrella de \u201cNosferatu\u201d.\n    <\/p>\n<p data-uri=\"es.cms.cnn.com\/_components\/editor-note\/instances\/cmk4a6pnh001a356pc23l021h@published\" data-editable=\"text\" data-component-name=\"editor-note\" class=\"editor-note vossi-editor-note inline-placeholder \" data-article-gutter=\"true\">\n    Varios de los t\u00edtulos mencionados anteriormente son producidos o distribuidos por Warner Bros. Pictures, que al igual que CNN, pertenece a Warner Bros. Discovery.<\/p>\n","protected":false},"excerpt":{"rendered":"CNN \u00a0\u2014\u00a0 El siempre amenazado cine est\u00e1 haciendo otro fuerte intento por atraer la asistencia a las salas&hellip;\n","protected":false},"author":2,"featured_media":330318,"comment_status":"","ping_status":"","sticky":false,"template":"","format":"standard","meta":{"footnotes":""},"categories":[169],"tags":[76156,177,76159,146,147,25,24,176,1505,175,753,23,29416,76157,76158,72387,52272],"class_list":{"0":"post-330317","1":"post","2":"type-post","3":"status-publish","4":"format-standard","5":"has-post-thumbnail","7":"category-cine","8":"tag-avengers-doomsdat","9":"tag-cine","10":"tag-dune-part-three","11":"tag-entertainment","12":"tag-entretenimiento","13":"tag-es","14":"tag-espana","15":"tag-film","16":"tag-hollywood","17":"tag-movies","18":"tag-peliculas","19":"tag-spain","20":"tag-spider-man-brand-new-day","21":"tag-super-mario-bros-galaxy","22":"tag-the-mandalorian-and-grogu","23":"tag-the-odyssey","24":"tag-toy-story-5"},"share_on_mastodon":{"url":"https:\/\/pubeurope.com\/@es\/115861622168587652","error":""},"_links":{"self":[{"href":"https:\/\/www.europesays.com\/es\/wp-json\/wp\/v2\/posts\/330317","targetHints":{"allow":["GET"]}}],"collection":[{"href":"https:\/\/www.europesays.com\/es\/wp-json\/wp\/v2\/posts"}],"about":[{"href":"https:\/\/www.europesays.com\/es\/wp-json\/wp\/v2\/types\/post"}],"author":[{"embeddable":true,"href":"https:\/\/www.europesays.com\/es\/wp-json\/wp\/v2\/users\/2"}],"replies":[{"embeddable":true,"href":"https:\/\/www.europesays.com\/es\/wp-json\/wp\/v2\/comments?post=330317"}],"version-history":[{"count":0,"href":"https:\/\/www.europesays.com\/es\/wp-json\/wp\/v2\/posts\/330317\/revisions"}],"wp:featuredmedia":[{"embeddable":true,"href":"https:\/\/www.europesays.com\/es\/wp-json\/wp\/v2\/media\/330318"}],"wp:attachment":[{"href":"https:\/\/www.europesays.com\/es\/wp-json\/wp\/v2\/media?parent=330317"}],"wp:term":[{"taxonomy":"category","embeddable":true,"href":"https:\/\/www.europesays.com\/es\/wp-json\/wp\/v2\/categories?post=330317"},{"taxonomy":"post_tag","embeddable":true,"href":"https:\/\/www.europesays.com\/es\/wp-json\/wp\/v2\/tags?post=330317"}],"curies":[{"name":"wp","href":"https:\/\/api.w.org\/{rel}","templated":true}]}}