{"id":330327,"date":"2026-01-08T21:37:08","date_gmt":"2026-01-08T21:37:08","guid":{"rendered":"https:\/\/www.europesays.com\/es\/330327\/"},"modified":"2026-01-08T21:37:08","modified_gmt":"2026-01-08T21:37:08","slug":"moeve-y-galp-negocian-fusionar-sus-gasolineras-y-refinerias-para-desafiar-la-hegemonia-de-repsol-la-voz-de-galicia","status":"publish","type":"post","link":"https:\/\/www.europesays.com\/es\/330327\/","title":{"rendered":"Moeve y Galp negocian fusionar sus gasolineras y refiner\u00edas para desafiar la hegemon\u00eda de Repsol &#8211; La Voz de Galicia"},"content":{"rendered":"<ol>\n<li><a href=\"https:\/\/news.google.com\/rss\/articles\/CBMi6wFBVV95cUxNUUdxRmNYWGRReGR3UkM3Mm9BMmNDaUFFWmpvMENNMkxGTzZqWEJibEJDY1RHbkp2OEhJYXdzY2QtS01yZTVlTWJ2ai02QktGcHd6TTF5dWktdUw2VUFTUXpYM0xSaFRVNl9sXzNyQ2FLS0Yyc01pUVNXVjcwSFhWNGxlRTRpN2RYSHNwWnlOVEx2Q0FNV0ZLN3JUMnJoaFlBaUFwM0RESElWZTNNMmdNLVM1eVo1Sk1yQV85eGsxSjlZVllxdnZGalBQZ3VQZFhhYUwxSHFzUUJUR3ZNZElWOGhDejJSTGpCWlpn0gGHAkFVX3lxTE5YdUNkUHJqc1F0M3ZnZnVJQmVjZVhFMk56bmUtb3ljS2xudDVianlfZWVhd0daWkVpbzM0T1ZqNVd6cUUxUl9rX2hNb1BzSlVtY0Z5VHVFdlBmVjlrR3Vub3l6WjNWY3dDVmRtUTdseEpycjJRMVBHOXFBQ0I5bkFBRENaSUN0VnJYZUJ0d1NpbnJHcUktb2h1VWtkN2xsVFdMMWc3dmVpV3hHSWU4LUZfeUVNUnA5M29RXzcwdk53N2ZlYmN3Nno0ZW1lWmlfTERiUjl0N3h3U1h1XzYwajhTcFA0cExfZ1Rnci0tNUNENWJud3hEcm9Qc21pRDE2SlJvUDJPczdr?oc=5\" target=\"_blank\" rel=\"nofollow noopener\">Moeve y Galp negocian fusionar sus gasolineras y refiner\u00edas para desafiar la hegemon\u00eda de Repsol<\/a>&nbsp;&nbsp;La Voz de Galicia<\/li>\n<li><a href=\"https:\/\/news.google.com\/rss\/articles\/CBMiiAFBVV95cUxPVDlTc2txU0Voa0l4SVliWmw2MDc2LV91cjlidFY1S3ZlWXBLcC1wbTBveUxleGRZeHpUbzZiQ3lOTUJ6a3daVVVwS21BR1ZhT2E1UU9CaGdaWXNzM1d2MVVSMDdYc3VWRUdwMl9iZHFNRHlYRHVDamszYkNFQUlwYkswV1FLYkJ00gGIAUFVX3lxTE0xNVBQZ2ZRQXliel95T05VNlY4SGp3SFc3NXU4TFp5eF9FT3JUZTNVRk5mQVpHS0k1WlpkRFRodFR1VW5RLTk4cjJGUy16QU5kWFJnUnIwNTRCRUlpUjUtWHREUmRQUTVKTWR4OUpXakt1M0JKNkNiSGNUS1A0ZUhXLWZLTU1NUXg?oc=5\" target=\"_blank\" rel=\"nofollow noopener\">Moeve (Cepsa) y la portuguesa Galp negocian la fusi\u00f3n de sus gasolineras y refiner\u00edas<\/a>&nbsp;&nbsp;El Mundo<\/li>\n<li><a href=\"https:\/\/news.google.com\/rss\/articles\/CBMikwFBVV95cUxPQUFMN3o2bUhmNEtpZ3RiMjlUQ1dtMWxZUmY0cjlyNlp0WURUTVVNX0JFWmgzZnd1dGpBQkxELTBTeGk1NXpXVnU0QWVVcHRCTnRFN2RnbFJxRzlBVVZGNzI5NUVPWUxOTU9jemJKUENza2RSQi1fQjJjQWlwNE5PX3BwTDNsSTd6V0FlWFd4c2VES00?oc=5\" target=\"_blank\" rel=\"nofollow noopener\">Moeve y Galp negocian la integraci\u00f3n de sus negocios downstream para formar dos plataformas l\u00edderes europeas en Energ\u00eda y en Movilidad<\/a>&nbsp;&nbsp;Moeve Global<\/li>\n<li><a href=\"https:\/\/news.google.com\/rss\/articles\/CBMiiwFBVV95cUxPQW5HODdYbXFMLVdMenptUGwxcF8xLUhrQTJZMndQVm9HdWVqSFdaUmx4b3cyUktrX2VXUkdxdmNhb1lVRWdqV0JCS0szS1g2eXpUb0Fnd18xaGFGMTc4NUtleTU0Y3IyV2dMajd3Zk1xR1RRRVVjRnh6TGNNMDU4amhrdWcwR1dVbFJZ0gGLAUFVX3lxTE90MkptaW9odkFZRGx1MXBGdmNfOWxnMG1XMURaUkxka25MT0NsV3d5cHkwemhDLU8tSmVIU2RGX3J4REUxcFlwM1NzVFoxSlhEY2ljZXp3elpRVG90dDItWHVhaG5QT0paTHAxRTFoVG1BNC01WkNhd0syZmlJTXgtOFJIMjk2bDhGRUk?oc=5\" target=\"_blank\" rel=\"nofollow noopener\">Moeve y Galp fusionan gasolineras y refiner\u00edas y desaf\u00edan a Repsol como primera petrolera ib\u00e9rica<\/a>&nbsp;&nbsp;Expansi\u00f3n<\/li>\n<li><a href=\"https:\/\/news.google.com\/rss\/articles\/CBMiigJBVV95cUxQa3Qzd3o4ZkwwYXZNMzlmSE5LX0JESTJGcFVGbUlKbnFSRkt4X1k5NXRSX0p4bmNDSFpjb0VJa0h3UER4dGR6amZsanNOUURwdnpERlJLVFJCbmx4a2RJcDhBTUpqX3FDX0txZEI3Uk12WU4tOWh2cS1zUXdWelpiV0FpVlRrTzNFZUFscEJmQTQ5cjBJU0FtcDFZT1FzaTdwT0xFU1ZQSEpzaUl4VFpyZTJJTkFqblpGcmtBclRBT1BpaU0tUDFKRmFOc2ZkR1NoSE5VRHpqSE1ZWWdlbU1mWFd6eW4tb082NGt4TklTQkx0M2k4MkRrajIyREhkYkdVNTZTSy1mRmxmUdIBngJBVV95cUxQd19pOGEtSF9IVWkyVU9QLVAwb3NfczRyWTJuNFRYRnpsaDkwSEVOT0Vtd3ZfT0hJVUduLVoyanh6OHRONklZV01CdS1KbVA4YkVwZENvWUtIRHpUa3pjOWpJdmpOUlg1Z192NHJWMGlYRHdmWkxkb2ZXMzZiT3NmbVN0X3prTTJxQjVrNTIzc1dIM24tQWZENy1EVTRhbFdBZTJnMTl2ZldyZm9XOVNHeHlwbEVoNnRVTHpCS1M5OUdfaFFRd20wSzB2dC1iVkxWQi1sdWpFUTBCVEUtQ29CUlZZNDI0MDFKV3RMalhRR3NJeEpSdGF3aWNyMDF1Ul92dnM5cV92dEI4bXh3dEJ1ZVRCZExnR2dUM0JkanpR?oc=5\" target=\"_blank\" rel=\"nofollow noopener\">Moeve busca aliarse con la mayor empresa energ\u00e9tica de Portugal para crear un gigante petrolero con 3.500 gaso<\/a>&nbsp;&nbsp;Diario AS<\/li>\n<\/ol>\n","protected":false},"excerpt":{"rendered":"Moeve y Galp negocian fusionar sus gasolineras y refiner\u00edas para desafiar la hegemon\u00eda de Repsol&nbsp;&nbsp;La Voz de Galicia&hellip;\n","protected":false},"author":2,"featured_media":330328,"comment_status":"","ping_status":"","sticky":false,"template":"","format":"standard","meta":{"footnotes":""},"categories":[80],"tags":[82,95,94,25,24,76160,1195,1462,13092,23,68339],"class_list":{"0":"post-330327","1":"post","2":"type-post","3":"status-publish","4":"format-standard","5":"has-post-thumbnail","7":"category-economia","8":"tag-business","9":"tag-economia","10":"tag-economy","11":"tag-es","12":"tag-espana","13":"tag-galp","14":"tag-petroleo","15":"tag-portugal","16":"tag-repsol","17":"tag-spain","18":"tag-transicion-energetica"},"share_on_mastodon":{"url":"https:\/\/pubeurope.com\/@es\/115861641289013407","error":""},"_links":{"self":[{"href":"https:\/\/www.europesays.com\/es\/wp-json\/wp\/v2\/posts\/330327","targetHints":{"allow":["GET"]}}],"collection":[{"href":"https:\/\/www.europesays.com\/es\/wp-json\/wp\/v2\/posts"}],"about":[{"href":"https:\/\/www.europesays.com\/es\/wp-json\/wp\/v2\/types\/post"}],"author":[{"embeddable":true,"href":"https:\/\/www.europesays.com\/es\/wp-json\/wp\/v2\/users\/2"}],"replies":[{"embeddable":true,"href":"https:\/\/www.europesays.com\/es\/wp-json\/wp\/v2\/comments?post=330327"}],"version-history":[{"count":0,"href":"https:\/\/www.europesays.com\/es\/wp-json\/wp\/v2\/posts\/330327\/revisions"}],"wp:featuredmedia":[{"embeddable":true,"href":"https:\/\/www.europesays.com\/es\/wp-json\/wp\/v2\/media\/330328"}],"wp:attachment":[{"href":"https:\/\/www.europesays.com\/es\/wp-json\/wp\/v2\/media?parent=330327"}],"wp:term":[{"taxonomy":"category","embeddable":true,"href":"https:\/\/www.europesays.com\/es\/wp-json\/wp\/v2\/categories?post=330327"},{"taxonomy":"post_tag","embeddable":true,"href":"https:\/\/www.europesays.com\/es\/wp-json\/wp\/v2\/tags?post=330327"}],"curies":[{"name":"wp","href":"https:\/\/api.w.org\/{rel}","templated":true}]}}