{"id":330363,"date":"2026-01-08T22:03:12","date_gmt":"2026-01-08T22:03:12","guid":{"rendered":"https:\/\/www.europesays.com\/es\/330363\/"},"modified":"2026-01-08T22:03:12","modified_gmt":"2026-01-08T22:03:12","slug":"cuantos-microplasticos-existen-en-los-principales-rios-catalanes","status":"publish","type":"post","link":"https:\/\/www.europesays.com\/es\/330363\/","title":{"rendered":"\u00bfCu\u00e1ntos micropl\u00e1sticos existen en los principales r\u00edos catalanes?"},"content":{"rendered":"<p>Se han escogido 54 puntos de muestreo en las principales cuencas fluviales catalanas, concretamente en el r\u00edo Llobregat, la cuenca del Ter, Muga, Tordera, Fluvi\u00e0, Bes\u00f2s, Foix, Anoia, Segre y rieras de Rub\u00ed y Bisbal (ver mapa).<\/p>\n<p>Se analizar\u00e1n varios tramos de r\u00edo, el agua que entra y sale de algunas depuradoras, as\u00ed como tramos fluviales con pocas presiones (cabeceras).<\/p>\n<p>En total, se tomar\u00e1n 123 muestras, que se recoger\u00e1n a trav\u00e9s de tres campa\u00f1as de muestreo.<\/p>\n","protected":false},"excerpt":{"rendered":"Se han escogido 54 puntos de muestreo en las principales cuencas fluviales catalanas, concretamente en el r\u00edo Llobregat,&hellip;\n","protected":false},"author":2,"featured_media":330364,"comment_status":"","ping_status":"","sticky":false,"template":"","format":"standard","meta":{"footnotes":""},"categories":[5],"tags":[17,18,25,24,13,14,11,19,20,76188,9,10,15,16,23,12,21,22],"class_list":{"0":"post-330363","1":"post","2":"type-post","3":"status-publish","4":"format-standard","5":"has-post-thumbnail","7":"category-titulares","8":"tag-breaking-news","9":"tag-breakingnews","10":"tag-es","11":"tag-espana","12":"tag-featured-news","13":"tag-featurednews","14":"tag-headlines","15":"tag-latest-news","16":"tag-latestnews","17":"tag-medi-ambient","18":"tag-news","19":"tag-noticias","20":"tag-noticias-destacadas","21":"tag-noticiasdestacadas","22":"tag-spain","23":"tag-titulares","24":"tag-ultimas-noticias","25":"tag-ultimasnoticias"},"share_on_mastodon":{"url":"https:\/\/pubeurope.com\/@es\/115861743399584930","error":""},"_links":{"self":[{"href":"https:\/\/www.europesays.com\/es\/wp-json\/wp\/v2\/posts\/330363","targetHints":{"allow":["GET"]}}],"collection":[{"href":"https:\/\/www.europesays.com\/es\/wp-json\/wp\/v2\/posts"}],"about":[{"href":"https:\/\/www.europesays.com\/es\/wp-json\/wp\/v2\/types\/post"}],"author":[{"embeddable":true,"href":"https:\/\/www.europesays.com\/es\/wp-json\/wp\/v2\/users\/2"}],"replies":[{"embeddable":true,"href":"https:\/\/www.europesays.com\/es\/wp-json\/wp\/v2\/comments?post=330363"}],"version-history":[{"count":0,"href":"https:\/\/www.europesays.com\/es\/wp-json\/wp\/v2\/posts\/330363\/revisions"}],"wp:featuredmedia":[{"embeddable":true,"href":"https:\/\/www.europesays.com\/es\/wp-json\/wp\/v2\/media\/330364"}],"wp:attachment":[{"href":"https:\/\/www.europesays.com\/es\/wp-json\/wp\/v2\/media?parent=330363"}],"wp:term":[{"taxonomy":"category","embeddable":true,"href":"https:\/\/www.europesays.com\/es\/wp-json\/wp\/v2\/categories?post=330363"},{"taxonomy":"post_tag","embeddable":true,"href":"https:\/\/www.europesays.com\/es\/wp-json\/wp\/v2\/tags?post=330363"}],"curies":[{"name":"wp","href":"https:\/\/api.w.org\/{rel}","templated":true}]}}