{"id":330373,"date":"2026-01-08T22:13:11","date_gmt":"2026-01-08T22:13:11","guid":{"rendered":"https:\/\/www.europesays.com\/es\/330373\/"},"modified":"2026-01-08T22:13:11","modified_gmt":"2026-01-08T22:13:11","slug":"mi-madre-siempre-me-inculco-que-no-importaba-que-pasara-siempre-debo-limpiar-e-hidratar-la-piel","status":"publish","type":"post","link":"https:\/\/www.europesays.com\/es\/330373\/","title":{"rendered":"\u201cMi madre siempre me inculc\u00f3 que no importaba qu\u00e9 pasara, siempre debo limpiar e hidratar la piel\u201d"},"content":{"rendered":"<p>La piel de las asi\u00e1ticas es una de las que m\u00e1s envidiamos. Sus rutinas de belleza son minuciosas para lograrlo. Y <a href=\"http:\/\/www.lecturas.com\/belleza\/isabel-preysler-confiesa-todos-detalles-su-rutina-belleza-nunca-me-lavo-cara-agua-grifo-uso-tonico_186027\" rel=\"nofollow noopener\" target=\"_blank\">la limpieza facial<\/a> (generalmente de dos pasos), una de las claves para conseguirlo. Y es que tener el rostro limpio es la primera fase de una buena rutina de cuidado facial. Algo que sabe bien <strong>Demi Moore<\/strong>.<\/p>\n<p>Su autenticidad y la naturalidad con la que afronta el paso de los a\u00f1os son dos de los rasgos que definen a la int\u00e9rprete. Sin embargo, adem\u00e1s de llevar una vida equilibrada, tener<strong> una buena rutina de cuidado facial<\/strong>\u00a0es esencial para conseguirlo. Una pauta que hered\u00f3 de su madre, quien le inculc\u00f3 que siempre deb\u00eda lavarse la cara antes de irse a dormir.<\/p>\n<p><img loading=\"lazy\" decoding=\"async\"   src=\"https:\/\/www.europesays.com\/es\/wp-content\/uploads\/2026\/01\/demi-moore_04f9943e_260108111715_1200x1710.webp.webp\" alt=\"Demi Moore\" class=\"lazyload\" width=\"1200\" height=\"1710\" data-aspectratio=\"1200\/1710\"\/><\/p>\n<p>Demi Moore aprendi\u00f3 de su madre la importancia de lavar la cara antes de irse a dormir.<\/p>\n<p>&#13;GTRES<\/p>\n<p>Y es que cuando nos vamos a la cama\u00a0<strong>nuestra piel se regenera<\/strong>. Por eso es importante cuidarla bien y limpiarla. Demi Moore lo sabe bien. La actriz tiene unos b\u00e1sicos de skincare que la acompa\u00f1an a diario antes de irse a dormir. Te contamos cu\u00e1l es su rutina de cuidado facial nocturna.<\/p>\n<p>La rutina nocturna de cuidado facial de Demi Moore<\/p>\n<p>No importa si nos maquillamos o no, si hemos salido de casa, ido al gimnasio o al trabajo. Antes de irnos a dormir es vital lavarnos la cara. Y hacerlo bien. Eso es algo que tiene claro Demi Moore y as\u00ed lo confes\u00f3 en una entrevista con &#8216;Harper&#8217;s Bazaar&#8217;. \u201c<strong>Mi madre siempre me inculc\u00f3<\/strong> que no importaba qu\u00e9 pasara siempre debes limpiar e hidratar la piel\u201d, explicaba.<\/p>\n<p><img decoding=\"async\" src=\"https:\/\/www.europesays.com\/es\/wp-content\/uploads\/2026\/01\/jesus-calleja_e0a36eed_260108164707_800x800.webp.webp\" alt=\"Jes\u00fas Calleja\" class=\"image lazyload\"\/><img loading=\"lazy\" decoding=\"async\" src=\"https:\/\/www.europesays.com\/es\/wp-content\/uploads\/2026\/01\/jesus-calleja_e0a36eed_260108164713_1280x720.webp.webp\" alt=\"Jes\u00fas Calleja sufre un grave accidente de coche en el Dakar\" class=\"image lazyload\" width=\"1280\" height=\"720\" data-aspectratio=\"1280\/720\"\/><\/p>\n<p>La actriz confes\u00f3 que su piel es muy sensible. Que todos los productos que utiliza deben ser de calidad y sin perfume. Pero, sobre todo, con activos limpiadores. \u00ab<strong>Mi rutina de cuidado facial es, por lo general, menos es m\u00e1s<\/strong>\u00ab, contaba. Eso s\u00ed, para ella, hay algunos instrumentos que no pueden faltar en ella: \u00abCreo que es vital una toallita que remueva el maquillaje\u00bb, recomienda.<\/p>\n<p><img loading=\"lazy\" decoding=\"async\"   src=\"https:\/\/www.europesays.com\/es\/wp-content\/uploads\/2026\/01\/cuidados-pelo-tenido-demi-moore_c7c6a563_260108111800_1200x1800.webp.webp\" alt=\"Cuidados pelo te\u00f1ido demi moore\" class=\"lazyload\" width=\"1200\" height=\"1800\" data-aspectratio=\"1200\/1800\"\/><\/p>\n<p>Demi Moore tiene claro que menos es m\u00e1s a la hora de cuidar su piel.<\/p>\n<p>&#13;Gtresonline<\/p>\n<p>Seamos partidarios o no de la doble limpieza, lavar bien el rostro antes de irnos a dormir es vital para cuidar la piel. Haci\u00e9ndolo, lograremos que <strong>respire y se regenere<\/strong>. Pero, de lo contrario, los poros se obstruir\u00e1n y la calidad de la piel se deteriorar\u00e1. Ni que decir tiene que tambi\u00e9n envejeceremos antes y peor.<\/p>\n<p>\u00bfPor qu\u00e9 es tan importante lavarnos la cara antes de ir a dormir?<\/p>\n<p>Antes de dormir es importante que nos lavemos la cara. No solo para limpiarla y terminar con sus impurezas. Tambi\u00e9n para cuidarla, a corto y largo plazo. Entre sus (muchos) motivos:<\/p>\n<ul>\n<li>El maquillaje y los residuos que se fijan en la piel a lo largo del d\u00eda act\u00faan como<strong> una barrera<\/strong>. Impiden que el cutis respire y que se regenere. Para que lo haga y respire, por tanto, es esencial limpiarla.<\/li>\n<li>Un rostro limpio, adem\u00e1s, es mucho m\u00e1s eficiente.<strong> Absorbe mejor las formulaciones<\/strong> nocturnas, ayuda a que penetren bien en la piel. Con ello, conseguiremos que hagan m\u00e1s efecto y reflejen mejores resultados.<\/li>\n<li>Cuando limpiamos la cara, tambi\u00e9n la purificamos. Terminamos con todas las c\u00e9lulas muertas y <strong>la revitalizamos<\/strong>. Logramos que se vea con un tono m\u00e1s uniforme, m\u00e1s suave, luminosa y radiante.<\/li>\n<\/ul>\n<p><img loading=\"lazy\" decoding=\"async\"   src=\"https:\/\/www.europesays.com\/es\/wp-content\/uploads\/2026\/01\/lavar-la-cara_c7a14acc_260108112012_1200x1200.webp.webp\" alt=\"Lavar la cara\" class=\"lazyload\" width=\"1200\" height=\"1200\" data-aspectratio=\"1200\/1200\"\/><\/p>\n<p>Lavar la cara entes de irnos a dormir es esencial para cuidar la piel y combatir el estr\u00e9s oxidativo.<\/p>\n<p>&#13;Pinterest<\/p>\n<ul>\n<li>Evitamos el riesgo de sufrir<strong> irritaciones, rojeces, brotes de granitos<\/strong>&#8230; Adem\u00e1s, tratamos mejor esas afecciones que ya tenemos en la piel.<\/li>\n<li>Lavando la cara, adem\u00e1s, combatimos el<strong> estr\u00e9s oxidativo<\/strong>. Es decir, evitamos el envejecimiento prematuro de la piel. Con ello, revelaremos un rostro m\u00e1s firme, terso y sin marcas que lo opaquen.<\/li>\n<\/ul>\n<p>Puede que algunos d\u00edas nos de pereza. Que no nos apetezca o que prefiramos irnos a dormir. Sin embargo, sacar unos minutos para realizar nuestra rutina facial es algo que agradeceremos a largo plazo. Tanto por dentro, como por fuera. \u00bfO es que no quieres superar los 60 con el cutis de Demi Moore?<\/p>\n","protected":false},"excerpt":{"rendered":"La piel de las asi\u00e1ticas es una de las que m\u00e1s envidiamos. Sus rutinas de belleza son minuciosas&hellip;\n","protected":false},"author":2,"featured_media":330374,"comment_status":"","ping_status":"","sticky":false,"template":"","format":"standard","meta":{"footnotes":""},"categories":[174],"tags":[255,146,147,25,24,256,23],"class_list":{"0":"post-330373","1":"post","2":"type-post","3":"status-publish","4":"format-standard","5":"has-post-thumbnail","7":"category-famosos","8":"tag-celebrities","9":"tag-entertainment","10":"tag-entretenimiento","11":"tag-es","12":"tag-espana","13":"tag-famosos","14":"tag-spain"},"share_on_mastodon":{"url":"https:\/\/pubeurope.com\/@es\/115861782800555690","error":""},"_links":{"self":[{"href":"https:\/\/www.europesays.com\/es\/wp-json\/wp\/v2\/posts\/330373","targetHints":{"allow":["GET"]}}],"collection":[{"href":"https:\/\/www.europesays.com\/es\/wp-json\/wp\/v2\/posts"}],"about":[{"href":"https:\/\/www.europesays.com\/es\/wp-json\/wp\/v2\/types\/post"}],"author":[{"embeddable":true,"href":"https:\/\/www.europesays.com\/es\/wp-json\/wp\/v2\/users\/2"}],"replies":[{"embeddable":true,"href":"https:\/\/www.europesays.com\/es\/wp-json\/wp\/v2\/comments?post=330373"}],"version-history":[{"count":0,"href":"https:\/\/www.europesays.com\/es\/wp-json\/wp\/v2\/posts\/330373\/revisions"}],"wp:featuredmedia":[{"embeddable":true,"href":"https:\/\/www.europesays.com\/es\/wp-json\/wp\/v2\/media\/330374"}],"wp:attachment":[{"href":"https:\/\/www.europesays.com\/es\/wp-json\/wp\/v2\/media?parent=330373"}],"wp:term":[{"taxonomy":"category","embeddable":true,"href":"https:\/\/www.europesays.com\/es\/wp-json\/wp\/v2\/categories?post=330373"},{"taxonomy":"post_tag","embeddable":true,"href":"https:\/\/www.europesays.com\/es\/wp-json\/wp\/v2\/tags?post=330373"}],"curies":[{"name":"wp","href":"https:\/\/api.w.org\/{rel}","templated":true}]}}