{"id":330390,"date":"2026-01-08T22:24:10","date_gmt":"2026-01-08T22:24:10","guid":{"rendered":"https:\/\/www.europesays.com\/es\/330390\/"},"modified":"2026-01-08T22:24:10","modified_gmt":"2026-01-08T22:24:10","slug":"larguense-de-aqui-jacob-frey-el-alcalde-de-mineapolis-que-le-planta-cara-al-gobierno-de-trump-y-a-ice-tras-la-muerte-a-tiros-de-una-mujer","status":"publish","type":"post","link":"https:\/\/www.europesays.com\/es\/330390\/","title":{"rendered":"\u00ab\u00a1L\u00e1rguense de aqu\u00ed!\u00bb: Jacob Frey, el alcalde de Mine\u00e1polis que le planta cara al gobierno de Trump y a ICE tras la muerte a tiros de una mujer"},"content":{"rendered":"<p><img fetchpriority=\"high\" decoding=\"async\" src=\"https:\/\/www.europesays.com\/es\/wp-content\/uploads\/2026\/01\/5bd63700-ecd5-11f0-9d35-971c224e6291.png.webp.webp\"   alt=\"El alcalde de Mine\u00e1polis, Jacob Frey, habla en una conferencia de prensa para abordar los informes sobre una operaci\u00f3n federal planificada que apunta a inmigrantes somal\u00edes, en su ciudad del estado de Minnesota, EE. UU., el 2 de diciembre de 2025. REUTERS\/Tim Evans\" loading=\"eager\" width=\"1032\" height=\"581\" style=\"aspect-ratio:1032 \/ 581\" class=\"css-1seqhu9\"\/><\/p>\n<p class=\"css-by8ykd\" role=\"text\">Fuente de la imagen, Reuters<\/p>\n<p><strong id=\"article-byline\" aria-hidden=\"true\" class=\"css-2ozlq5\">Informaci\u00f3n del art\u00edculo<\/strong><\/p>\n<ul class=\"css-1dlgp3z\">\n<li class=\"css-1s1df59\">\n<ul role=\"list\" class=\"css-z50d25\">\n<li class=\"css-0\">Autor, Leire Ventas<\/li>\n<li class=\"css-k1irjw\">T\u00edtulo del autor,  Corresponsal de BBC News Mundo en Los \u00c1ngeles<\/li>\n<\/ul>\n<\/li>\n<li>\n<p>39 minutos<\/p>\n<\/li>\n<li>\n<p>Tiempo de lectura: 6 min<\/p>\n<\/li>\n<\/ul>\n<p dir=\"ltr\" class=\"css-s4cjt0 e1yuyadm0\"><b>Fue el primer funcionario electo en rechazar p\u00fablicamente que la muerte de Renee Nicole Good a manos de un agente del Servicio de Inmigraci\u00f3n y Control de Aduanas (ICE) fuera un acto de defensa personal.<\/b><\/p>\n<p dir=\"ltr\" class=\"css-s4cjt0 e1yuyadm0\">\u00abEs basura\u00bb, dijo un enojado Jacob Frey, el alcalde de Mine\u00e1polis, en rueda de prensa ante la versi\u00f3n dada por el gobierno federal sobre el incidente ocurrido el mi\u00e9rcoles y que desde entonces ha generado protestas en esa y otras ciudades de Estados Unidos.<\/p>\n<p dir=\"ltr\" class=\"css-s4cjt0 e1yuyadm0\">En un acto que tach\u00f3 de \u00abterrorismo interno\u00bb, la secretaria del Departamento de Seguridad Nacional, Kristi Noem, explic\u00f3 que los agentes estaban realizando una operaci\u00f3n cuando unos \u00abalborotadores\u00bb comenzaron a bloquearlos.<\/p>\n<p dir=\"ltr\" class=\"css-s4cjt0 e1yuyadm0\">Seg\u00fan Noem, <a href=\"https:\/\/www.bbc.com\/mundo\/articles\/c2lg0421n5vo\" class=\"focusIndicatorReducedWidth css-n8oauk e1h2ur550\" rel=\"nofollow noopener\" target=\"_blank\">la ahora fallecida<\/a> intent\u00f3 \u00abutilizar su veh\u00edculo como arma\u00bb para atropellarlos y uno de los agentes respondi\u00f3 con disparos \u00abpara protegerse a s\u00ed mismo y a las personas que lo rodeaban\u00bb.<\/p>\n<p dir=\"ltr\" class=\"css-s4cjt0 e1yuyadm0\">El alcalde Frey conden\u00f3 el despliegue de m\u00e1s de 2.000 agentes federales en las \u00e1reas metropolitanas de la urbe y la contigua St. Paul, en el norte\u00f1o estado de Minesota, como parte de la m\u00e1s reciente ofensiva migratoria del gobierno de Donald Trump.<\/p>\n<p dir=\"ltr\" class=\"css-s4cjt0 e1yuyadm0\">\u00abLo que est\u00e1n haciendo no es brindar seguridad en Estados Unidos. Est\u00e1n causando caos y desconfianza\u00bb, agreg\u00f3 el pol\u00edtico dem\u00f3crata.<\/p>\n<p dir=\"ltr\" class=\"css-s4cjt0 e1yuyadm0\">Y zanj\u00f3: \u00abICE, \u00a1l\u00e1rgate de una maldita vez!\u00bb, usando lenguaje expl\u00edcito.<\/p>\n<p><img decoding=\"async\" src=\"https:\/\/www.europesays.com\/es\/wp-content\/uploads\/2026\/01\/142fbc60-ecd4-11f0-b5f7-49f0357294ff.jpg.webp.webp\"   alt=\"La gente se manifiesta contra ICE durante una vigilia en honor a una mujer que fue baleada y muri\u00f3 a manos de un oficial de inmigraci\u00f3n m\u00e1s temprano ese d\u00eda en Minneapolis, Minnesota, el 7 de enero de 2026. (Foto de Kerem YUCEL \/ AFP v\u00eda Getty Images)\" loading=\"lazy\" width=\"1024\" height=\"683\" style=\"aspect-ratio:1024 \/ 683\" class=\"css-1seqhu9\"\/><\/p>\n<p class=\"css-by8ykd\" role=\"text\">Fuente de la imagen, AFP v\u00eda Getty Images<\/p>\n<p>Pie de foto, \u00abICE, l\u00e1rgate\u00bb, zanj\u00f3 el alcalde Jacob Frey tras conocerse la muerte de Renee Nicole Good a manos de un agente federal.<\/p>\n<p>Del derecho a la pol\u00edtica<\/p>\n<p dir=\"ltr\" class=\"css-s4cjt0 e1yuyadm0\">Hijo de bailarines profesionales, Frey, de 44 a\u00f1os, naci\u00f3 y creci\u00f3 en el seno de una familia jud\u00eda en Oakton, Virginia, un suburbio de Washington D.C., la capital estadounidense.<\/p>\n<p dir=\"ltr\" class=\"css-s4cjt0 e1yuyadm0\">Estudi\u00f3 Ciencias Pol\u00edticas y Gobierno en la Universidad William y Mary y obtuvo despu\u00e9s la licenciatura en Derecho por la Universidad de Villanova, en Pensilvania.<\/p>\n<p dir=\"ltr\" class=\"css-s4cjt0 e1yuyadm0\">Excorredor profesional, se mud\u00f3 a Mine\u00e1polis tras participar en la Marat\u00f3n de las Twin Cities \u2014como se conoce el \u00e1rea metropolitana formada por Mine\u00e1polis y la contigua St. Paul\u2013 para establecer all\u00ed su hogar permanente, que comparte con su segunda esposa, Sarah Clarke, y dos hijos.<\/p>\n<p dir=\"ltr\" class=\"css-s4cjt0 e1yuyadm0\">Antes de ingresar en pol\u00edtica, Frey hizo carrera en derecho.<\/p>\n<p dir=\"ltr\" class=\"css-s4cjt0 e1yuyadm0\">Seg\u00fan <a href=\"https:\/\/www.linkedin.com\/in\/jacob-frey-049b4934?utm_source=share&amp;utm_campaign=share_via&amp;utm_content=profile&amp;utm_medium=ios_app\" class=\"focusIndicatorReducedWidth css-n8oauk e1h2ur550\" aria-label=\"su perfil de LinkedIn, externo\" rel=\"nofollow noopener\" target=\"_blank\">su perfil de LinkedIn<\/a>, trabaj\u00f3 como abogado en la firma Faegre &amp; Benson LLP de 2009 a 2011 antes de unirse a Halunen &amp; Associates en diciembre de 2011.<\/p>\n<p dir=\"ltr\" class=\"css-s4cjt0 e1yuyadm0\">En ese tiempo tambi\u00e9n estuvo involucrado activamente en la organizaci\u00f3n comunitaria.<\/p>\n<p>Alcalde por tercera vez<\/p>\n<p dir=\"ltr\" class=\"css-s4cjt0 e1yuyadm0\">En 2013 accedi\u00f3 al Concejo Municipal de Mine\u00e1polis, con una plataforma centrada en la vivienda asequible, la reforma policial, la acci\u00f3n clim\u00e1tica y el crecimiento econ\u00f3mico inclusivo.<\/p>\n<p dir=\"ltr\" class=\"css-s4cjt0 e1yuyadm0\">Fue electo alcalde por primera vez en 2018 y le toc\u00f3 gobernar una ciudad sumida en el duelo y las protestas en 2020, tras la muerte de George Floyd a manos de un polic\u00eda, un per\u00edodo en el que el crimen se dispar\u00f3 mientras cientos de agentes se jubilaban o renunciaban.<\/p>\n<p dir=\"ltr\" class=\"css-s4cjt0 e1yuyadm0\">Considerado un dem\u00f3crata moderado, en noviembre del a\u00f1o pasado volvi\u00f3 a hacerse con el cargo para un tercer mandato.<\/p>\n<p dir=\"ltr\" class=\"css-s4cjt0 e1yuyadm0\">Los votantes lo favorecieron por encima del progresista Omar Fateh, un congresista estatal de ascendencia somal\u00ed al que muchos comparaban con el socialista Zohan Mamdani, quien por entonces hac\u00eda campa\u00f1a por la alcald\u00eda de Nueva York.<\/p>\n<p dir=\"ltr\" class=\"css-s4cjt0 e1yuyadm0\">Ambos candidatos hicieron de la seguridad p\u00fablica y la falta de vivienda su bandera, pero Frey critic\u00f3 el apoyo de Fateh a una propuesta fallida de 2021 que buscaba desmantelar el Departamento de Polic\u00eda de Mine\u00e1polis en medio de un debate nacional sobre c\u00f3mo se deber\u00edan asignar los recursos y la financiaci\u00f3n para la seguridad p\u00fablica.<\/p>\n<p><img decoding=\"async\" src=\"https:\/\/www.europesays.com\/es\/wp-content\/uploads\/2026\/01\/6813b7f0-ecd4-11f0-b5f7-49f0357294ff.jpg.webp.webp\"   alt=\"El alcalde de Mine\u00e1polis, Jacob Frey, llega con su esposa Sarah Clarke a una fiesta de la noche electoral el 4 de noviembre de 2025 en Mine\u00e1polis, Minnesota. (Foto de Stephen Maturen\/Getty Images)\" loading=\"lazy\" width=\"1024\" height=\"674\" style=\"aspect-ratio:1024 \/ 674\" class=\"css-1seqhu9\"\/><\/p>\n<p class=\"css-by8ykd\" role=\"text\">Fuente de la imagen, Getty Images<\/p>\n<p>Pie de foto, Jacob Frey est\u00e1 casado en segundas nupcias con Sarah Clarke y tiene dos hijos.<\/p>\n<p dir=\"ltr\" class=\"css-s4cjt0 e1yuyadm0\">Frey se opuso a la medida, pero supervis\u00f3 una amplia reforma de c\u00f3mo se forman los agentes y c\u00f3mo se fiscaliza a los se\u00f1alados por mala conducta.<\/p>\n<p dir=\"ltr\" class=\"css-s4cjt0 e1yuyadm0\">Investigaciones del Departamento de Derechos Humanos de Minesota y del Departamento de Justicia encontraron un patr\u00f3n de pr\u00e1cticas discriminatorias y uso excesivo de la fuerza, lo que dio inicio a la reforma.<\/p>\n<p dir=\"ltr\" class=\"css-s4cjt0 e1yuyadm0\">Otro de los temas pol\u00e9micos de la campa\u00f1a fue el acceso a la vivienda.<\/p>\n<p dir=\"ltr\" class=\"css-s4cjt0 e1yuyadm0\">Frey abog\u00f3 por la tolerancia cero hacia los campamentos de personas sin hogar, afirmando que pueden fomentar la delincuencia y disparar las muertes por sobredosis de drogas.<\/p>\n<p>Contra operativos del ICE<\/p>\n<p dir=\"ltr\" class=\"css-s4cjt0 e1yuyadm0\">Uno de los primeros retos a los que se ha enfrentado desde su victoria en noviembre es el despliegue de agentes federales en la ciudad para realizar redadas contra la inmigraci\u00f3n irregular.<\/p>\n<p dir=\"ltr\" class=\"css-s4cjt0 e1yuyadm0\">A finales de a\u00f1o emiti\u00f3 una orden para prohibir el uso de la propiedad municipal, como por ejemplo los estacionamientos, para operaciones de ese tipo.<\/p>\n<p dir=\"ltr\" class=\"css-s4cjt0 e1yuyadm0\">Tambi\u00e9n asegur\u00f3 que la polic\u00eda local no colaborar\u00eda con las autoridades federales y que no recopilar\u00eda ni compartir\u00eda informaci\u00f3n sobre el estatus migratorio de los residentes en su ciudad.<\/p>\n<p><img decoding=\"async\" src=\"https:\/\/www.europesays.com\/es\/wp-content\/uploads\/2026\/01\/d278a830-ecd4-11f0-a422-4ba8a094a8fa.jpg.webp.webp\"   alt=\"Agentes de ICE se encuentran en la escena donde agentes de ICE dispararon fatalmente a una mujer m\u00e1s temprano en el d\u00eda en Minneapolis, Minnesota, Estados Unidos, el 7 de enero de 2026.  (Foto de Christopher Juhn\/Anadolu v\u00eda Getty Images)\" loading=\"lazy\" width=\"1024\" height=\"683\" style=\"aspect-ratio:1024 \/ 683\" class=\"css-1seqhu9\"\/><\/p>\n<p class=\"css-by8ykd\" role=\"text\">Fuente de la imagen, Anadolu v\u00eda Getty Images<\/p>\n<p>Pie de foto, Frey ha mostrado su rechazo a los operativos del ICE en Mine\u00e1polis desde que el gobierno de Trump decidiera desplegar las fuerzas federales en la ciudad.<\/p>\n<p dir=\"ltr\" class=\"css-s4cjt0 e1yuyadm0\">Pero su perfil ha adquirido prominencia por su reacci\u00f3n ante la muerte de Renee Nicole Good, una ciudadana estadounidense de 37 a\u00f1os, a manos de un agente del ICE el mi\u00e9rcoles.<\/p>\n<p dir=\"ltr\" class=\"css-s4cjt0 e1yuyadm0\">Cuando los periodistas le preguntaron este jueves si ante lo dicho por Noem &#8211; \u00abEl alcalde de Mine\u00e1polis no sabe lo que dice\u00bb&#8211; manten\u00eda el rechazo mostrado la v\u00edspera, Frey reafirm\u00f3 su postura.<\/p>\n<p dir=\"ltr\" class=\"css-s4cjt0 e1yuyadm0\">\u00abTengo dos ojos. Los ciudadanos tambi\u00e9n\u00bb.<\/p>\n<p><img decoding=\"async\" src=\"https:\/\/www.europesays.com\/es\/wp-content\/uploads\/2026\/01\/327246d0-ecd3-11f0-a422-4ba8a094a8fa.jpg.webp.webp\"   alt=\"&quot;&quot;\" loading=\"lazy\" width=\"800\" height=\"100\" style=\"aspect-ratio:800 \/ 100\" class=\"css-1seqhu9\"\/><\/p>\n<p dir=\"ltr\" class=\"css-s4cjt0 e1yuyadm0\"><a href=\"https:\/\/www.bbc.com\/mundo\/send\/u184973209\" class=\"focusIndicatorReducedWidth css-n8oauk e1h2ur550\" rel=\"nofollow noopener\" target=\"_blank\">Suscr\u00edbete aqu\u00ed<\/a> a nuestro nuevo newsletter para recibir cada viernes una selecci\u00f3n de nuestro mejor contenido de la semana.<\/p>\n<p dir=\"ltr\" class=\"css-s4cjt0 e1yuyadm0\">Y recuerda que puedes recibir notificaciones en nuestra app. Descarga la \u00faltima versi\u00f3n y act\u00edvalas.<\/p>\n","protected":false},"excerpt":{"rendered":"Fuente de la imagen, Reuters Informaci\u00f3n del art\u00edculo Autor, Leire Ventas T\u00edtulo del autor, Corresponsal de BBC News&hellip;\n","protected":false},"author":2,"featured_media":330391,"comment_status":"","ping_status":"","sticky":false,"template":"","format":"standard","meta":{"footnotes":""},"categories":[42],"tags":[17,18,13,14,11,61,62,63,64,19,20,9,10,15,16,12,21,22,65,66,67],"class_list":{"0":"post-330390","1":"post","2":"type-post","3":"status-publish","4":"format-standard","5":"has-post-thumbnail","7":"category-internacional","8":"tag-breaking-news","9":"tag-breakingnews","10":"tag-featured-news","11":"tag-featurednews","12":"tag-headlines","13":"tag-internacional","14":"tag-international","15":"tag-international-news","16":"tag-internationalnews","17":"tag-latest-news","18":"tag-latestnews","19":"tag-news","20":"tag-noticias","21":"tag-noticias-destacadas","22":"tag-noticiasdestacadas","23":"tag-titulares","24":"tag-ultimas-noticias","25":"tag-ultimasnoticias","26":"tag-world","27":"tag-world-news","28":"tag-worldnews"},"share_on_mastodon":{"url":"https:\/\/pubeurope.com\/@es\/115861826179260428","error":""},"_links":{"self":[{"href":"https:\/\/www.europesays.com\/es\/wp-json\/wp\/v2\/posts\/330390","targetHints":{"allow":["GET"]}}],"collection":[{"href":"https:\/\/www.europesays.com\/es\/wp-json\/wp\/v2\/posts"}],"about":[{"href":"https:\/\/www.europesays.com\/es\/wp-json\/wp\/v2\/types\/post"}],"author":[{"embeddable":true,"href":"https:\/\/www.europesays.com\/es\/wp-json\/wp\/v2\/users\/2"}],"replies":[{"embeddable":true,"href":"https:\/\/www.europesays.com\/es\/wp-json\/wp\/v2\/comments?post=330390"}],"version-history":[{"count":0,"href":"https:\/\/www.europesays.com\/es\/wp-json\/wp\/v2\/posts\/330390\/revisions"}],"wp:featuredmedia":[{"embeddable":true,"href":"https:\/\/www.europesays.com\/es\/wp-json\/wp\/v2\/media\/330391"}],"wp:attachment":[{"href":"https:\/\/www.europesays.com\/es\/wp-json\/wp\/v2\/media?parent=330390"}],"wp:term":[{"taxonomy":"category","embeddable":true,"href":"https:\/\/www.europesays.com\/es\/wp-json\/wp\/v2\/categories?post=330390"},{"taxonomy":"post_tag","embeddable":true,"href":"https:\/\/www.europesays.com\/es\/wp-json\/wp\/v2\/tags?post=330390"}],"curies":[{"name":"wp","href":"https:\/\/api.w.org\/{rel}","templated":true}]}}