{"id":330411,"date":"2026-01-08T22:46:09","date_gmt":"2026-01-08T22:46:09","guid":{"rendered":"https:\/\/www.europesays.com\/es\/330411\/"},"modified":"2026-01-08T22:46:09","modified_gmt":"2026-01-08T22:46:09","slug":"jefe-tesoro-eeuu-dice-que-rieder-aun-no-ha-sido-entrevistado-para-puesto-presidente-fed-decision-se-tomaria-este-mes","status":"publish","type":"post","link":"https:\/\/www.europesays.com\/es\/330411\/","title":{"rendered":"Jefe Tesoro EEUU dice que Rieder a\u00fan no ha sido entrevistado para puesto presidente Fed; decisi\u00f3n se tomar\u00eda este mes"},"content":{"rendered":"\n<p class=\"yf-vbsvxt\">MINNEAPOLIS, 8 ene (Reuters) &#8211; El jefe de inversiones en bonos de BlackRock, Rick Rieder, a\u00fan no ha sido entrevistado por el presidente de \u200bEstados Unidos, Donald Trump, para ocupar el m\u00e1ximo cargo de la Reserva \u200cFederal, dijo el jueves el secretario del Tesoro, Scott Bessent, quien a\u00f1adi\u00f3 que espera que el nominado \u200csea anunciado a finales de este mes.<\/p>\n<p class=\"yf-vbsvxt\">Rieder est\u00e1 entre los cuatro finalistas que se barajan para suceder al presidente de la Fed, Jerome Powell, cuyo mandato al frente del banco central estadounidense expira en mayo. Los otros finalistas son el asesor econ\u00f3mico de \u2060la Casa Blanca Kevin Hassett, \u200cel gobernador de la Fed Christopher Waller y el exgobernador de la Fed Kevin Warsh. Los otros tres han sido entrevistados \u200dpor Trump.<\/p>\n<p class=\"yf-vbsvxt\">Bessent, en declaraciones al Economic Club of Minnesota, se\u00f1al\u00f3 que Rieder era el \u00fanico candidato sin experiencia previa en la Reserva Federal. Preguntado sobre si eso era una ventaja, dijo: \u00abBueno, \u200bel presidente decidir\u00e1\u00bb.<\/p>\n<p class=\"yf-vbsvxt\">El titular del Tesoro dijo que esperaba que Trump tomara pronto \u200cuna decisi\u00f3n, quiz\u00e1 justo antes de que el presidente se dirija al Foro Econ\u00f3mico Mundial, que se celebra en Davos, Suiza, del 19 al 23 de enero, o justo despu\u00e9s.<\/p>\n<p class=\"yf-vbsvxt\">Bessent, el secretario de Comercio, Howard Lutnick, y el secretario de Energ\u00eda, Chris Wright, son algunos de los altos funcionarios de la Administraci\u00f3n que se unir\u00e1n \u2060a Trump en la reuni\u00f3n anual que atrae \u200ba los principales responsables pol\u00edticos.<\/p>\n<p class=\"yf-vbsvxt\">Trump dijo al New \u200bYork Times en una entrevista publicada el jueves que hab\u00eda tomado una decisi\u00f3n sobre a qui\u00e9n nominar\u00eda para dirigir la Reserva Federal, \u200dpero se abstuvo de \u2060revelar su elecci\u00f3n.<\/p>\n<p class=\"yf-vbsvxt\">\u00abTengo en mi mente una decisi\u00f3n\u00bb, dijo durante la entrevista el mi\u00e9rcoles por la noche. \u00abNo he hablado de ello con nadie\u00bb. Preguntado por Hassett, \u2060su principal asesor econ\u00f3mico, Trump dijo: \u00abNo quiero decirlo\u00bb, pero lo describi\u00f3 como \u00abciertamente una de las personas \u200cque me gustan\u00bb.<\/p>\n<p class=\"yf-vbsvxt\">(Reporte de David Lawder en Minneapolis y Andrea Shalal en \u200cWashington; Edici\u00f3n en Espa\u00f1ol de Manuel Far\u00edas)<\/p>\n","protected":false},"excerpt":{"rendered":"MINNEAPOLIS, 8 ene (Reuters) &#8211; El jefe de inversiones en bonos de BlackRock, Rick Rieder, a\u00fan no ha&hellip;\n","protected":false},"author":2,"featured_media":330412,"comment_status":"","ping_status":"","sticky":false,"template":"","format":"standard","meta":{"footnotes":""},"categories":[80],"tags":[82,76084,352,95,94,25,24,76192,11316,1845,76191,11315,23],"class_list":{"0":"post-330411","1":"post","2":"type-post","3":"status-publish","4":"format-standard","5":"has-post-thumbnail","7":"category-economia","8":"tag-business","9":"tag-chris-wright","10":"tag-donald-trump","11":"tag-economia","12":"tag-economy","13":"tag-es","14":"tag-espana","15":"tag-foro-economico-mundial","16":"tag-howard-lutnick","17":"tag-jerome-powell","18":"tag-rick-rieder","19":"tag-scott-bessent","20":"tag-spain"},"share_on_mastodon":{"url":"https:\/\/pubeurope.com\/@es\/115861912831193201","error":""},"_links":{"self":[{"href":"https:\/\/www.europesays.com\/es\/wp-json\/wp\/v2\/posts\/330411","targetHints":{"allow":["GET"]}}],"collection":[{"href":"https:\/\/www.europesays.com\/es\/wp-json\/wp\/v2\/posts"}],"about":[{"href":"https:\/\/www.europesays.com\/es\/wp-json\/wp\/v2\/types\/post"}],"author":[{"embeddable":true,"href":"https:\/\/www.europesays.com\/es\/wp-json\/wp\/v2\/users\/2"}],"replies":[{"embeddable":true,"href":"https:\/\/www.europesays.com\/es\/wp-json\/wp\/v2\/comments?post=330411"}],"version-history":[{"count":0,"href":"https:\/\/www.europesays.com\/es\/wp-json\/wp\/v2\/posts\/330411\/revisions"}],"wp:featuredmedia":[{"embeddable":true,"href":"https:\/\/www.europesays.com\/es\/wp-json\/wp\/v2\/media\/330412"}],"wp:attachment":[{"href":"https:\/\/www.europesays.com\/es\/wp-json\/wp\/v2\/media?parent=330411"}],"wp:term":[{"taxonomy":"category","embeddable":true,"href":"https:\/\/www.europesays.com\/es\/wp-json\/wp\/v2\/categories?post=330411"},{"taxonomy":"post_tag","embeddable":true,"href":"https:\/\/www.europesays.com\/es\/wp-json\/wp\/v2\/tags?post=330411"}],"curies":[{"name":"wp","href":"https:\/\/api.w.org\/{rel}","templated":true}]}}