{"id":330442,"date":"2026-01-08T23:20:09","date_gmt":"2026-01-08T23:20:09","guid":{"rendered":"https:\/\/www.europesays.com\/es\/330442\/"},"modified":"2026-01-08T23:20:09","modified_gmt":"2026-01-08T23:20:09","slug":"valencia-basket-as-monaco-derrota-taronja-en-un-duelo-de-titanes","status":"publish","type":"post","link":"https:\/\/www.europesays.com\/es\/330442\/","title":{"rendered":"Valencia Basket &#8211; AS Monaco: Derrota taronja en un duelo de titanes"},"content":{"rendered":"<p class=\"ft-text\"><strong>En pie, con aplausos y al grito de \u00a1Valencia, Valencia!. As\u00ed despidi\u00f3 la afici\u00f3n del Valencia Basket a los de Pedro Mart\u00ednez<\/strong>\u00a0tras su derrota (92-101) ante el potente AS M\u00f3naco en el que fue el primer tropiezo con p\u00fablico en el Roig Arena. Un rev\u00e9s ante un rival que iguala a los taronja en lo alto de la clasificaci\u00f3n,\u00a0a la espera de que el Hapoel Tel Aviv dispute su partido de esta jornada, aplazo hasta marzo. Eso s\u00ed, dando la cara hasta el final y sin perder la identidad de un equipo que est\u00e1 enamorando a aficionados y rivales esta temporada.<\/p>\n<p class=\"ft-text\">Josep Puerto e Isaac Nogu\u00e9s volv\u00edan a la convocatoria tras descansar en Belgrado, pero ninguno de ellos sali\u00f3 de inicio en un\u00a0<strong>quinteto formado por Darius Thompson, Omari Moore, Kameron Taylor, Jaime Pradilla y Neal Sako<\/strong>.<\/p>\n<p class=\"ft-text\">Tras un intercambio de canastas entre Taylor y Mike James,\u00a0Darius Thompson asumi\u00f3 el protagonismo anotador\u00a0<strong>con un triple inicial para encadenar siete puntos consecutivos<\/strong>. Diallo y Okobo reduc\u00edan diferencias y, con 9-6 y apenas tres minutos jugados, Pedro Mart\u00ednez hac\u00eda los primeros movimientos cambiando la dupla interior y dando entrada a Reuvers y Braxton Key.<\/p>\n<p class=\"ft-text\">Ambos anotaban los siguientes cinco puntos de los locales, pero<strong>\u00a0la conexi\u00f3n Mike James &#8211; Mirotic empezaba a funcionar y el hispano-montenegrino castigaba el aro taronja desde el 6,75<\/strong>\u00a0en dos ocasiones consecutivas para empatar el partido en la siguiente acci\u00f3n (14-14), ya con 8 puntos en su haber.<\/p>\n<p class=\"ft-text\">El duelo entraba en una fase de intercambio de golpes, con Hayes y James respondiendo a cada canasta de un Valencia Basket que, eso s\u00ed, lograba cerrar el primer cuarto por delante (28-26) con buenas acciones de Badio y Costello y\u00a0<strong>dos triples de Montero y Darius, ya con diez puntos<\/strong>. La superioridad taronja en el rebote compensaba de momento los peores porcentajes de tiro de los locales.<\/p>\n<p>A remolque en el segundo cuarto<\/p>\n<p class=\"ft-text\">La ventaja no le dur\u00f3 demasiado al Valencia Basket, ya que tras un primer intercambio de canastas en la vuelta a la pista, Terry Tarpey volv\u00eda a poner por delante a los visitantes (32-34). Una acci\u00f3n que precedi\u00f3 a otras dos de un Jaron Blossomgame que empezaba a hacer da\u00f1o, antes de que<strong>\u00a0el extaronja Nedovic obligara a Pedro Mart\u00ednez a parar el partido tras un triple que puso un inquietante 34-41<\/strong>.<\/p>\n<p class=\"ft-text\"><strong>Las p\u00e9rdidas pasaban factura a los locales, quienes pese a ello manten\u00edan la fe<\/strong>\u00a0y recortaban diferencias por medio de Badio y Taylor. Un peque\u00f1o bal\u00f3n de ox\u00edgeno que pinchaba Mike James antes del descanso, anotando 8 puntos seguidos para poner el 40-49. El ataque no flu\u00eda y Diallo acab\u00f3 machacando el aro en una transici\u00f3n para llevar de nuevo a Pedro Mart\u00ednez a pedir tiempo, con 40-51.<\/p>\n<p class=\"ft-text\">La diferencia ya no se mover\u00eda antes del descanso, aunque el marcador s\u00ed se actualiz\u00f3 tras\u00a0<strong>dos \u00faltimas canastas de Hayes y Moore (42-53)<\/strong>.<\/p>\n<p>Reacci\u00f3n y fe en la remontada<\/p>\n<p class=\"ft-text\"><strong>El Valencia BC se encontraba con un escenario muy distinto al de los \u00faltimos partidos<\/strong>, obligado a remontar una desventaja de 11 puntos al descanso. Le faltaba acierto en el triple y le sigui\u00f3 costando anotar desde el 6,75 en la vuelta a la pista, aunque Taylor s\u00ed sumaba tres tiros libre para responder a un primer triple de Diallo.<\/p>\n<p class=\"ft-text\">El alero estadounidense con nacionalidad guineana segu\u00eda haciendo da\u00f1o a los taronja en los primeros minutos de la segunda parte y con un nuevo triple pon\u00eda el 51-64.\u00a0<strong>Pradilla, ahora s\u00ed, respond\u00eda desde el 6,75, antes de que Pedro Mart\u00ednez hiciera un cu\u00e1druple cambio<\/strong>\u00a0para dar entrada a Puerto, Costello, Badio y Key, con seis minutos de cuarto a\u00fan por jugar.<\/p>\n<p class=\"ft-text\">Darius sumaba desde el tiro libre, pero\u00a0<strong>un gran Blossomgame y Mirotic con un nuevo triple pon\u00edan el +13 para el M\u00f3naco (56-69)<\/strong>. Montero respond\u00eda con un tiro exterior a un gran Mike James, pero fue un parcial de 6-0 con Pradilla y Taylor el que volvi\u00f3 a encender a un Roig Arena que empezaba a creer en la remontada. Spanoulis no lo ve\u00eda claro y paraba el partido con 67-74. La afici\u00f3n empujaba desde la grada y Moore y Taylor permitieron llegar al \u00faltimo cuarto con todo por decidir (70-76).<\/p>\n<p>\u00daltimo cuarto<\/p>\n<p class=\"ft-text\">Pero cuando se abr\u00edan las esperanzas locales,\u00a0<strong>el extaronja Nedovic echaba un jarro de agua fr\u00eda, con tres triples y 11 puntos consecutivos que pon\u00edan el 72-87 a 7:47 del final<\/strong>. Un golpe que pudo ser definitivo, pero que no dej\u00f3 en la lona a un Valencia BC que da la cara siempre hasta el final y que con triples de Darius, Puerto y Reuvers, reduc\u00eda la diferencia a 82-93 al ecuador del \u00faltimo cuarto.<\/p>\n<p class=\"ft-text\">El p\u00edvot estadounidense, adem\u00e1s, lograba bajar de la barrera de los 10 puntos con\u00a0<strong>un mate a una mano que pudo en pie al Roig Arena<\/strong>, que volv\u00eda a creer con un 84-93 y 4:23 minutos por delante.<\/p>\n<p class=\"ft-text\">Los puntos llegaban, pero\u00a0<strong>un inspirado Hayes castigaba una y otra vez el aro local<\/strong>, complicando la remontada, pese al empuje de un Montero que intentaba el milagro y que puso a los taronja a ocho puntos a 1:26 para el final. Pero fue imposible y el partido acab\u00f3 escap\u00e1ndose hasta llegar al definitivo 92-101, entre aplausos de una afici\u00f3n que reconoce el trabajo de los suyos y el hecho de que volvieran a intentarlo hasta el final. Y sin tiempo de descanso,\u00a0<a href=\"https:\/\/www.valenciabasket.com\/ca\/calendario-masculino?teamId=57&amp;competitionId=&amp;place=\" class=\"ft-link ft-link--decoration\" rel=\"nofollow noopener\" target=\"_blank\">el s\u00e1bado, otro reto de nivel ante el Unicaja en casa<\/a>.<\/p>\n","protected":false},"excerpt":{"rendered":"En pie, con aplausos y al grito de \u00a1Valencia, Valencia!. As\u00ed despidi\u00f3 la afici\u00f3n del Valencia Basket a&hellip;\n","protected":false},"author":2,"featured_media":330443,"comment_status":"","ping_status":"","sticky":false,"template":"","format":"standard","meta":{"footnotes":""},"categories":[269],"tags":[299,298,168,2244,320,25,24,12326,4032,23,167,8134,44334,235,2916,76194],"class_list":{"0":"post-330442","1":"post","2":"type-post","3":"status-publish","4":"format-standard","5":"has-post-thumbnail","7":"category-baloncesto","8":"tag-baloncesto","9":"tag-basketball","10":"tag-deportes","11":"tag-derrota","12":"tag-duelo","13":"tag-es","14":"tag-espana","15":"tag-pedro-martinez","16":"tag-puerto","17":"tag-spain","18":"tag-sports","19":"tag-taronja","20":"tag-titanes","21":"tag-valencia","22":"tag-valencia-basket","23":"tag-valencia-basket-as-monaco"},"share_on_mastodon":{"url":"https:\/\/pubeurope.com\/@es\/115862046237288303","error":""},"_links":{"self":[{"href":"https:\/\/www.europesays.com\/es\/wp-json\/wp\/v2\/posts\/330442","targetHints":{"allow":["GET"]}}],"collection":[{"href":"https:\/\/www.europesays.com\/es\/wp-json\/wp\/v2\/posts"}],"about":[{"href":"https:\/\/www.europesays.com\/es\/wp-json\/wp\/v2\/types\/post"}],"author":[{"embeddable":true,"href":"https:\/\/www.europesays.com\/es\/wp-json\/wp\/v2\/users\/2"}],"replies":[{"embeddable":true,"href":"https:\/\/www.europesays.com\/es\/wp-json\/wp\/v2\/comments?post=330442"}],"version-history":[{"count":0,"href":"https:\/\/www.europesays.com\/es\/wp-json\/wp\/v2\/posts\/330442\/revisions"}],"wp:featuredmedia":[{"embeddable":true,"href":"https:\/\/www.europesays.com\/es\/wp-json\/wp\/v2\/media\/330443"}],"wp:attachment":[{"href":"https:\/\/www.europesays.com\/es\/wp-json\/wp\/v2\/media?parent=330442"}],"wp:term":[{"taxonomy":"category","embeddable":true,"href":"https:\/\/www.europesays.com\/es\/wp-json\/wp\/v2\/categories?post=330442"},{"taxonomy":"post_tag","embeddable":true,"href":"https:\/\/www.europesays.com\/es\/wp-json\/wp\/v2\/tags?post=330442"}],"curies":[{"name":"wp","href":"https:\/\/api.w.org\/{rel}","templated":true}]}}