{"id":330467,"date":"2026-01-08T23:48:09","date_gmt":"2026-01-08T23:48:09","guid":{"rendered":"https:\/\/www.europesays.com\/es\/330467\/"},"modified":"2026-01-08T23:48:09","modified_gmt":"2026-01-08T23:48:09","slug":"la-profunda-respuesta-de-juanes-en-la-revuelta-a-la-pregunta-del-dinero-cuando-lo-buscas-no-llega-20minutos","status":"publish","type":"post","link":"https:\/\/www.europesays.com\/es\/330467\/","title":{"rendered":"La profunda respuesta de Juanes en &#039;La Revuelta&#039; a la pregunta del dinero: &quot;Cuando lo buscas, no llega&quot; &#8211; 20Minutos"},"content":{"rendered":"<ol>\n<li><a href=\"https:\/\/news.google.com\/rss\/articles\/CBMiwgFBVV95cUxOVDZtd3cxcDJfWjl3cHpoY1Z1VW93cUc0elpUZlRRcTlrN1BLa3Y2bktDeVBvMG9LRkt6TFQ1WFBxbVl6SWdDOGpra1FvNW5Sb1BkeXR0c2ItS2RFMG5ySHc5R0dHTy02N2N5UXFMdkFrMzVFOEI0cnczX2V3WFNXd2NsY2pVUkJPLXNuM3o5eWxFQ295YWR5TnQ1SnJIMExqdDhDWWs0UzVINHcxREJWZWtXV2tNNG1aa3BaYlJRSE8ydw?oc=5\" target=\"_blank\" rel=\"nofollow noopener\">La profunda respuesta de Juanes en &#8216;La Revuelta&#8217; a la pregunta del dinero: \u00abCuando lo buscas, no llega\u00bb<\/a>&nbsp;&nbsp;20Minutos<\/li>\n<li><a href=\"https:\/\/news.google.com\/rss\/articles\/CBMizAFBVV95cUxPZkVXcW1QbFRyNXh6YnloYmlaN0UyTXZiOUh3bHVCNkUtNnh0RzRBbDRpTmh0dFZpOE9pSE5aZC1DTEdtWkY3UmNGeXh4OEt2V0FvNWl2bW93VjloMlZQZ01wNEZoTVozZ3Jmd0drZFBkOWhzRVBLb2dxZzBqNHBYREZ4YU5ER2UtSHVVNE5KUHBOck1DMERwbkszd19ITVNPTGp0NXQ0SmFWRUl5UTJjc0lGMlRQYTk2S3cxZmVFczkwV2lZaUl1WEltdHXSAcwBQVVfeXFMTTc1ZWJUbTI0LVhIQkUzYWNEbDJITkUwM2lGYWxJam5hVVhKaW5tdGpVVjQ4Wm0tRjBweG9kN2xLZ1QwRWN0TndlNTFhVngzY01rYUJ4Z19CUUdvbXR0WTRPWEV5QjdJcnMwR3NLbWM3bXhxcVZ5YmVmcS1pT1dHRUQzX3JKQ1A0MDdjZEJCOFJGeE03TXB1VXRfaXo2T2ZIV0l1YUJkcmJRNnVaSzhfWmd4S3AwaTd3VlBjcWowY3BxTkxUTHQ0NUtJeGJD?oc=5\" target=\"_blank\" rel=\"nofollow noopener\">Juanes comparte lo que vivi\u00f3 al consumir setas alucin\u00f3genas: \u00abUn viaje muy profundo hacia lo m\u00e1s puro de mi ser\u00bb<\/a>&nbsp;&nbsp;MARCA<\/li>\n<li><a href=\"https:\/\/news.google.com\/rss\/articles\/CBMiqAFBVV95cUxNaGNKcVVaNjMwb0RVNHYwczlMWl9MYjRIOU1hSFpLbDlmaHpjaEV1b1RRLWpNQ3VQYkdKbXRWQjNTV29wdXV3amxiR3M1NWpodF9xV1NrVmJjN2E1ZnVGRFNxcy01Y0dWWXRWSk1ZX29nM0tTSmJCY01KOFBGcWlYQ0pGbmt6VnpHV05yRTR2UGpqRkdlVHZ1WXFabGJuaW11S3hnMVg3RGY?oc=5\" target=\"_blank\" rel=\"nofollow noopener\">Juanes cuenta en &#8216;La Revuelta&#8217; su experiencia con las setas alucin\u00f3genas: \u00abFue muy bonito\u00bb<\/a>&nbsp;&nbsp;Lecturas<\/li>\n<li><a href=\"https:\/\/news.google.com\/rss\/articles\/CBMitgFBVV95cUxNUGFlQnFjejNyUVVuMHE4WXAtbnJIUEJqU3dSYklVVTlJRFVISlIyQ2plNWR0c2dsZ3h2cE5KZzMwSDNXX2RIN3VYNkdiU2ZXN2t0NllLM1BJb2JnX19SUmtoOVkwUW9yNGl6bEFvd3VNN3oyeWtQSVdWLTM5Z0xZeUJIN2tqTTlfYmQzN0RsY3pHR2hfak02Q1RPZ2ZyUHRGTWdiTTV2dm9ZdTg0SVN5WlcxbHhXd9IBygFBVV95cUxOUVNRQUtwV1d1TGU0S0pOQzg4a2t6RWNHRC1TanVQQVk0U2JibHI1R0VqaHpwTFh5bjUwSl8wZ0E2QndQZHRhcEFmTHlUVXltV3U1cW1rV3g5SGJGQ1lYOGZfdDUxWTdSSmZpbXpOWVR6cUp0SGV3bzJxUXlhMkxjOWNvY1RuQU1sT3h0MnNaLWNyRkxyd3NSaEJVaUJyZWJOWTFIakYyeGRpOVVPZ0tJcVM5U21DRTZuN1FOYktyMFRRanhWU2xZbHpB?oc=5\" target=\"_blank\" rel=\"nofollow noopener\">Juanes revela cu\u00e1ndo y c\u00f3mo fue su \u00faltima experiencia consumiendo drogas psicod\u00e9licas<\/a>&nbsp;&nbsp;LOS40<\/li>\n<li><a href=\"https:\/\/news.google.com\/rss\/articles\/CBMi6AFBVV95cUxPNy1zQV9jWXRoZmt5a2dFNjBiVHkzQUNoR3JoT3NCekg2d0NEaU11b2RyNk50S1VKMUhfQ3dlelFsazJrODF1UlhCUjBhcTJQb3hlckFtazBqOG5UbGY1TG5zb3ZFQmxxZWgzMWtJY2pzRmpRbWI4RVpSYkJsdWUtWVdRZnpvT0VoVDZRX1p1N3JIV25QNThkcW45RWN1Y1JSWlBrX3NQcm1kNXVlMTgzb3YzZ3JHdi05Q1hhQ2k2Q3E0NXZzYk50TUoyVjd6MTQ2OGh4ai1lVHRpYTc2TXFJRWQ1SjZ2T2tQ?oc=5\" target=\"_blank\" rel=\"nofollow noopener\">El cantante Juanes descoloca a Broncano con su ins\u00f3lita respuesta a la pregunta del dinero en &#8216;La Revuelta&#8217;<\/a>&nbsp;&nbsp;El Televisero<\/li>\n<\/ol>\n","protected":false},"excerpt":{"rendered":"La profunda respuesta de Juanes en &#8216;La Revuelta&#8217; a la pregunta del dinero: \u00abCuando lo buscas, no llega\u00bb&nbsp;&nbsp;20Minutos&hellip;\n","protected":false},"author":2,"featured_media":330468,"comment_status":"","ping_status":"","sticky":false,"template":"","format":"standard","meta":{"footnotes":""},"categories":[171],"tags":[9029,146,147,25,24,24799,6870,29956,518,23,214],"class_list":{"0":"post-330467","1":"post","2":"type-post","3":"status-publish","4":"format-standard","5":"has-post-thumbnail","7":"category-tv","8":"tag-david-broncano","9":"tag-entertainment","10":"tag-entretenimiento","11":"tag-es","12":"tag-espana","13":"tag-juanes","14":"tag-la-1","15":"tag-la-revuelta","16":"tag-rtve","17":"tag-spain","18":"tag-tv"},"share_on_mastodon":{"url":"https:\/\/pubeurope.com\/@es\/115862156301704242","error":""},"_links":{"self":[{"href":"https:\/\/www.europesays.com\/es\/wp-json\/wp\/v2\/posts\/330467","targetHints":{"allow":["GET"]}}],"collection":[{"href":"https:\/\/www.europesays.com\/es\/wp-json\/wp\/v2\/posts"}],"about":[{"href":"https:\/\/www.europesays.com\/es\/wp-json\/wp\/v2\/types\/post"}],"author":[{"embeddable":true,"href":"https:\/\/www.europesays.com\/es\/wp-json\/wp\/v2\/users\/2"}],"replies":[{"embeddable":true,"href":"https:\/\/www.europesays.com\/es\/wp-json\/wp\/v2\/comments?post=330467"}],"version-history":[{"count":0,"href":"https:\/\/www.europesays.com\/es\/wp-json\/wp\/v2\/posts\/330467\/revisions"}],"wp:featuredmedia":[{"embeddable":true,"href":"https:\/\/www.europesays.com\/es\/wp-json\/wp\/v2\/media\/330468"}],"wp:attachment":[{"href":"https:\/\/www.europesays.com\/es\/wp-json\/wp\/v2\/media?parent=330467"}],"wp:term":[{"taxonomy":"category","embeddable":true,"href":"https:\/\/www.europesays.com\/es\/wp-json\/wp\/v2\/categories?post=330467"},{"taxonomy":"post_tag","embeddable":true,"href":"https:\/\/www.europesays.com\/es\/wp-json\/wp\/v2\/tags?post=330467"}],"curies":[{"name":"wp","href":"https:\/\/api.w.org\/{rel}","templated":true}]}}