{"id":330471,"date":"2026-01-08T23:54:08","date_gmt":"2026-01-08T23:54:08","guid":{"rendered":"https:\/\/www.europesays.com\/es\/330471\/"},"modified":"2026-01-08T23:54:08","modified_gmt":"2026-01-08T23:54:08","slug":"la-nasa-traera-a-los-astronautas-de-estacion-espacial-internacional-antes-de-lo-previsto-debido-a-un-incidente-medico-ciencia","status":"publish","type":"post","link":"https:\/\/www.europesays.com\/es\/330471\/","title":{"rendered":"La NASA traer\u00e1 a los astronautas de Estaci\u00f3n Espacial Internacional antes de lo previsto debido a un incidente m\u00e9dico | Ciencia"},"content":{"rendered":"<p class=\"\">La NASA, traer\u00e1 de regreso a la Tierra a los astronautas de la Crew-11 que cumpl\u00edan una misi\u00f3n en la <a href=\"https:\/\/elpais.com\/noticias\/iss-estacion-espacial-internacional\/\" target=\"_self\" rel=\"nofollow noopener\" title=\"https:\/\/elpais.com\/noticias\/iss-estacion-espacial-internacional\/\">Estaci\u00f3n Espacial Internacional<\/a> (ISS, en sus siglas en ingl\u00e9s) antes de lo previsto debido a un incidente m\u00e9dico de uno de los tripulantes, seg\u00fan anunci\u00f3 este jueves el nuevo administrador de la agencia espacial estadounidense, el millonario Jared Isaacman. Se trata <a href=\"https:\/\/elpais.com\/ciencia\/2025-11-05\/trump-vuelve-a-designar-a-jared-isaacman-para-liderar-la-nasa-cinco-meses-despues-de-apartarle-por-su-cercania-a-elon-musk.html\" target=\"_self\" rel=\"nofollow noopener\" title=\"https:\/\/elpais.com\/ciencia\/2025-11-05\/trump-vuelve-a-designar-a-jared-isaacman-para-liderar-la-nasa-cinco-meses-despues-de-apartarle-por-su-cercania-a-elon-musk.html\">del primer incidente que gestiona este directivo<\/a>, magnate tecnol\u00f3gico, piloto de acrobacias a\u00e9reas y astronauta comercial, desde que el presidente de Estados Unidos, Donald Trump, lo restituy\u00f3 en el cargo<a href=\"https:\/\/elpais.com\/ciencia\/2025-06-01\/trump-decide-retirar-la-nominacion-de-isaacman-amigo-de-musk-para-dirigir-la-nasa.html\" target=\"_self\" rel=\"nofollow noopener\" title=\"https:\/\/elpais.com\/ciencia\/2025-06-01\/trump-decide-retirar-la-nominacion-de-isaacman-amigo-de-musk-para-dirigir-la-nasa.html\"> tras descartarlo previamente por su amistad con Elon Musk<\/a>.<\/p>\n<p class=\"\">\u201cAyer, 7 de enero, un miembro de la tripulaci\u00f3n a bordo de la estaci\u00f3n sufri\u00f3 una afecci\u00f3n m\u00e9dica y se encuentra estable\u201d, <a href=\"https:\/\/www.nasa.gov\/news-release\/nasa-to-provide-media-with-international-space-station-update-today\/\" target=\"_self\" rel=\"nofollow noopener\" title=\"https:\/\/www.nasa.gov\/news-release\/nasa-to-provide-media-with-international-space-station-update-today\/\">ha manifestado Isaacman durante una conferencia de prensa<\/a>. \u201cTras conversaciones con el director de salud y m\u00e9dico, el doctor JD Poke, y con los l\u00edderes de la agencia, he decidido que lo mejor para nuestros astronautas es que la tripulaci\u00f3n 11 regrese antes de su partida prevista\u201d, ha anunciado. En los pr\u00f3ximos d\u00edas, la nave espacial Dragon Endeavour partir\u00e1 de la ISS para traer a los astronautas de regreso a la Tierra. El regreso de los astronautas de la Crew-11 estaba previsto para marzo de 2026.<\/p>\n<p class=\"\">Antes de que Isaacman confirmase el regreso anticipado de la tripulaci\u00f3n de la Crew-11, la Nasa hab\u00eda anunciado previamente a trav\u00e9s de una conferencia de prensa que pospon\u00eda un paseo espacial en el exterior de la ISS debido a una incidencia m\u00e9dica, que surgi\u00f3 este mi\u00e9rcoles.<\/p>\n<p class=\"\">La agencia ha evitado difundir el nombre del tripulante enfermo por motivos de confidencialidad. El doctor Paul ha reiterado que se encuentra en situaci\u00f3n estable.<\/p>\n<p class=\"\">El comandante de la ISS, Michael Fincke, y la directora de vuelo, Zena Cardman, ten\u00edan previsto salir de la estaci\u00f3n espacial y realizar una caminata espacial de seis horas y media, que se centrar\u00eda en trabajos de mejora de la potencia, seg\u00fan ha informado la agencia.<\/p>\n<p class=\"\">El pasado 1 de agosto, la tripulaci\u00f3n de la Crew-11 despeg\u00f3 del Centro Espacial Kennedy de la NASA en una nave espacial SpaceX Dragon y un cohete Falcon 9 y ten\u00eda prevista una estancia de seis meses, que se cumplir\u00eda la primera semana de febrero.<\/p>\n<p class=\"\">\u201cNuestras tripulaciones est\u00e1n ampliamente capacitadas, para gestionar situaciones m\u00e9dicas inesperadas y otros eventos inusuales, incluyendo el entrenamiento a bordo, que realizamos regularmente para estas situaciones. Ayer fue un ejemplo cl\u00e1sico de ese entrenamiento en acci\u00f3n. Una vez que la situaci\u00f3n en la estaci\u00f3n se estabiliz\u00f3, tras cuidadosas deliberaciones, tomamos la decisi\u00f3n de retornar a la tripulaci\u00f3n 11, garantizando al mismo tiempo un impacto operativo m\u00ednimo en el trabajo en curso a bordo de la ISS\u201d, ha manifestado Amit Kshatriya, administrador asociado de la NASA.<\/p>\n<p class=\"\">Por su parte, el doctor James Polk, director m\u00e9dico y de salud de la NASA, ha explicado: \u201cContamos con un equipo m\u00e9dico muy completo a bordo de la Estaci\u00f3n Espacial Internacional, pero no tenemos la cantidad completa de equipos que tendr\u00eda en urgencias, por ejemplo, para realizar la evaluaci\u00f3n de un paciente. En este incidente en particular, el equipo m\u00e9dico fue suficiente para que nos preocupara el astronauta y quisi\u00e9ramos realizar la evaluaci\u00f3n. Y la mejor manera de realizarla es en tierra, donde contamos con todo el equipo de pruebas m\u00e9dicas. Dado que el astronauta se encuentra completamente estable, esta no es una evacuaci\u00f3n de emergencia. No desembarcamos ni bajamos al astronauta de inmediato, pero queda ese riesgo persistente y la pregunta persistente sobre cu\u00e1l es ese diagn\u00f3stico\u201d.<\/p>\n","protected":false},"excerpt":{"rendered":"La NASA, traer\u00e1 de regreso a la Tierra a los astronautas de la Crew-11 que cumpl\u00edan una misi\u00f3n&hellip;\n","protected":false},"author":2,"featured_media":330472,"comment_status":"","ping_status":"","sticky":false,"template":"","format":"standard","meta":{"footnotes":""},"categories":[81],"tags":[119,123,124,1293,25,21514,21512,24,12337,76195,642,117,121,122,23,118,120],"class_list":{"0":"post-330471","1":"post","2":"type-post","3":"status-publish","4":"format-standard","5":"has-post-thumbnail","7":"category-ciencia-y-tecnologia","8":"tag-ciencia","9":"tag-ciencia-y-tecnologia","10":"tag-cienciaytecnologia","11":"tag-enfermedades","12":"tag-es","13":"tag-espacio-aereo","14":"tag-espacio-exterior","15":"tag-espana","16":"tag-estacion-espacial-internacional","17":"tag-estacion-mir","18":"tag-nasa","19":"tag-science","20":"tag-science-and-technology","21":"tag-scienceandtechnology","22":"tag-spain","23":"tag-technology","24":"tag-tecnologia"},"share_on_mastodon":{"url":"https:\/\/pubeurope.com\/@es\/115862179931170707","error":""},"_links":{"self":[{"href":"https:\/\/www.europesays.com\/es\/wp-json\/wp\/v2\/posts\/330471","targetHints":{"allow":["GET"]}}],"collection":[{"href":"https:\/\/www.europesays.com\/es\/wp-json\/wp\/v2\/posts"}],"about":[{"href":"https:\/\/www.europesays.com\/es\/wp-json\/wp\/v2\/types\/post"}],"author":[{"embeddable":true,"href":"https:\/\/www.europesays.com\/es\/wp-json\/wp\/v2\/users\/2"}],"replies":[{"embeddable":true,"href":"https:\/\/www.europesays.com\/es\/wp-json\/wp\/v2\/comments?post=330471"}],"version-history":[{"count":0,"href":"https:\/\/www.europesays.com\/es\/wp-json\/wp\/v2\/posts\/330471\/revisions"}],"wp:featuredmedia":[{"embeddable":true,"href":"https:\/\/www.europesays.com\/es\/wp-json\/wp\/v2\/media\/330472"}],"wp:attachment":[{"href":"https:\/\/www.europesays.com\/es\/wp-json\/wp\/v2\/media?parent=330471"}],"wp:term":[{"taxonomy":"category","embeddable":true,"href":"https:\/\/www.europesays.com\/es\/wp-json\/wp\/v2\/categories?post=330471"},{"taxonomy":"post_tag","embeddable":true,"href":"https:\/\/www.europesays.com\/es\/wp-json\/wp\/v2\/tags?post=330471"}],"curies":[{"name":"wp","href":"https:\/\/api.w.org\/{rel}","templated":true}]}}