{"id":330475,"date":"2026-01-08T23:56:09","date_gmt":"2026-01-08T23:56:09","guid":{"rendered":"https:\/\/www.europesays.com\/es\/330475\/"},"modified":"2026-01-08T23:56:09","modified_gmt":"2026-01-08T23:56:09","slug":"por-que-trump-escogio-a-delcy-rodriguez-y-no-a-maria-corina-machado-para-gobernar-venezuela-ahora","status":"publish","type":"post","link":"https:\/\/www.europesays.com\/es\/330475\/","title":{"rendered":"Por qu\u00e9 Trump escogi\u00f3 a Delcy Rodr\u00edguez y no a Mar\u00eda Corina Machado para gobernar Venezuela ahora"},"content":{"rendered":"<p><img fetchpriority=\"high\" decoding=\"async\" src=\"https:\/\/www.europesays.com\/es\/wp-content\/uploads\/2026\/01\/e4189170-ec8b-11f0-9eec-7d519643d981.jpg.webp.webp\"   alt=\"Delcy Rodr\u00edguez\" loading=\"eager\" width=\"959\" height=\"540\" style=\"aspect-ratio:959 \/ 540\" class=\"css-1seqhu9\"\/><\/p>\n<p class=\"css-by8ykd\" role=\"text\">Fuente de la imagen, Getty Images<\/p>\n<p><strong id=\"article-byline\" aria-hidden=\"true\" class=\"css-2ozlq5\">Informaci\u00f3n del art\u00edculo<\/strong><\/p>\n<ul class=\"css-1dlgp3z\">\n<li class=\"css-1s1df59\">\n<ul role=\"list\" class=\"css-z50d25\">\n<li class=\"css-0\">Autor, Paul Adams<\/li>\n<li class=\"css-k1irjw\">T\u00edtulo del autor,  Corresponsal diplom\u00e1tico<\/li>\n<\/ul>\n<\/li>\n<li>\n<p>1 hora<\/p>\n<\/li>\n<li>\n<p>Tiempo de lectura: 6 min<\/p>\n<\/li>\n<\/ul>\n<p dir=\"ltr\" class=\"css-s4cjt0 e1yuyadm0\"><b>Entre las muchas preguntas que han surgido desde los dram\u00e1ticos sucesos del fin de semana pasado en Caracas \u2014y son muchas\u2014, una de las m\u00e1s persistentes se centra en la mujer que ahora lidera lo que funcionarios estadounidenses llaman como las \u00abautoridades interinas\u00bb de Venezuela.<\/b><\/p>\n<p dir=\"ltr\" class=\"css-s4cjt0 e1yuyadm0\">\u00bfQu\u00e9 tiene Delcy Rodr\u00edguez, hija de un exguerrillero marxista y lugarteniente del derrocado dictador Nicol\u00e1s Maduro, que llam\u00f3 la atenci\u00f3n de la administraci\u00f3n Trump?<\/p>\n<p dir=\"ltr\" class=\"css-s4cjt0 e1yuyadm0\">\u00bfY por qu\u00e9 Washington opt\u00f3 por una declarada revolucionaria chavista para mantenerla en el poder, en lugar de respaldar a la l\u00edder opositora, Mar\u00eda Corina Machado, cuyo movimiento opositor gan\u00f3 las elecciones presidenciales de 2024, seg\u00fan las pruebas que present\u00f3?<\/p>\n<p dir=\"ltr\" class=\"css-s4cjt0 e1yuyadm0\">La respuesta, seg\u00fan un exembajador de Estados Unidos en Venezuela, es simple.<\/p>\n<p dir=\"ltr\" class=\"css-s4cjt0 e1yuyadm0\">\u00abPriorizaron la estabilidad sobre la democracia\u00bb, se\u00f1ala Charles Shapiro, quien fue embajador de George W. Bush en Caracas entre 2002 y 2004.<\/p>\n<p dir=\"ltr\" class=\"css-s4cjt0 e1yuyadm0\">\u00abMantienen el r\u00e9gimen dictatorial sin el dictador. Los secuaces siguen ah\u00ed\u00bb.<\/p>\n<p dir=\"ltr\" class=\"css-s4cjt0 e1yuyadm0\">\u00abY creo que esto es arriesgad\u00edsimo\u00bb.<\/p>\n<p dir=\"ltr\" class=\"css-s4cjt0 e1yuyadm0\">Pero la alternativa, que implicaba un cambio de r\u00e9gimen radical y respaldar al movimiento opositor de Machado, habr\u00eda implicado otros peligros, como posibles luchas internas entre figuras de la oposici\u00f3n y el distanciamiento de los venezolanos \u2014quiz\u00e1s hasta un 30%\u2014 que votaron por Maduro.<\/p>\n<p><img decoding=\"async\" src=\"https:\/\/www.europesays.com\/es\/wp-content\/uploads\/2026\/01\/66c098c0-ec8c-11f0-b5f7-49f0357294ff.jpg.webp.webp\"   alt=\"Mar\u00eda Corina Machado \" loading=\"lazy\" width=\"800\" height=\"450\" style=\"aspect-ratio:800 \/ 450\" class=\"css-1seqhu9\"\/><\/p>\n<p class=\"css-by8ykd\" role=\"text\">Fuente de la imagen, AFP via Getty Images<\/p>\n<p>Pie de foto, Trump dijo que Machado \u00abno tiene el respeto\u00bb de Venezuela.<\/p>\n<p dir=\"ltr\" class=\"css-s4cjt0 e1yuyadm0\">En su asombrosa conferencia de prensa del s\u00e1bado por la ma\u00f1ana, el presidente Trump sorprendi\u00f3 a muchos observadores al descalificar a la ganadora del Premio Nobel de la Paz, Machado, diciendo que \u00abno tiene el respeto\u00bb de Venezuela, y describiendo a Rodr\u00edguez como \u00abamable\u00bb.<\/p>\n<p dir=\"ltr\" class=\"css-s4cjt0 e1yuyadm0\">\u00abMe sorprendi\u00f3 mucho escuchar la descalificaci\u00f3n de Mar\u00eda Corina Machado por parte del presidente Trump\u00bb, dijo Kevin Whitaker, ex subjefe de misi\u00f3n de la embajada de Estados Unidos en Caracas.<\/p>\n<p dir=\"ltr\" class=\"css-s4cjt0 e1yuyadm0\">\u00abSu movimiento fue elegido por una mayor\u00eda masiva (en las elecciones de 2024)&#8230; As\u00ed que al descalificar a Machado, en efecto, descalific\u00f3 a todo ese movimiento\u00bb.<\/p>\n<p dir=\"ltr\" class=\"css-s4cjt0 e1yuyadm0\">La rapidez y la aparente facilidad con la que Maduro fue destituido y Rodr\u00edguez fue instaurada llev\u00f3 a algunos observadores a especular que la exvicepresidenta podr\u00eda haber participado en el plan.<\/p>\n<p dir=\"ltr\" class=\"css-s4cjt0 e1yuyadm0\">\u00abCreo que es muy revelador que simplemente fu\u00e9ramos por Maduro y la vicepresidenta sobreviviera\u00bb, dijo la ex agente de la CIA Lindsay Moran.<\/p>\n<p dir=\"ltr\" class=\"css-s4cjt0 e1yuyadm0\">\u00abEs obvio que hab\u00eda fuentes en los rangos m\u00e1s altos. Mi primera especulaci\u00f3n fue que esas fuentes de alto rango estaban en la oficina de la vicepresidenta, o incluso en la propia vicepresidenta\u00bb.<\/p>\n<p dir=\"ltr\" class=\"css-s4cjt0 e1yuyadm0\">Pero Phil Gunson, analista senior del International Crisis Group (ICG) que vive en Caracas, afirma que la teor\u00eda de la conspiraci\u00f3n no resiste un escrutinio minucioso, debido al enorme poder que todav\u00eda tienen el ministro de Defensa, el general Vladimir Padrino L\u00f3pez, y el ministro del Interior de l\u00ednea dura, Diosdado Cabello, ambos aliados leales de Maduro.<\/p>\n<p dir=\"ltr\" class=\"css-s4cjt0 e1yuyadm0\">\u00ab\u00bfPor qu\u00e9 traicionar\u00eda a Maduro, qued\u00e1ndose internamente indefensa frente a los que realmente controlan las armas?\u00bb, cuestiona Gunson.<\/p>\n<p dir=\"ltr\" class=\"css-s4cjt0 e1yuyadm0\">M\u00e1s bien, la decisi\u00f3n de respaldar a Rodr\u00edguez se produjo tras las advertencias de que la llegada de Machado al poder podr\u00eda generar peligrosos niveles de inestabilidad.<\/p>\n<p dir=\"ltr\" class=\"css-s4cjt0 e1yuyadm0\">En octubre, un informe del ICG advirti\u00f3 que \u00abWashington deber\u00eda tener cuidado con un cambio de r\u00e9gimen\u00bb.<\/p>\n<p dir=\"ltr\" class=\"css-s4cjt0 e1yuyadm0\">\u00abNo se deben minimizar los riesgos de violencia en cualquier escenario post-Maduro\u00bb, inst\u00f3 el informe, se\u00f1alando que elementos de las fuerzas de seguridad podr\u00edan lanzar una guerra de guerrillas contra las nuevas autoridades.<\/p>\n<p dir=\"ltr\" class=\"css-s4cjt0 e1yuyadm0\">\u00abLe advertimos a la gente de la administraci\u00f3n: esto no va a funcionar\u00bb, se\u00f1ala Gunson. \u00abHabr\u00e1 un caos violento, ser\u00e1 su culpa y la tendr\u00e1n que asumir\u00bb.<\/p>\n<p dir=\"ltr\" class=\"css-s4cjt0 e1yuyadm0\">El 5 de enero, el Wall Street Journal inform\u00f3 sobre la existencia de un an\u00e1lisis clasificado de inteligencia estadounidense que lleg\u00f3 a las mismas conclusiones y determin\u00f3 que miembros del r\u00e9gimen de Maduro, incluyendo a Rodr\u00edguez, estaban en mejor posici\u00f3n para liderar un gobierno temporal.<\/p>\n<p dir=\"ltr\" class=\"css-s4cjt0 e1yuyadm0\">La Casa Blanca no ha hecho comentarios p\u00fablicos sobre el informe, pero dej\u00f3 en claro que planea trabajar con Rodr\u00edguez en el futuro pr\u00f3ximo.<\/p>\n<p dir=\"ltr\" class=\"css-s4cjt0 e1yuyadm0\">\u00abEsto esconde cierto realismo pragm\u00e1tico por parte de la administraci\u00f3n Trump\u00bb, afirma Henry Ziemer, investigador asociado del Programa de las Am\u00e9ricas del Centro de Estudios Estrat\u00e9gicos e Internacionales de Washington.<\/p>\n<p dir=\"ltr\" class=\"css-s4cjt0 e1yuyadm0\">Pero los desaf\u00edos, dice, apenas comienzan.<\/p>\n<p dir=\"ltr\" class=\"css-s4cjt0 e1yuyadm0\">\u00abLa captura de Maduro fue la parte f\u00e1cil. La reconstrucci\u00f3n m\u00e1s amplia de Venezuela, los objetivos petroleros, antidrogas y democr\u00e1ticos\u2026 tomar\u00e1n mucho m\u00e1s tiempo concretarse\u00bb.<\/p>\n<p dir=\"ltr\" class=\"css-s4cjt0 e1yuyadm0\">Por ahora, sin embargo, Rodr\u00edguez parece ser alguien con quien la administraci\u00f3n Trump cree que puede tratar.<\/p>\n<p dir=\"ltr\" class=\"css-s4cjt0 e1yuyadm0\">\u00abHa sido una especie de reformadora econ\u00f3mica\u00bb, afirma Gunson. \u00abElla es consciente de la necesidad de una apertura econ\u00f3mica y no se opone a la idea de traer de vuelta el capital extranjero\u00bb.<\/p>\n<p><img decoding=\"async\" src=\"https:\/\/www.europesays.com\/es\/wp-content\/uploads\/2026\/01\/cced0f70-ec8c-11f0-9eec-7d519643d981.jpg.webp.webp\"   alt=\"Una protesta en julio de 2024 de la oposici\u00f3n reclamando el reconocimiento de los resultados electorales.\" loading=\"lazy\" width=\"794\" height=\"447\" style=\"aspect-ratio:794 \/ 447\" class=\"css-1seqhu9\"\/><\/p>\n<p class=\"css-by8ykd\" role=\"text\">Fuente de la imagen, AFP via Getty Images<\/p>\n<p>Pie de foto, En octubre, un informe del International Crisis Group advirti\u00f3 que \u00abWashington deber\u00eda tener cuidado con un cambio de r\u00e9gimen\u00bb en Venezuela.<\/p>\n<p dir=\"ltr\" class=\"css-s4cjt0 e1yuyadm0\">Ziemer coincide en que a Rodr\u00edguez podr\u00eda no resultarle dif\u00edcil acatar las \u00f3rdenes de Washington en lo que se refiere a dar la bienvenida a las compa\u00f1\u00edas petroleras estadounidenses, ofrecer mayor cooperaci\u00f3n en la lucha contra el narcotr\u00e1fico e incluso reducir las relaciones de Venezuela con Cuba, China y Rusia, especialmente si esto implica el levantamiento gradual de las sanciones estadounidenses.<\/p>\n<p dir=\"ltr\" class=\"css-s4cjt0 e1yuyadm0\">\u00abCreo que puede cumplir con eso\u00bb, se\u00f1ala.<\/p>\n<p dir=\"ltr\" class=\"css-s4cjt0 e1yuyadm0\">\u00abPero si Estados Unidos pide un progreso genuino hacia una transici\u00f3n democr\u00e1tica, eso se vuelve mucho m\u00e1s dif\u00edcil\u00bb.<\/p>\n<p dir=\"ltr\" class=\"css-s4cjt0 e1yuyadm0\">Por el momento, esto no parece estar entre las prioridades de Washington.<\/p>\n<p dir=\"ltr\" class=\"css-s4cjt0 e1yuyadm0\">El 7 de enero, el secretario de Estado, Marco Rubio, habl\u00f3 de un plan de tres etapas para Venezuela, comenzando con la estabilizaci\u00f3n del pa\u00eds y la comercializaci\u00f3n de 30 a 50 millones de barriles de petr\u00f3leo bajo supervisi\u00f3n estadounidense.<\/p>\n<p dir=\"ltr\" class=\"css-s4cjt0 e1yuyadm0\">El plan conducir\u00eda a lo que Rubio llam\u00f3 \u00abun proceso de reconciliaci\u00f3n\u00bb que incluye amnist\u00edas para las fuerzas de la oposici\u00f3n, la liberaci\u00f3n de presos pol\u00edticos y la reconstrucci\u00f3n de la sociedad civil.<\/p>\n<p dir=\"ltr\" class=\"css-s4cjt0 e1yuyadm0\">\u00abLa tercera fase, por supuesto, ser\u00e1 de transici\u00f3n\u00bb, dijo sin dar m\u00e1s detalles.<\/p>\n<p dir=\"ltr\" class=\"css-s4cjt0 e1yuyadm0\">El art\u00edculo 233 de la Constituci\u00f3n venezolana exige nuevas elecciones dentro de los 30 d\u00edas siguientes de que un presidente est\u00e1 \u00abno disponible permanentemente\u00bb, algo que parecer\u00eda aplicarse a una situaci\u00f3n como la de Maduro, que est\u00e1 en una c\u00e1rcel de Nueva York a la espera de juicio.<\/p>\n<p dir=\"ltr\" class=\"css-s4cjt0 e1yuyadm0\">Pero en una entrevista con NBC News el 5 de enero, el presidente Trump afirm\u00f3 que no hab\u00eda elecciones en el horizonte. \u00abPrimero tenemos que arreglar el pa\u00eds\u00bb, dijo. \u00abNo se pueden celebrar elecciones\u00bb.<\/p>\n<p dir=\"ltr\" class=\"css-s4cjt0 e1yuyadm0\">Gunson afirma que la decisi\u00f3n de Washington de no optar por un cambio de r\u00e9gimen a corto plazo podr\u00eda tener sentido, pero la ausencia de una perspectiva a mediano o largo plazo es decepcionante.<\/p>\n<p dir=\"ltr\" class=\"css-s4cjt0 e1yuyadm0\">\u00abPuede que Trump est\u00e9 sacando algo de esto, pero los venezolanos no\u00bb, se\u00f1ala. \u00abEl venezolano com\u00fan est\u00e1 siendo perjudicado como siempre\u00bb.<\/p>\n<p dir=\"ltr\" class=\"css-s4cjt0 e1yuyadm0\">La administraci\u00f3n Trump est\u00e1 promocionando las posibilidades de que las petroleras internacionales reinviertan en la corrupta y moribunda infraestructura petrolera de Venezuela, pero Gunson advierte de que la realidad podr\u00eda ser m\u00e1s compleja.<\/p>\n<p dir=\"ltr\" class=\"css-s4cjt0 e1yuyadm0\">\u00abNadie va a venir aqu\u00ed con las decenas de miles de millones de d\u00f3lares que se requieren para iniciar el proceso de recuperaci\u00f3n si el gobierno es ileg\u00edtimo y no hay Estado de derecho\u00bb, afirma.<\/p>\n<p dir=\"ltr\" class=\"css-s4cjt0 e1yuyadm0\">Cuando el exl\u00edder venezolano Hugo Ch\u00e1vez design\u00f3 a Nicol\u00e1s Maduro como su sucesor, poco antes de su muerte en 2013, la medida se describi\u00f3 como el \u00abdedazo\u00bb de Ch\u00e1vez, un t\u00e9rmino coloquial que significa \u00abse\u00f1alar con el dedo\u00bb una designaci\u00f3n personal que elude el proceso democr\u00e1tico normal.<\/p>\n<p dir=\"ltr\" class=\"css-s4cjt0 e1yuyadm0\">El embajador Shapiro ve un paralelismo con el ascenso al poder de Delcy Rodr\u00edguez.<\/p>\n<p dir=\"ltr\" class=\"css-s4cjt0 e1yuyadm0\">\u00abEste es el dedazo de Trump\u00bb, afirma.<\/p>\n<p><img decoding=\"async\" src=\"https:\/\/www.europesays.com\/es\/wp-content\/uploads\/2026\/01\/36c01ff0-ec8d-11f0-b385-5f48925de19a.png.webp.webp\"   alt=\"line\" loading=\"lazy\" width=\"800\" height=\"100\" style=\"aspect-ratio:800 \/ 100\" class=\"css-1seqhu9\"\/><\/p>\n<p dir=\"ltr\" class=\"css-s4cjt0 e1yuyadm0\"><a href=\"https:\/\/www.bbc.com\/mundo\/send\/u184973209\" class=\"focusIndicatorReducedWidth css-n8oauk e1h2ur550\" rel=\"nofollow noopener\" target=\"_blank\">Suscr\u00edbete aqu\u00ed<\/a> a nuestro nuevo newsletter para recibir cada viernes una selecci\u00f3n de nuestro mejor contenido de la semana.<\/p>\n<p dir=\"ltr\" class=\"css-s4cjt0 e1yuyadm0\">Y recuerda que puedes recibir notificaciones en nuestra app. Descarga la \u00faltima versi\u00f3n y act\u00edvalas.<\/p>\n","protected":false},"excerpt":{"rendered":"Fuente de la imagen, Getty Images Informaci\u00f3n del art\u00edculo Autor, Paul Adams T\u00edtulo del autor, Corresponsal diplom\u00e1tico 1&hellip;\n","protected":false},"author":2,"featured_media":330476,"comment_status":"","ping_status":"","sticky":false,"template":"","format":"standard","meta":{"footnotes":""},"categories":[42],"tags":[17,18,13,14,11,61,62,63,64,19,20,9,10,15,16,12,21,22,65,66,67],"class_list":{"0":"post-330475","1":"post","2":"type-post","3":"status-publish","4":"format-standard","5":"has-post-thumbnail","7":"category-internacional","8":"tag-breaking-news","9":"tag-breakingnews","10":"tag-featured-news","11":"tag-featurednews","12":"tag-headlines","13":"tag-internacional","14":"tag-international","15":"tag-international-news","16":"tag-internationalnews","17":"tag-latest-news","18":"tag-latestnews","19":"tag-news","20":"tag-noticias","21":"tag-noticias-destacadas","22":"tag-noticiasdestacadas","23":"tag-titulares","24":"tag-ultimas-noticias","25":"tag-ultimasnoticias","26":"tag-world","27":"tag-world-news","28":"tag-worldnews"},"share_on_mastodon":{"url":"https:\/\/pubeurope.com\/@es\/115862187863024824","error":""},"_links":{"self":[{"href":"https:\/\/www.europesays.com\/es\/wp-json\/wp\/v2\/posts\/330475","targetHints":{"allow":["GET"]}}],"collection":[{"href":"https:\/\/www.europesays.com\/es\/wp-json\/wp\/v2\/posts"}],"about":[{"href":"https:\/\/www.europesays.com\/es\/wp-json\/wp\/v2\/types\/post"}],"author":[{"embeddable":true,"href":"https:\/\/www.europesays.com\/es\/wp-json\/wp\/v2\/users\/2"}],"replies":[{"embeddable":true,"href":"https:\/\/www.europesays.com\/es\/wp-json\/wp\/v2\/comments?post=330475"}],"version-history":[{"count":0,"href":"https:\/\/www.europesays.com\/es\/wp-json\/wp\/v2\/posts\/330475\/revisions"}],"wp:featuredmedia":[{"embeddable":true,"href":"https:\/\/www.europesays.com\/es\/wp-json\/wp\/v2\/media\/330476"}],"wp:attachment":[{"href":"https:\/\/www.europesays.com\/es\/wp-json\/wp\/v2\/media?parent=330475"}],"wp:term":[{"taxonomy":"category","embeddable":true,"href":"https:\/\/www.europesays.com\/es\/wp-json\/wp\/v2\/categories?post=330475"},{"taxonomy":"post_tag","embeddable":true,"href":"https:\/\/www.europesays.com\/es\/wp-json\/wp\/v2\/tags?post=330475"}],"curies":[{"name":"wp","href":"https:\/\/api.w.org\/{rel}","templated":true}]}}