{"id":330479,"date":"2026-01-08T23:58:09","date_gmt":"2026-01-08T23:58:09","guid":{"rendered":"https:\/\/www.europesays.com\/es\/330479\/"},"modified":"2026-01-08T23:58:09","modified_gmt":"2026-01-08T23:58:09","slug":"le-define-con-una-frase-demoledora","status":"publish","type":"post","link":"https:\/\/www.europesays.com\/es\/330479\/","title":{"rendered":"le define con una frase demoledora"},"content":{"rendered":"<p>El almirante de la Armada retirado, Juan Rodr\u00edguez Garat, ahora habitual analista de defensa en televisi\u00f3n, ha dado un aviso a navegantes sobre lo que puede pasar con todo el <a href=\"https:\/\/www.huffingtonpost.es\/global\/a-trump-le-sale-amigo-peso-groenlandia-que-dice-oposicion-independentista-territorio-f202601.html\" rel=\"nofollow noopener\" target=\"_blank\">l\u00edo de Donald Trump y Groenlandia.<\/a><\/p>\n<p>El mandatario estadounidense ya ha dado un aviso de<a href=\"https:\/\/www.huffingtonpost.es\/global\/diez-cosas-sabias-groenlandia-nuevo-objetivo-donald-trump-f202601.html\" rel=\"nofollow noopener\" target=\"_blank\"> su intenci\u00f3n de comprar la isla<\/a>, que administra Dinamarca. Tras el golpe a Maduro en Venezuela, ahora quiere m\u00e1s en su insaciable ansia por el control. Por su parte, Dinamarca y Groenlandia piden al secretario de Estado de EEUU que concierte una reuni\u00f3n a nivel de ministros de Exteriores.<\/p>\n<p>El almirante Rodr\u00edguez ha intervenido en el programa de TVE, Malas Lenguas, en el que la presentadora Marta Flich le ha preguntado sobre las posibilidades de que esta \u00abcampa\u00f1a, de momento, diplom\u00e1tica\u00bb sobre Groenlandia <b>derive en un posible enfrentamiento armado<\/b> \u00abporque no es un tema de seguridad, EEUU ya tiene base en Groenlandia\u00bb.<\/p>\n<p>No se va a comprar, pero&#8230;<\/p>\n<p>El almirante confirma que no hay enfrentamiento armado alguno, pero s\u00ed hay varias posibilidades, algunas diplom\u00e1ticas. \u00abLa compra de la isla de Groenlandia no va a ser posible, pero <a href=\"https:\/\/www.huffingtonpost.es\/virales\/ramon-espanol-lleva-40nos-viviendo-groenlandia-lo-gente-enfada-f202601.html\" rel=\"nofollow noopener\" target=\"_blank\">s\u00ed es posible que Trump compre las voluntades de los groenlandeses<\/a> que tienen derecho a autodeterminarse\u00bb, ha explicado.<\/p>\n<p>Para \u00e9l, ser\u00eda la \u00fanica soluci\u00f3n viable para que finalmente EEUU se apodere de la isla. La parte militar, sin embargo, <b>no ser\u00eda una guerra ni un \u00abcombate activo\u00bb <\/b>porque, ha asegurado, que \u00abnadie se va a enfrentar a EEUU, es imposible\u00bb.<\/p>\n<p>\u00abYo lo veo m\u00e1s como parte de la administraci\u00f3n americana tratando de apoyar esa posibilidad de comprar las voluntades del pueblo, sin necesidad en absoluto de recorrer a la fuerza\u00bb, ha rematado.<\/p>\n<p>As\u00ed define el almirante a Trump<\/p>\n<p>Gonzalo Mir\u00f3, copresentador, le ha preguntado sobre qu\u00e9 pueden hacer los europeos en toda esta tentativa de Trump y el almirante le ha definido como <b>\u00abun perro que ladra a todo el mundo y solo muerde cuando ve debilidad\u00bb.<\/b><\/p>\n<p>Para Rodr\u00edguez, Europa necesita fundamentalmente \u00abunirse\u00bb. \u00abEvidentemente, a pesar de estar unida,<b> no puede enfrentarse militarme a los EEUU<\/b>, pero puede dejar perfectamente claro que esto ser\u00eda un golpe definitivo para la Alianza Atl\u00e1ntica, que nos ir\u00edamos todos de ah\u00ed y que dejar\u00edamos a EEUU solo frente al mundo\u00bb, ha advertido.<\/p>\n<p>Sin embargo, ha recalcado que es algo que, seguramente, a Trump \u00abno le importe nada, pero al Partido Republicano y a los pol\u00edticos profesionales en Washington s\u00ed que les importar\u00eda\u00bb.<\/p>\n<p>Ha concluido de forma contundente insistiendo que \u00abuna voz fuerte de Europa puede alejar esta amenaza, que<b> ya de por s\u00ed es bastante lejana<\/b>\u00ab.<\/p>\n","protected":false},"excerpt":{"rendered":"El almirante de la Armada retirado, Juan Rodr\u00edguez Garat, ahora habitual analista de defensa en televisi\u00f3n, ha dado&hellip;\n","protected":false},"author":2,"featured_media":330480,"comment_status":"","ping_status":"","sticky":false,"template":"","format":"standard","meta":{"footnotes":""},"categories":[5],"tags":[17,18,2496,352,115,25,24,13,14,29392,11,19,20,9,10,15,16,23,12,21,22],"class_list":{"0":"post-330479","1":"post","2":"type-post","3":"status-publish","4":"format-standard","5":"has-post-thumbnail","7":"category-titulares","8":"tag-breaking-news","9":"tag-breakingnews","10":"tag-dinamarca","11":"tag-donald-trump","12":"tag-eeuu","13":"tag-es","14":"tag-espana","15":"tag-featured-news","16":"tag-featurednews","17":"tag-groenlandia","18":"tag-headlines","19":"tag-latest-news","20":"tag-latestnews","21":"tag-news","22":"tag-noticias","23":"tag-noticias-destacadas","24":"tag-noticiasdestacadas","25":"tag-spain","26":"tag-titulares","27":"tag-ultimas-noticias","28":"tag-ultimasnoticias"},"share_on_mastodon":{"url":"https:\/\/pubeurope.com\/@es\/115862195570795778","error":""},"_links":{"self":[{"href":"https:\/\/www.europesays.com\/es\/wp-json\/wp\/v2\/posts\/330479","targetHints":{"allow":["GET"]}}],"collection":[{"href":"https:\/\/www.europesays.com\/es\/wp-json\/wp\/v2\/posts"}],"about":[{"href":"https:\/\/www.europesays.com\/es\/wp-json\/wp\/v2\/types\/post"}],"author":[{"embeddable":true,"href":"https:\/\/www.europesays.com\/es\/wp-json\/wp\/v2\/users\/2"}],"replies":[{"embeddable":true,"href":"https:\/\/www.europesays.com\/es\/wp-json\/wp\/v2\/comments?post=330479"}],"version-history":[{"count":0,"href":"https:\/\/www.europesays.com\/es\/wp-json\/wp\/v2\/posts\/330479\/revisions"}],"wp:featuredmedia":[{"embeddable":true,"href":"https:\/\/www.europesays.com\/es\/wp-json\/wp\/v2\/media\/330480"}],"wp:attachment":[{"href":"https:\/\/www.europesays.com\/es\/wp-json\/wp\/v2\/media?parent=330479"}],"wp:term":[{"taxonomy":"category","embeddable":true,"href":"https:\/\/www.europesays.com\/es\/wp-json\/wp\/v2\/categories?post=330479"},{"taxonomy":"post_tag","embeddable":true,"href":"https:\/\/www.europesays.com\/es\/wp-json\/wp\/v2\/tags?post=330479"}],"curies":[{"name":"wp","href":"https:\/\/api.w.org\/{rel}","templated":true}]}}