{"id":330483,"date":"2026-01-09T00:06:08","date_gmt":"2026-01-09T00:06:08","guid":{"rendered":"https:\/\/www.europesays.com\/es\/330483\/"},"modified":"2026-01-09T00:06:08","modified_gmt":"2026-01-09T00:06:08","slug":"el-chalon-segundo-rival-del-unicaja-en-el-top-16","status":"publish","type":"post","link":"https:\/\/www.europesays.com\/es\/330483\/","title":{"rendered":"El Chalon, segundo rival del Unicaja en el &#8216;Top 16&#8217;"},"content":{"rendered":"<p>La hoja de ruta del Unicaja cara a la siguiente fase de la Champions se va definiendo, aunque poco a poco. Este jueves conoci\u00f3 a  &#8230; su segundo rival para el &#8216;Top 16&#8217;, el \u00c9lan Chalon, que liquid\u00f3 su &#8216;play-in&#8217; ante el Promitheas Patras en dos partidos, por el camino corto, para ahorrarse un partido y una semana m\u00e1s compitiendo un martes. El cuadro franc\u00e9s se une, de este modo, al Unicaja y al Joventut en el Grupo K, uno de los m\u00e1s complicados en una edici\u00f3n que ha subido considerablemente su nivel con la llegada de equipos procedentes del universo Euroliga y la Eurocup.<\/p>\n<p class=\"v-p\">El \u00faltimo, que ser\u00e9 el que complete el grupo, se decidir\u00e1 el pr\u00f3ximo mi\u00e9rcoles, y ser\u00e1 el ganador del duelo Wurzburg-Levice. El cuadro germano, que perdi\u00f3 el primer encuentro y fue capaz de ganar el segundo en Eslovaquia, recupera el factor cancha cara al envite decisivo y vuelve a ser el favorito de un &#8216;play-in&#8217; que todav\u00eda no se ha decantado hacia ning\u00fan lado.<\/p>\n<p class=\"v-p\">El \u00c9lan Chalon, que es octavo en la Liga de Fracia, regres\u00f3 a la Champions este curso tras seis temporadas sin competir a nivel continental. Su carta de presentaci\u00f3n fue sonada, pues consigui\u00f3 acceder a la fase de grupos del torneo eliminando al UCAM Murcia en la fase previa, que esta campa\u00f1a est\u00e1 mostrando un nivel alt\u00edsimo en la Liga ACB.<\/p>\n<p class=\"v-p\">Resolvi\u00f3 su fase de grupos con un contundente 5-1 en su balance de victorias y derrotas, aunque no pudo acceder al &#8216;Top 16&#8217; por la v\u00eda directa porque se cruz\u00f3, en el camino, con un ALBA Berl\u00edn procedente de la Euroliga que logr\u00f3 el mismo balance, aunque con mejor &#8216;average&#8217;. En la primera fase tambi\u00e9n dio otro golpe en la mesa venciendo en Berl\u00edn, por lo que el Unicaja y el Joventut, los favoritos del grupo, deber\u00e1n andarse con ojo ante este particular matagigantes.<\/p>\n<p class=\"v-p\">El Chalon es el cuarto equipo que m\u00e1s puntos promedia por partido en la BCL, superado \u00fanicamente por el Unicaja (el que m\u00e1s), el Rytas y el ALBA Berl\u00edn. Adem\u00e1s, es el tercero que m\u00e1s balones roba de todo el campeonato. En l\u00edneas generales se ha mostrado a lo largo de la temporada como un equipo bastante coral, aunque con un claro l\u00edder: el &#8216;cuatro&#8217; Lionel Gaudoux, que promedia casi nueve rebotes por partido en la BCL y en el segundo partido de la serie ante el Promitheas consigui\u00f3 un doble-doble, con 18 puntos y 10 rebotes. No obstante, su m\u00e1ximo anotador es Nate Darlng, que promedia 18 puntos y fue el hombre m\u00e1s determinante en el primero de los encuentros del &#8216;play-in&#8217;. La experiencia dice que no ser\u00e1 un rival sencillo para el Unicaja.<\/p>\n","protected":false},"excerpt":{"rendered":"La hoja de ruta del Unicaja cara a la siguiente fase de la Champions se va definiendo, aunque&hellip;\n","protected":false},"author":2,"featured_media":330484,"comment_status":"","ping_status":"","sticky":false,"template":"","format":"standard","meta":{"footnotes":""},"categories":[269],"tags":[299,298,42918,168,25,24,6260,1566,23,167,1720,2246],"class_list":{"0":"post-330483","1":"post","2":"type-post","3":"status-publish","4":"format-standard","5":"has-post-thumbnail","7":"category-baloncesto","8":"tag-baloncesto","9":"tag-basketball","10":"tag-chalon","11":"tag-deportes","12":"tag-es","13":"tag-espana","14":"tag-rival","15":"tag-segundo","16":"tag-spain","17":"tag-sports","18":"tag-top","19":"tag-unicaja"},"share_on_mastodon":{"url":"https:\/\/pubeurope.com\/@es\/115862227106378005","error":""},"_links":{"self":[{"href":"https:\/\/www.europesays.com\/es\/wp-json\/wp\/v2\/posts\/330483","targetHints":{"allow":["GET"]}}],"collection":[{"href":"https:\/\/www.europesays.com\/es\/wp-json\/wp\/v2\/posts"}],"about":[{"href":"https:\/\/www.europesays.com\/es\/wp-json\/wp\/v2\/types\/post"}],"author":[{"embeddable":true,"href":"https:\/\/www.europesays.com\/es\/wp-json\/wp\/v2\/users\/2"}],"replies":[{"embeddable":true,"href":"https:\/\/www.europesays.com\/es\/wp-json\/wp\/v2\/comments?post=330483"}],"version-history":[{"count":0,"href":"https:\/\/www.europesays.com\/es\/wp-json\/wp\/v2\/posts\/330483\/revisions"}],"wp:featuredmedia":[{"embeddable":true,"href":"https:\/\/www.europesays.com\/es\/wp-json\/wp\/v2\/media\/330484"}],"wp:attachment":[{"href":"https:\/\/www.europesays.com\/es\/wp-json\/wp\/v2\/media?parent=330483"}],"wp:term":[{"taxonomy":"category","embeddable":true,"href":"https:\/\/www.europesays.com\/es\/wp-json\/wp\/v2\/categories?post=330483"},{"taxonomy":"post_tag","embeddable":true,"href":"https:\/\/www.europesays.com\/es\/wp-json\/wp\/v2\/tags?post=330483"}],"curies":[{"name":"wp","href":"https:\/\/api.w.org\/{rel}","templated":true}]}}